{"id":100613,"date":"2023-07-30T13:22:05","date_gmt":"2023-07-30T16:22:05","guid":{"rendered":"https:\/\/grandepremio.com\/br\/noticias\/fernando-alonso-celebra-melhora-aston-martin-gp-belgica-carro-foi-mais-normal\/"},"modified":"2023-07-30T13:22:40","modified_gmt":"2023-07-30T16:22:40","slug":"fernando-alonso-celebra-melhora-aston-martin-gp-belgica-carro-foi-mais-normal","status":"publish","type":"post","link":"https:\/\/grandepremio.com\/br\/f1\/fernando-alonso-celebra-melhora-aston-martin-gp-belgica-carro-foi-mais-normal\/","title":{"rendered":"Alonso celebra melhora da Aston Martin no GP da B\u00e9lgica: \u201cCarro foi mais normal\u201d"},"content":{"rendered":"\n<p class=\"wp-block-paragraph\"><strong>Fernando Alonso<\/strong> afirmou que a <strong>Aston Martin <\/strong>teve um \u201ccarro mais normal\u201d no <a href=\"https:\/\/www.grandepremio.com\/br\/f1\/noticias\/max-verstappen-ignora-chove-nao-molha-gp-belgica-vence-8a-seguida-f1-2023\/\" class=\"ek-link\">GP da <strong>B\u00e9lgica<\/strong> deste domingo (30)<\/a>. O espanhol destacou que se sentiu mais competitivo em <strong>Spa-Francorchamps<\/strong> do que nas \u00faltimas corridas.<\/p>\n\n\n\n<p class=\"wp-block-paragraph\">Alonso recebeu a bandeirada na B\u00e9lgica na quinta coloca\u00e7\u00e3o, 56s184 atr\u00e1s de <strong>Max Verstappen<\/strong>, que dominou mais uma vez e venceu a oitava seguida na temporada 2023. O #14 assumiu que estava preocupado com a falta de ritmo do carro, mas considerou que tudo se encaixou na hora da corrida.<\/p>\n\n\n\n<figure class=\"wp-block-image size-full\"><img decoding=\"async\" src=\"https:\/\/www.grandepremio.com\/br\/wp-content\/uploads\/2023\/07\/f1-2023-belgica-corrida-sprint-astonmartin-fernandoalonso-03.jpg\" alt=\"\" class=\"wp-image-712917\"\/><figcaption class=\"wp-element-caption\">Fernando Alonso ficou com a quinta coloca\u00e7\u00e3o em Spa (Foto: Aston Martin)<\/figcaption><\/figure>\n\n\n\n<p class=\"wp-block-paragraph\"><strong>\u25b6\ufe0f\u00a0Inscreva-se nos dois canais do GRANDE PR\u00caMIO no YouTube:\u00a0<a href=\"https:\/\/www.youtube.com\/channel\/UC9OlHEgxoaY6QY6nWPoiqQg?sub_confirmation=1\" target=\"_blank\" rel=\"noreferrer noopener\">GP<\/a>\u00a0|\u00a0<a href=\"https:\/\/www.youtube.com\/channel\/UC9csiS6q_C3C0FYhyr1rnFA?sub_confirmation=1\" target=\"_blank\" rel=\"noreferrer noopener\">GP2<\/a><\/strong><br><strong>\u25b6\ufe0f\u00a0<a href=\"https:\/\/www.twitch.tv\/grandepremio\" target=\"_blank\" rel=\"noreferrer noopener\">Conhe\u00e7a o canal do GRANDE PR\u00caMIO na Twitch clicando aqui!<\/a><\/strong><\/p>\n\n\n\n<p class=\"wp-block-paragraph\">\u201cMe senti mais competitivo do que nas corridas anteriores\u201d, disse Alonso. \u201cN\u00e3o foi um fim de semana f\u00e1cil. Entrar no ritmo de classifica\u00e7\u00e3o no molhado, as mudan\u00e7as na pista, sem experi\u00eancia no seco\u2026 tive sorte na largada, ganhei posi\u00e7\u00f5es antes da Eau Rouge por ter ficado do lado direito. Me preocupava ir para atr\u00e1s por falta de ritmo, mas nos saiu bem. Hoje n\u00f3s t\u00ednhamos muito ritmo. O carro foi r\u00e1pido, ficamos na frente de uma Mercedes e de uma McLaren e estivemos l\u00e1. S\u00e3o boas not\u00edcias, \u00e9 algo muito bom antes da parada de ver\u00e3o\u201d, destacou.<\/p>\n\n\n\n<p class=\"wp-block-paragraph\">Mesmo insatisfeito com a varia\u00e7\u00e3o clim\u00e1tica do fim de semana, que foi quase todo realizado com chuva, com exce\u00e7\u00e3o da corrida, Alonso avaliou: \u201cFoi a mesma coisa para todo mundo. Fora a <strong>McLaren<\/strong>, todos est\u00e1vamos com o acerto de seco. Mas as condi\u00e7\u00f5es mudaram e n\u00e3o t\u00ednhamos feito duas voltas com as mesmas condi\u00e7\u00f5es de pista ao longo do fim de semana. Assim foram as classifica\u00e7\u00f5es e formato da sprint\u201d.<\/p>\n\n\n\n<p class=\"wp-block-paragraph\">\u201cO carro foi r\u00e1pido, fizemos um trabalho fant\u00e1stico na estrat\u00e9gia e nos pit-stops. O carro foi mais normal. T\u00ednhamos algumas ideias desde a <strong>Hungria <\/strong>e <strong>Silverstone <\/strong>e a equipe fez algumas mudan\u00e7as no acerto. Funcionou, o carro foi mais normal e mais competitivo, ent\u00e3o estou contente. \u00c9 um bom impulso antes das f\u00e9rias\u201d, destacou. \u201cFoi um fim de semana complicado. Est\u00e1vamos no contrap\u00e9 em todo o tempo e na corrida tudo se ajustou\u201d, indicou.<\/p>\n\n\n\n<p class=\"wp-block-paragraph\">Alonso frisou, por\u00e9m, que a Aston Martin ainda tem de melhorar, j\u00e1 que ele n\u00e3o teve chances de lutar pelo p\u00f3dio em Spa-Francorchamps.<\/p>\n\n\n\n<p class=\"wp-block-paragraph\">\u201cTemos de melhorar, sem d\u00favidas. Mesmo que tenha ido bem na corrida e tenhamos somado bons pontos, n\u00e3o conseguimos lutar pelo p\u00f3dio, ficamos bastante longe\u201d, assumiu. \u201cEste resultado ajuda a moral da equipe, nos tira um peso e press\u00e3o. Demonstramos que ainda que tenhamos bom ritmo, falta melhorar, mas temos de ver o campeonato de uma perspectiva mais geral\u201d, encerrou.<\/p>\n\n\n\n<p class=\"wp-block-paragraph\">A\u00a0<strong><a href=\"https:\/\/www.grandepremio.com\/formula-1\/\" target=\"_blank\" rel=\"noreferrer noopener\">F\u00f3rmula 1<\/a><\/strong>\u00a0entra nas tradicionais f\u00e9rias de ver\u00e3o na Europa e retorna de 25 a 27 de agosto em\u00a0<strong><a href=\"https:\/\/www.grandepremio.com\/br\/circuito\/zandvoort\/\" target=\"_blank\" rel=\"noreferrer noopener\">Zandvoort<\/a><\/strong>, na\u00a0<strong>Holanda<\/strong>, para a disputa da 13\u00aa etapa da temporada 2023. O\u00a0<strong>GRANDE PR\u00caMIO<\/strong>\u00a0acompanha todas as atividades\u00a0<strong>AO VIVO<\/strong>\u00a0e em\u00a0<strong><a href=\"https:\/\/www.grandepremio.com\/br\/ao-vivo\/\" target=\"_blank\" rel=\"noreferrer noopener\">TEMPO REAL<\/a><\/strong>. Aos s\u00e1bados e domingos, h\u00e1 ainda a\u00a0<a href=\"https:\/\/formula1aovivo.com\/\" target=\"_blank\" rel=\"noreferrer noopener\">transmiss\u00e3o<\/a>\u00a0em segunda tela, no canal 1 do GP no\u00a0<strong>YouTube<\/strong>, em parceria com a\u00a0<strong>Voz do Esporte<\/strong>.<\/p>\n\n\n\n<figure class=\"wp-block-embed is-type-video is-provider-youtube wp-block-embed-youtube wp-embed-aspect-16-9 wp-has-aspect-ratio\"><div class=\"wp-block-embed__wrapper\">\n<iframe loading=\"lazy\" title=\"F1 2023 na B\u00c9LGICA: VERSTAPPEN 1\u00ba, P\u00c9REZ 2\u00ba, LECLERC 3\u00ba: tudo sobre a corrida | Briefing\" width=\"500\" height=\"281\" src=\"https:\/\/www.youtube.com\/embed\/CBCl2MFGgX4?feature=oembed\" frameborder=\"0\" allow=\"accelerometer; autoplay; clipboard-write; encrypted-media; gyroscope; picture-in-picture; web-share\" referrerpolicy=\"strict-origin-when-cross-origin\" allowfullscreen><\/iframe>\n<\/div><\/figure>\n","protected":false},"excerpt":{"rendered":"<p>Quinto colocado em Spa-Francorchamps, Fernando Alonso afirmou que se sentiu mais competitivo neste domingo (30) do que nas corridas anteriores. Espanhol destacou que o carro da Aston Martin melhorou na hora da corrida<\/p>\n","protected":false},"author":0,"featured_media":1000713476,"comment_status":"closed","ping_status":"closed","sticky":false,"template":"","format":"standard","meta":{"42wp_featured_image_caption":"","42wp_featured_image_credits":"","42wp_featured_video":"","42wp_featured_image_hidden":false,"42wp_authors_list":[],"footnotes":""},"categories":[2],"tags":[309,25062,33466,147,6533,176,180,30722,33465,28285,33467,108],"42wp_author":[47113],"class_list":["post-100613","post","type-post","status-publish","format-standard","has-post-thumbnail","hentry","category-f1","tag-aston-martin","tag-belgica","tag-calendario-formula-1-2023","tag-f1","tag-f1-2023","tag-fernando-alonso","tag-formula-1","tag-formula-1-2023","tag-formula-1-classificacao-2023","tag-grandepremio","tag-onde-assistir-f1-2023","tag-spa-francorchamps","42wp_author-juliana-tesser"],"_links":{"self":[{"href":"https:\/\/grandepremio.com\/br\/wp-json\/wp\/v2\/posts\/100613","targetHints":{"allow":["GET"]}}],"collection":[{"href":"https:\/\/grandepremio.com\/br\/wp-json\/wp\/v2\/posts"}],"about":[{"href":"https:\/\/grandepremio.com\/br\/wp-json\/wp\/v2\/types\/post"}],"replies":[{"embeddable":true,"href":"https:\/\/grandepremio.com\/br\/wp-json\/wp\/v2\/comments?post=100613"}],"version-history":[{"count":0,"href":"https:\/\/grandepremio.com\/br\/wp-json\/wp\/v2\/posts\/100613\/revisions"}],"wp:featuredmedia":[{"embeddable":true,"href":"https:\/\/grandepremio.com\/br\/wp-json\/wp\/v2\/media\/1000713476"}],"wp:attachment":[{"href":"https:\/\/grandepremio.com\/br\/wp-json\/wp\/v2\/media?parent=100613"}],"wp:term":[{"taxonomy":"category","embeddable":true,"href":"https:\/\/grandepremio.com\/br\/wp-json\/wp\/v2\/categories?post=100613"},{"taxonomy":"post_tag","embeddable":true,"href":"https:\/\/grandepremio.com\/br\/wp-json\/wp\/v2\/tags?post=100613"},{"taxonomy":"42wp_author","embeddable":true,"href":"https:\/\/grandepremio.com\/br\/wp-json\/wp\/v2\/42wp_author?post=100613"}],"curies":[{"name":"wp","href":"https:\/\/api.w.org\/{rel}","templated":true}]}}