{"id":100618,"date":"2023-07-30T12:42:23","date_gmt":"2023-07-30T15:42:23","guid":{"rendered":"https:\/\/grandepremio.com\/br\/noticias\/lewis-hamilton-spa-sem-acontecimentos-revela-voltamos-quicar-como-2022\/"},"modified":"2023-07-30T12:43:13","modified_gmt":"2023-07-30T15:43:13","slug":"lewis-hamilton-spa-sem-acontecimentos-revela-voltamos-quicar-como-2022","status":"publish","type":"post","link":"https:\/\/grandepremio.com\/br\/f1\/lewis-hamilton-spa-sem-acontecimentos-revela-voltamos-quicar-como-2022\/","title":{"rendered":"Hamilton v\u00ea Spa \u201csem acontecimentos\u201d e revela: \u201cVoltamos a quicar como em 2022\u201d"},"content":{"rendered":"\n<p class=\"wp-block-paragraph\"><strong>Lewis Hamilto<\/strong>n revelou ap\u00f3s <a href=\"https:\/\/www.grandepremio.com\/br\/f1\/noticias\/max-verstappen-ignora-chove-nao-molha-gp-belgica-vence-8a-seguida-f1-2023\/\" class=\"ek-link\">conquistar o quarto lugar no GP da <strong>B\u00e9lgica <\/strong>deste domingo (30)<\/a> que a <strong>Mercedes <\/strong>voltou a sofrer com quiques. O brit\u00e2nico destacou que a escuderia de <strong>Brackley <\/strong>ainda n\u00e3o sabe a causa do problema.<\/p>\n\n\n\n<p class=\"wp-block-paragraph\">Ap\u00f3s a prova, Lewis afirmou que pouco aconteceu na corrida de <strong>Spa-Francorchamps<\/strong>, mas revelou que a Mercedes voltou a sofrer com o problema que a assombrou no ano passado.<\/p>\n\n\n\n<figure class=\"wp-block-image size-large\"><img decoding=\"async\" src=\"https:\/\/www.grandepremio.com\/br\/wp-content\/uploads\/2023\/07\/f1-2023-belgica-corrida-mercedes-lewishamilton-02-1024x683.jpg\" alt=\"\" class=\"wp-image-713486\"\/><figcaption class=\"wp-element-caption\">Lewis Hamilton contou que Mercedes voltou a sofrer com quiques (Foto: Mercedes)<\/figcaption><\/figure>\n\n\n\n<p class=\"wp-block-paragraph\"><strong>\u25b6\ufe0f\u00a0Inscreva-se nos dois canais do GRANDE PR\u00caMIO no YouTube:\u00a0<a href=\"https:\/\/www.youtube.com\/channel\/UC9OlHEgxoaY6QY6nWPoiqQg?sub_confirmation=1\" target=\"_blank\" rel=\"noreferrer noopener\">GP<\/a>\u00a0|\u00a0<a href=\"https:\/\/www.youtube.com\/channel\/UC9csiS6q_C3C0FYhyr1rnFA?sub_confirmation=1\" target=\"_blank\" rel=\"noreferrer noopener\">GP2<\/a><\/strong><br><strong>\u25b6\ufe0f\u00a0<a href=\"https:\/\/www.twitch.tv\/grandepremio\" target=\"_blank\" rel=\"noreferrer noopener\">Conhe\u00e7a o canal do GRANDE PR\u00caMIO na Twitch clicando aqui!<\/a><\/strong><\/p>\n\n\n\n<p class=\"wp-block-paragraph\">\u201cFoi uma esp\u00e9cie de corrida sem acontecimentos\u201d, resumiu Hamilton. \u201cN\u00e3o tinha muita coisa acontecendo e eu n\u00e3o consegui acompanhar os carros \u00e0 minha frente. Tive dificuldades no in\u00edcio, a traseira \u00e9 o nosso maior problema e tivemos muita vibra\u00e7\u00e3o neste fim de semana, ent\u00e3o voltamos a ter quiques como t\u00ednhamos no ano passado\u201d, seguiu.<\/p>\n\n\n\n<p class=\"wp-block-paragraph\">O <strong>#44<\/strong> destacou que a equipe comandada por <strong>Toto Wolff <\/strong>ainda n\u00e3o sabe o que causou a volta dos quiques.<\/p>\n\n\n\n<p class=\"wp-block-paragraph\">\u201c[A equipe] n\u00e3o sabe. \u00c9 uma preocupa\u00e7\u00e3o para mim, mas vamos trabalhar nos dados esta semana e tentar entender o que est\u00e1 causando isso para a pr\u00f3xima corrida. Sei o que quero, estou rezando para isso e estou apenas esperando o dia que vamos conseguir\u201d, acrescentou.<\/p>\n\n\n\n<p class=\"wp-block-paragraph\">O brit\u00e2nico, no entanto, conseguiu garantir a volta mais r\u00e1pida do GP da B\u00e9lgica, gra\u00e7as a estrat\u00e9gia de aproveitar a vantagem em rela\u00e7\u00e3o a <strong>Fernando Alonso <\/strong>para fazer uma \u00faltima parada.<\/p>\n\n\n\n<p class=\"wp-block-paragraph\">\u201cNo fim, estava mantendo a Ferrari a poucos segundos, mas eu n\u00e3o podia me aproximar para brigar. Conseguir a volta mais r\u00e1pida no fim foi bom, foi bom ter vantagem para o arro de tr\u00e1s. A \u00faltima volta foi decente\u201d, avaliou.<\/p>\n\n\n\n<p class=\"wp-block-paragraph\">\u201cEstava ventando hoje, foi dif\u00edcil se manter na pista\u201d, encerrou.<\/p>\n\n\n\n<p class=\"wp-block-paragraph\">A\u00a0<strong><a href=\"https:\/\/www.grandepremio.com\/formula-1\/\" target=\"_blank\" rel=\"noreferrer noopener\">F\u00f3rmula 1<\/a><\/strong>\u00a0entra nas tradicionais f\u00e9rias de ver\u00e3o na Europa e retorna de 25 a 27 de agosto em\u00a0<strong><a href=\"https:\/\/www.grandepremio.com\/br\/circuito\/zandvoort\/\" target=\"_blank\" rel=\"noreferrer noopener\">Zandvoort<\/a><\/strong>, na\u00a0<strong>Holanda<\/strong>, para a disputa da 13\u00aa etapa da temporada 2023. O\u00a0<strong>GRANDE PR\u00caMIO<\/strong>\u00a0acompanha todas as atividades\u00a0<strong>AO VIVO<\/strong>\u00a0e em\u00a0<strong><a href=\"https:\/\/www.grandepremio.com\/br\/ao-vivo\/\" target=\"_blank\" rel=\"noreferrer noopener\">TEMPO REAL<\/a><\/strong>. Aos s\u00e1bados e domingos, h\u00e1 ainda a\u00a0<a href=\"https:\/\/formula1aovivo.com\/\" target=\"_blank\" rel=\"noreferrer noopener\">transmiss\u00e3o<\/a>\u00a0em segunda tela, no canal 1 do GP no\u00a0<strong>YouTube<\/strong>, em parceria com a\u00a0<strong>Voz do Esporte<\/strong>.<\/p>\n\n\n\n<figure class=\"wp-block-embed is-type-video is-provider-youtube wp-block-embed-youtube wp-embed-aspect-16-9 wp-has-aspect-ratio\"><div class=\"wp-block-embed__wrapper\">\n<iframe loading=\"lazy\" title=\"F1 2023 na B\u00c9LGICA: VERSTAPPEN 1\u00ba, P\u00c9REZ 2\u00ba, LECLERC 3\u00ba: tudo sobre a corrida | Briefing\" width=\"500\" height=\"281\" src=\"https:\/\/www.youtube.com\/embed\/CBCl2MFGgX4?feature=oembed\" frameborder=\"0\" allow=\"accelerometer; autoplay; clipboard-write; encrypted-media; gyroscope; picture-in-picture; web-share\" referrerpolicy=\"strict-origin-when-cross-origin\" allowfullscreen><\/iframe>\n<\/div><\/figure>\n","protected":false},"excerpt":{"rendered":"<p>Quarto colocado no GP da B\u00e9lgica, Lewis Hamilton avaliou que pouco aconteceu na corrida deste domingo (30). Brit\u00e2nico revelou, por\u00e9m, que a Mercedes voltou a sofrer com quiques em Spa-Francorchamps<\/p>\n","protected":false},"author":0,"featured_media":1000713550,"comment_status":"closed","ping_status":"closed","sticky":false,"template":"","format":"standard","meta":{"42wp_featured_image_caption":"","42wp_featured_image_credits":"","42wp_featured_video":"","42wp_featured_image_hidden":false,"42wp_authors_list":[],"footnotes":""},"categories":[2],"tags":[25062,147,6533,180,30722,33465,28285,87,82,33467,108],"42wp_author":[47113],"class_list":["post-100618","post","type-post","status-publish","format-standard","has-post-thumbnail","hentry","category-f1","tag-belgica","tag-f1","tag-f1-2023","tag-formula-1","tag-formula-1-2023","tag-formula-1-classificacao-2023","tag-grandepremio","tag-lewis-hamilton","tag-mercedes","tag-onde-assistir-f1-2023","tag-spa-francorchamps","42wp_author-juliana-tesser"],"_links":{"self":[{"href":"https:\/\/grandepremio.com\/br\/wp-json\/wp\/v2\/posts\/100618","targetHints":{"allow":["GET"]}}],"collection":[{"href":"https:\/\/grandepremio.com\/br\/wp-json\/wp\/v2\/posts"}],"about":[{"href":"https:\/\/grandepremio.com\/br\/wp-json\/wp\/v2\/types\/post"}],"replies":[{"embeddable":true,"href":"https:\/\/grandepremio.com\/br\/wp-json\/wp\/v2\/comments?post=100618"}],"version-history":[{"count":0,"href":"https:\/\/grandepremio.com\/br\/wp-json\/wp\/v2\/posts\/100618\/revisions"}],"wp:featuredmedia":[{"embeddable":true,"href":"https:\/\/grandepremio.com\/br\/wp-json\/wp\/v2\/media\/1000713550"}],"wp:attachment":[{"href":"https:\/\/grandepremio.com\/br\/wp-json\/wp\/v2\/media?parent=100618"}],"wp:term":[{"taxonomy":"category","embeddable":true,"href":"https:\/\/grandepremio.com\/br\/wp-json\/wp\/v2\/categories?post=100618"},{"taxonomy":"post_tag","embeddable":true,"href":"https:\/\/grandepremio.com\/br\/wp-json\/wp\/v2\/tags?post=100618"},{"taxonomy":"42wp_author","embeddable":true,"href":"https:\/\/grandepremio.com\/br\/wp-json\/wp\/v2\/42wp_author?post=100618"}],"curies":[{"name":"wp","href":"https:\/\/api.w.org\/{rel}","templated":true}]}}