{"id":100632,"date":"2023-07-30T08:38:32","date_gmt":"2023-07-30T11:38:32","guid":{"rendered":"https:\/\/grandepremio.com\/br\/noticias\/spa-francorchamps-ceu-nublado-60-chance-chuva-dia-gp-belgica\/"},"modified":"2023-07-30T08:39:31","modified_gmt":"2023-07-30T11:39:31","slug":"spa-francorchamps-ceu-nublado-60-chance-chuva-dia-gp-belgica","status":"publish","type":"post","link":"https:\/\/grandepremio.com\/br\/f1\/spa-francorchamps-ceu-nublado-60-chance-chuva-dia-gp-belgica\/","title":{"rendered":"Spa-Francorchamps tem c\u00e9u nublado e 60% de chance de chuva em dia de GP da B\u00e9lgica"},"content":{"rendered":"\n<p class=\"wp-block-paragraph\">Depois de afetar todo o fim de semana, a chuva promete dar as caras tamb\u00e9m neste domingo (30). \u00c0s v\u00e9speras do GP da <strong>B\u00e9lgica<\/strong>, 13\u00aa etapa da temporada 2023, a regi\u00e3o do circuito de <strong>Spa-Francorchamps <\/strong>tem c\u00e9u nublado e previs\u00e3o de pancadas de chuva durante a tarde.<\/p>\n\n\n\n<p class=\"wp-block-paragraph\">De acordo com informa\u00e7\u00f5es do servi\u00e7o meteorol\u00f3gico <strong>Accuweather<\/strong>, a temperatura ao longo do dia varia entre 13 e 18\u00b0C e o c\u00e9u fica nublado ao longo de todo o dia. A probabilidade de chuva est\u00e1 na casa de 60%, mas em um volume de 1.2 mm \u2014 para efeito de compara\u00e7\u00e3o, a previs\u00e3o indicava 18.9 mm para o s\u00e1bado.<\/p>\n\n\n\n<figure class=\"wp-block-image size-large\"><img decoding=\"async\" src=\"https:\/\/www.grandepremio.com\/br\/wp-content\/uploads\/2023\/07\/SI202307300281_hires_jpeg_24bit_rgb-1024x682.jpg\" alt=\"\" class=\"wp-image-713320\"\/><figcaption class=\"wp-element-caption\">F1 come\u00e7ou a programa\u00e7\u00e3o deste domingo sem chuva (Foto: Dan Mullan\/Getty Images)<\/figcaption><\/figure>\n\n\n\n<p class=\"wp-block-paragraph\"><strong>\u25b6\ufe0f\u00a0Inscreva-se nos dois canais do GRANDE PR\u00caMIO no YouTube:\u00a0<a href=\"https:\/\/www.youtube.com\/channel\/UC9OlHEgxoaY6QY6nWPoiqQg?sub_confirmation=1\" target=\"_blank\" rel=\"noreferrer noopener\">GP<\/a>\u00a0|\u00a0<a href=\"https:\/\/www.youtube.com\/channel\/UC9csiS6q_C3C0FYhyr1rnFA?sub_confirmation=1\" target=\"_blank\" rel=\"noreferrer noopener\">GP2<\/a><\/strong><br><strong>\u25b6\ufe0f\u00a0<a href=\"https:\/\/www.twitch.tv\/grandepremio\" target=\"_blank\" rel=\"noreferrer noopener\">Conhe\u00e7a o canal do GRANDE PR\u00caMIO na Twitch clicando aqui!<\/a><\/strong><\/p>\n\n\n\n<p class=\"wp-block-paragraph\">A velocidade do vento varia entre 20 e 41 km\/h, com a umidade relativa do ar na casa dos 68%. A visibilidade \u00e9 de 8 km.<\/p>\n\n\n\n<p class=\"wp-block-paragraph\">A largada do GP da B\u00e9lgica da <strong>F\u00f3rmula 1 <\/strong>est\u00e1 marcada para as 10h (de Bras\u00edlia). <strong>Charles Leclerc <\/strong>larga na pole-position, com <strong>Max Verstappen <\/strong>apenas em sexto por causa de uma puni\u00e7\u00e3o por troca de c\u00e2mbio.<\/p>\n\n\n\n<p class=\"wp-block-paragraph\">A largada do GP da B\u00e9lgica est\u00e1 prevista para as 10h (de Bras\u00edlia, GMT-3). O&nbsp;<strong>GRANDE PR\u00caMIO<\/strong>&nbsp;acompanha todas as atividades&nbsp;<strong>AO VIVO<\/strong>&nbsp;e em&nbsp;<strong><a href=\"https:\/\/www.grandepremio.com\/br\/ao-vivo\/\" target=\"_blank\" rel=\"noreferrer noopener\">TEMPO REAL<\/a><\/strong>. Antes, \u00e0s 9h40, o GP abre a&nbsp;<a href=\"https:\/\/formula1aovivo.com\/\" target=\"_blank\" rel=\"noreferrer noopener\">transmiss\u00e3o<\/a>&nbsp;em segunda tela no canal 1 do YouTube, em parceria com a Voz do Esporte.<\/p>\n","protected":false},"excerpt":{"rendered":"<p>Temperatura neste domingo (30) varia entre 13 e 18\u00b0C, mas a previs\u00e3o para a tarde \u00e9 c\u00e9u encoberto e algumas pancadas de chuva<\/p>\n","protected":false},"author":0,"featured_media":1000713319,"comment_status":"closed","ping_status":"closed","sticky":false,"template":"","format":"standard","meta":{"42wp_featured_image_caption":"","42wp_featured_image_credits":"","42wp_featured_video":"","42wp_featured_image_hidden":false,"42wp_authors_list":[],"footnotes":""},"categories":[2],"tags":[25062,147,6533,180,30722,33465,28285,33467,25333,108],"42wp_author":[47113],"class_list":["post-100632","post","type-post","status-publish","format-standard","has-post-thumbnail","hentry","category-f1","tag-belgica","tag-f1","tag-f1-2023","tag-formula-1","tag-formula-1-2023","tag-formula-1-classificacao-2023","tag-grandepremio","tag-onde-assistir-f1-2023","tag-previsao-do-tempo","tag-spa-francorchamps","42wp_author-juliana-tesser"],"_links":{"self":[{"href":"https:\/\/grandepremio.com\/br\/wp-json\/wp\/v2\/posts\/100632","targetHints":{"allow":["GET"]}}],"collection":[{"href":"https:\/\/grandepremio.com\/br\/wp-json\/wp\/v2\/posts"}],"about":[{"href":"https:\/\/grandepremio.com\/br\/wp-json\/wp\/v2\/types\/post"}],"replies":[{"embeddable":true,"href":"https:\/\/grandepremio.com\/br\/wp-json\/wp\/v2\/comments?post=100632"}],"version-history":[{"count":0,"href":"https:\/\/grandepremio.com\/br\/wp-json\/wp\/v2\/posts\/100632\/revisions"}],"wp:featuredmedia":[{"embeddable":true,"href":"https:\/\/grandepremio.com\/br\/wp-json\/wp\/v2\/media\/1000713319"}],"wp:attachment":[{"href":"https:\/\/grandepremio.com\/br\/wp-json\/wp\/v2\/media?parent=100632"}],"wp:term":[{"taxonomy":"category","embeddable":true,"href":"https:\/\/grandepremio.com\/br\/wp-json\/wp\/v2\/categories?post=100632"},{"taxonomy":"post_tag","embeddable":true,"href":"https:\/\/grandepremio.com\/br\/wp-json\/wp\/v2\/tags?post=100632"},{"taxonomy":"42wp_author","embeddable":true,"href":"https:\/\/grandepremio.com\/br\/wp-json\/wp\/v2\/42wp_author?post=100632"}],"curies":[{"name":"wp","href":"https:\/\/api.w.org\/{rel}","templated":true}]}}