{"id":100673,"date":"2023-07-29T14:08:05","date_gmt":"2023-07-29T17:08:05","guid":{"rendered":"https:\/\/grandepremio.com\/br\/noticias\/oscar-piastri-vibra-2o-lugar-sprint-spa-admite-nao-tinha-ritmo-vencer\/"},"modified":"2023-07-29T14:17:40","modified_gmt":"2023-07-29T17:17:40","slug":"oscar-piastri-vibra-2o-lugar-sprint-spa-admite-nao-tinha-ritmo-vencer","status":"publish","type":"post","link":"https:\/\/grandepremio.com\/br\/f1\/oscar-piastri-vibra-2o-lugar-sprint-spa-admite-nao-tinha-ritmo-vencer\/","title":{"rendered":"Piastri vibra com 2\u00ba lugar na sprint em Spa, mas admite: \u201cN\u00e3o tinha ritmo para vencer\u201d"},"content":{"rendered":"\n<p class=\"wp-block-paragraph\">Aproveitando o bom momento da <strong>McLaren<\/strong> em 2023, <strong>Oscar Piastri<\/strong> conseguiu o primeiro top-3 da carreira depois de fechar a <a href=\"https:\/\/www.grandepremio.com\/br\/f1\/noticias\/max-verstappen-vence-corrida-sprint-tumultuada-chuva-belgica-oscar-piastri-termina-2o\/\" class=\"ek-link\">corrida sprint, realizada em <strong>Spa-Francorchamps<\/strong><\/a> neste s\u00e1bado (29), no segundo lugar. O australiano, que chegou a liderar a corrida ap\u00f3s uma boa estrat\u00e9gia da equipe, ficou contente com o resultado e reconheceu que era imposs\u00edvel superar a <strong>Red Bull<\/strong> de <strong>Max Verstappen<\/strong>.<\/p>\n\n\n\n<p class=\"wp-block-paragraph\">A corrida sprint precisou ser <a href=\"https:\/\/www.grandepremio.com\/br\/f1\/noticias\/formula-1-adia-largada-da-sprint-na-belgica-por-tempestade-em-spa-francorchamps\/\" class=\"ek-link\">adiada em 35 minutos<\/a> por causa da chuva que caiu na B\u00e9lgica. A prova foi iniciada atr\u00e1s do safety-car com todos os pilotos com pneus para chuva extrema. Quando o carro de seguran\u00e7a deixou a pista, Piastri aproveitou para ir aos boxes e cal\u00e7ar o composto intermedi\u00e1rio.&nbsp;<\/p>\n\n\n\n<p class=\"wp-block-paragraph\"><strong>\u25b6\ufe0f&nbsp;Inscreva-se nos dois canais do GRANDE PR\u00caMIO no YouTube:&nbsp;<a href=\"https:\/\/www.youtube.com\/channel\/UC9OlHEgxoaY6QY6nWPoiqQg?sub_confirmation=1\" target=\"_blank\" rel=\"noreferrer noopener\">GP<\/a>&nbsp;|&nbsp;<a href=\"https:\/\/www.youtube.com\/channel\/UC9csiS6q_C3C0FYhyr1rnFA?sub_confirmation=1\" target=\"_blank\" rel=\"noreferrer noopener\">GP2<\/a><\/strong><br><strong>\u25b6\ufe0f&nbsp;<a href=\"https:\/\/www.twitch.tv\/grandepremio\" target=\"_blank\" rel=\"noreferrer noopener\">Conhe\u00e7a o canal do GRANDE PR\u00caMIO na Twitch clicando aqui!<\/a><\/strong><\/p>\n\n\n\n<figure class=\"wp-block-image size-large\"><img decoding=\"async\" src=\"https:\/\/www.grandepremio.com\/br\/wp-content\/uploads\/2023\/07\/f1-2023-belgica-corrida-sprint-mclaren-oscarpiastri-afp-01-1024x683.jpg\" alt=\"\" class=\"wp-image-712887\"\/><figcaption class=\"wp-element-caption\">Oscar Piastri liderou as primeiras voltas da corrida sprint (Foto: McLaren)<\/figcaption><\/figure>\n\n\n\n<p class=\"wp-block-paragraph\">Verstappen foi aos pits apenas na volta seguinte, e retornanou \u00e0 pista 1s atr\u00e1s do titular da McLaren. A lideran\u00e7a, no entanto, durou pouco.&nbsp;<\/p>\n\n\n\n<p class=\"wp-block-paragraph\">\u201cEstou muito feliz. Tentei o meu m\u00e1ximo, paramos no momento certo. Quando safety-car entrou [nos boxes] eu liderei algumas voltas, fiz o meu melhor, mas n\u00e3o t\u00ednhamos ritmo para ganhar a corrida. \u00c9 bom terminar em segundo.\u201d, seguiu. \u201cTirando o Verstappen, nosso ritmo era muito bom. Muito cr\u00e9dito \u00e0 equipe que nas \u00faltimas corridas tem feito um trabalho excelente. Nosso carro ainda tem um pouco a melhorar para se tornar ainda mais competitivo, mas \u00e9 bom um resultado como esse\u201d, comemorou Piastri.<\/p>\n\n\n\n<p class=\"wp-block-paragraph\">No terceiro giro <a href=\"https:\/\/www.grandepremio.com\/br\/video\/f1\/fernando-alonso-pisa-linha-roda-feito-piao-bate-sprint-belgica\/\" class=\"ek-link\"><strong>Fernando Alonso<\/strong> rodou na Pouhon<\/a>, parou na brita e for\u00e7ou a entrada do safety-car. Oscar acreditou que a bandeira amarela poderia lhe beneficiar de alguma forma, uma vez que teria de se defender do holand\u00eas por menos tempo. Por\u00e9m, bastaram duas curvas para o titular da Red Bull reassumir a lideran\u00e7a.<\/p>\n\n\n\n<p class=\"wp-block-paragraph\">\u201cAchei que o sefaety-car ia me ajudar, porque seriam menos voltas para tentar segurar o Verstappen. Eu relarguei bem, mas logo depois da curva 1 eu o vi no espelho, ele estava grudado em mim, n\u00e3o tinha o que fazer. Temos um pouco de trabalho a fazer, mas estou contente com o primeiro top-3 da minha carreira\u201d, finalizou.<\/p>\n\n\n\n<p class=\"wp-block-paragraph\">A F\u00f3rmula 1 retorna \u00e0 pista no domingo para o GP da B\u00e9lgica, 12\u00aa etapa da temporada 2023, com largada prevista para as 10h (de Bras\u00edlia, GMT-3). O GRANDE PR\u00caMIO acompanha todas as atividades do fim de semana AO VIVO e em TEMPO REAL. O GP tamb\u00e9m transmite a corrida em segunda tela a partir das 9h40, em parceria com a Voz do Esporte, no canal 1 no YouTube.<\/p>\n\n\n\n<figure class=\"wp-block-embed is-type-rich is-provider-incorporar-manipulador wp-block-embed-incorporar-manipulador wp-embed-aspect-16-9 wp-has-aspect-ratio\"><div class=\"wp-block-embed__wrapper\">\n<iframe loading=\"lazy\" title=\"F1 2023 na B\u00c9LGICA: VERSTAPPEN 1\u00ba, PIASTRI 2\u00ba, HAMILTON punido: CORRIDA SPRINT | Briefing\" width=\"500\" height=\"281\" src=\"https:\/\/www.youtube.com\/embed\/PqKMtzZx1zo?feature=oembed\" frameborder=\"0\" allow=\"accelerometer; autoplay; clipboard-write; encrypted-media; gyroscope; picture-in-picture; web-share\" referrerpolicy=\"strict-origin-when-cross-origin\" allowfullscreen><\/iframe>\n<\/div><\/figure>\n","protected":false},"excerpt":{"rendered":"<p>Oscar Piastri chegou a liderar a corrida sprint na B\u00e9lgica depois de uma boa estrat\u00e9gia nos boxes. No entanto, o titular da McLaren reconheceu que ainda n\u00e3o tem ritmo de corrida para fazer frente a Max Verstappen<\/p>\n","protected":false},"author":0,"featured_media":1000712627,"comment_status":"closed","ping_status":"closed","sticky":false,"template":"","format":"standard","meta":{"42wp_featured_image_caption":"","42wp_featured_image_credits":"","42wp_featured_video":"","42wp_featured_image_hidden":false,"42wp_authors_list":[],"footnotes":""},"categories":[2],"tags":[5921,147,2359,219,28285,203,90,2916,30336,32179,489,108,9685],"42wp_author":[47149],"class_list":["post-100673","post","type-post","status-publish","format-standard","has-post-thumbnail","hentry","category-f1","tag-corrida-sprint","tag-f1","tag-gp-brasil","tag-grande-prmio","tag-grandepremio","tag-max-verstappen","tag-mclaren","tag-oscar-piastri","tag-piastri","tag-piastri-mclaren","tag-spa","tag-spa-francorchamps","tag-verstappen","42wp_author-bernardo-castro"],"_links":{"self":[{"href":"https:\/\/grandepremio.com\/br\/wp-json\/wp\/v2\/posts\/100673","targetHints":{"allow":["GET"]}}],"collection":[{"href":"https:\/\/grandepremio.com\/br\/wp-json\/wp\/v2\/posts"}],"about":[{"href":"https:\/\/grandepremio.com\/br\/wp-json\/wp\/v2\/types\/post"}],"replies":[{"embeddable":true,"href":"https:\/\/grandepremio.com\/br\/wp-json\/wp\/v2\/comments?post=100673"}],"version-history":[{"count":0,"href":"https:\/\/grandepremio.com\/br\/wp-json\/wp\/v2\/posts\/100673\/revisions"}],"wp:featuredmedia":[{"embeddable":true,"href":"https:\/\/grandepremio.com\/br\/wp-json\/wp\/v2\/media\/1000712627"}],"wp:attachment":[{"href":"https:\/\/grandepremio.com\/br\/wp-json\/wp\/v2\/media?parent=100673"}],"wp:term":[{"taxonomy":"category","embeddable":true,"href":"https:\/\/grandepremio.com\/br\/wp-json\/wp\/v2\/categories?post=100673"},{"taxonomy":"post_tag","embeddable":true,"href":"https:\/\/grandepremio.com\/br\/wp-json\/wp\/v2\/tags?post=100673"},{"taxonomy":"42wp_author","embeddable":true,"href":"https:\/\/grandepremio.com\/br\/wp-json\/wp\/v2\/42wp_author?post=100673"}],"curies":[{"name":"wp","href":"https:\/\/api.w.org\/{rel}","templated":true}]}}