{"id":100676,"date":"2023-07-29T13:58:56","date_gmt":"2023-07-29T16:58:56","guid":{"rendered":"https:\/\/grandepremio.com\/br\/noticias\/toque-lewis-hamilton-abre-buraco-carro-sergio-perez-sprint-gp-belgica\/"},"modified":"2023-07-29T14:11:51","modified_gmt":"2023-07-29T17:11:51","slug":"toque-lewis-hamilton-abre-buraco-carro-sergio-perez-sprint-gp-belgica","status":"publish","type":"post","link":"https:\/\/grandepremio.com\/br\/f1\/toque-lewis-hamilton-abre-buraco-carro-sergio-perez-sprint-gp-belgica\/","title":{"rendered":"Toque com Hamilton abre buraco no carro de P\u00e9rez na sprint do GP da B\u00e9lgica"},"content":{"rendered":"\n<figure class=\"wp-block-video\"><video class=\"video-js vjs-big-play-centered\" data-gp-vjs=\"1\" controls src=\"https:\/\/www.grandepremio.com\/br\/wp-content\/uploads\/2023\/07\/F1-2023-Belgica-Spa-Francochamps-Sabado-Sprint-Lewis-Hamilton-Sergio-Perez.mp4\"><\/video><figcaption class=\"wp-element-caption\">Lewis Hamilton e Sergio P\u00e9rez tiveram um toque na sprint da B\u00e9lgica (V\u00eddeo: DAZN)<\/figcaption><\/figure>\n\n\n\n<p class=\"wp-block-paragraph\">Um toque com <strong>Lewis Hamilton <\/strong>resultou em um buraco na lateral do carro de <strong>Sergio P\u00e9rez<\/strong>. O mexicano da <strong>Red Bull <\/strong>teve de abandonar a <a href=\"https:\/\/www.grandepremio.com\/br\/f1\/noticias\/max-verstappen-vence-corrida-sprint-tumultuada-chuva-belgica-oscar-piastri-termina-2o\/\" class=\"ek-link\">corrida sprint do GP da <strong>B\u00e9lgica <\/strong>deste s\u00e1bado (29)<\/a> por causa das consequ\u00eancias do lance.<\/p>\n\n\n\n<p class=\"wp-block-paragraph\">Em meados da corrida, o brit\u00e2nico da <strong>Mercedes <\/strong>efetuou uma manobra na freada da <strong>La Source<\/strong>, onde houve o impacto. Na sequ\u00eancia, Sergio perdeu a posi\u00e7\u00e3o tamb\u00e9m para <strong>Carlos Sainz Jr.<\/strong> e <strong>Charles Leclerc<\/strong>. Pelo r\u00e1dio, contudo, avisou \u00e0 equipe que n\u00e3o tinha nenhuma ader\u00eancia na traseira. Pouco depois, os rubro-taurinos o chamaram de volta aos boxes para abandonar.<\/p>\n\n\n\n<figure class=\"wp-block-image size-full\"><img decoding=\"async\" src=\"https:\/\/www.grandepremio.com\/br\/wp-content\/uploads\/2023\/07\/F1-2023-Belgica-Spa-Francorchamps-Sprint-Red-Bull-Sergio-Perez.png\" alt=\"\" class=\"wp-image-712960\"\/><figcaption class=\"wp-element-caption\">Sergio P\u00e9rez ficou com um buraco no carro ap\u00f3s toque com Hamilton (Foto: Reprodu\u00e7\u00e3o\/ Albert Fabregas)<\/figcaption><\/figure>\n\n\n\n<p class=\"wp-block-paragraph\"><strong>\u25b6\ufe0f&nbsp;Inscreva-se nos dois canais do GRANDE PR\u00caMIO no YouTube:&nbsp;<a href=\"https:\/\/www.youtube.com\/channel\/UC9OlHEgxoaY6QY6nWPoiqQg?sub_confirmation=1\" target=\"_blank\" rel=\"noreferrer noopener\">GP<\/a>&nbsp;|&nbsp;<a href=\"https:\/\/www.youtube.com\/channel\/UC9csiS6q_C3C0FYhyr1rnFA?sub_confirmation=1\" target=\"_blank\" rel=\"noreferrer noopener\">GP2<\/a><\/strong><br><strong>\u25b6\ufe0f&nbsp;<a href=\"https:\/\/www.twitch.tv\/grandepremio\" target=\"_blank\" rel=\"noreferrer noopener\">Conhe\u00e7a o canal do GRANDE PR\u00caMIO na Twitch clicando aqui!<\/a><\/strong><\/p>\n\n\n\n<p class=\"wp-block-paragraph\">Hamilton foi investigado pela <strong>FIA <\/strong>(Federa\u00e7\u00e3o Internacional de Automobilismo), que aplicou uma puni\u00e7\u00e3o de 5s. Assim, o #44 recebeu a bandeirada em <strong>Spa-Francorchamps<\/strong> apenas na s\u00e9tima coloca\u00e7\u00e3o.<\/p>\n\n\n\n<p class=\"wp-block-paragraph\">\u201cLewis simplesmente bateu em mim e eu fiquei com um buraco do lado direito do meu carro, ent\u00e3o, basicamente, perdemos toda a carga\u201d, disse P\u00e9rez \u00e0 emissora brit\u00e2nica Sky Sports. \u201cInfelizmente, isso significa que n\u00e3o pudemos pontuar hoje\u201d, completou.<\/p>\n\n\n\n<p class=\"wp-block-paragraph\">Hamilton, por sua vez, considerou que o toque foi apenas um \u201cincidente de corrida\u201d e minimizou o desfecho da prova.<\/p>\n\n\n\n<p class=\"wp-block-paragraph\">\u201cEle estava bem lento e escapou da trajet\u00f3ria na 14. Eu tive uma \u00f3tima sa\u00edda, estava com mais de metade do carro do lado dele e n\u00f3s simplesmente acabamos nos encontrando\u201d, explicou Lewis. \u201cNa realidade, foi meio que um acidente de corrida. Naturalmente, n\u00e3o foi intencional, mas viram algo diferente\u201d, continuou.<\/p>\n\n\n\n<p class=\"wp-block-paragraph\">\u201cAs condi\u00e7\u00f5es estavam muito complicadas, est\u00e1vamos todos tentando nosso melhor hoje. N\u00e3o faz uma enorme diferen\u00e7a ser quarto ou s\u00e9timo, j\u00e1 que na sprint n\u00e3o somamos muitos pontos\u201d, minimizou.<\/p>\n\n\n\n<p class=\"wp-block-paragraph\">A&nbsp;<a href=\"https:\/\/www.grandepremio.com\/formula-1\/\" target=\"_blank\" rel=\"noreferrer noopener\">F\u00f3rmula 1<\/a>&nbsp;retorna \u00e0 pista no domingo para o&nbsp;<strong>GP da B\u00e9lgica<\/strong>, 12\u00aa etapa da temporada 2023, com largada prevista para as 10h (de Bras\u00edlia, GMT-3). O&nbsp;<strong>GRANDE PR\u00caMIO<\/strong>&nbsp;acompanha todas as atividades do fim de semana&nbsp;<strong>AO VIVO<\/strong>&nbsp;e em&nbsp;<strong><a href=\"https:\/\/www.grandepremio.com\/br\/ao-vivo\/\" target=\"_blank\" rel=\"noreferrer noopener\">TEMPO REAL<\/a><\/strong>. O GP tamb\u00e9m transmite a corrida em segunda tela a partir das 9h40, em parceria com a&nbsp;<strong>Voz do Esporte<\/strong>, no canal 1 no YouTube.<\/p>\n\n\n\n<figure class=\"wp-block-embed is-type-video is-provider-youtube wp-block-embed-youtube wp-embed-aspect-16-9 wp-has-aspect-ratio\"><div class=\"wp-block-embed__wrapper\">\n<iframe loading=\"lazy\" title=\"F1 2023 na B\u00c9LGICA: VERSTAPPEN 1\u00ba, PIASTRI 2\u00ba, HAMILTON punido: CORRIDA SPRINT | Briefing\" width=\"500\" height=\"281\" src=\"https:\/\/www.youtube.com\/embed\/PqKMtzZx1zo?feature=oembed\" frameborder=\"0\" allow=\"accelerometer; autoplay; clipboard-write; encrypted-media; gyroscope; picture-in-picture; web-share\" referrerpolicy=\"strict-origin-when-cross-origin\" allowfullscreen><\/iframe>\n<\/div><\/figure>\n","protected":false},"excerpt":{"rendered":"<p>Sergio P\u00e9rez teve de abandonar a corrida ap\u00f3s um toque com Lewis Hamilton deixar um buraco na lateral da Red Bull<\/p>\n","protected":false},"author":0,"featured_media":1000712684,"comment_status":"closed","ping_status":"closed","sticky":false,"template":"","format":"standard","meta":{"42wp_featured_image_caption":"","42wp_featured_image_credits":"","42wp_featured_video":"","42wp_featured_image_hidden":false,"42wp_authors_list":[],"footnotes":""},"categories":[2],"tags":[25062,147,6533,180,30722,33465,28285,87,33467,3132,108],"42wp_author":[47113],"class_list":["post-100676","post","type-post","status-publish","format-standard","has-post-thumbnail","hentry","category-f1","tag-belgica","tag-f1","tag-f1-2023","tag-formula-1","tag-formula-1-2023","tag-formula-1-classificacao-2023","tag-grandepremio","tag-lewis-hamilton","tag-onde-assistir-f1-2023","tag-sergio-perez","tag-spa-francorchamps","42wp_author-juliana-tesser"],"_links":{"self":[{"href":"https:\/\/grandepremio.com\/br\/wp-json\/wp\/v2\/posts\/100676","targetHints":{"allow":["GET"]}}],"collection":[{"href":"https:\/\/grandepremio.com\/br\/wp-json\/wp\/v2\/posts"}],"about":[{"href":"https:\/\/grandepremio.com\/br\/wp-json\/wp\/v2\/types\/post"}],"replies":[{"embeddable":true,"href":"https:\/\/grandepremio.com\/br\/wp-json\/wp\/v2\/comments?post=100676"}],"version-history":[{"count":0,"href":"https:\/\/grandepremio.com\/br\/wp-json\/wp\/v2\/posts\/100676\/revisions"}],"wp:featuredmedia":[{"embeddable":true,"href":"https:\/\/grandepremio.com\/br\/wp-json\/wp\/v2\/media\/1000712684"}],"wp:attachment":[{"href":"https:\/\/grandepremio.com\/br\/wp-json\/wp\/v2\/media?parent=100676"}],"wp:term":[{"taxonomy":"category","embeddable":true,"href":"https:\/\/grandepremio.com\/br\/wp-json\/wp\/v2\/categories?post=100676"},{"taxonomy":"post_tag","embeddable":true,"href":"https:\/\/grandepremio.com\/br\/wp-json\/wp\/v2\/tags?post=100676"},{"taxonomy":"42wp_author","embeddable":true,"href":"https:\/\/grandepremio.com\/br\/wp-json\/wp\/v2\/42wp_author?post=100676"}],"curies":[{"name":"wp","href":"https:\/\/api.w.org\/{rel}","templated":true}]}}