{"id":100688,"date":"2023-07-29T09:32:20","date_gmt":"2023-07-29T12:32:20","guid":{"rendered":"https:\/\/grandepremio.com\/br\/noticias\/atraso-classificacao-adia-largada-corrida-sprint-formula-1-gp-belgica\/"},"modified":"2023-07-29T09:33:27","modified_gmt":"2023-07-29T12:33:27","slug":"atraso-classificacao-adia-largada-corrida-sprint-formula-1-gp-belgica","status":"publish","type":"post","link":"https:\/\/grandepremio.com\/br\/f1\/atraso-classificacao-adia-largada-corrida-sprint-formula-1-gp-belgica\/","title":{"rendered":"Atraso na classifica\u00e7\u00e3o adia largada da corrida sprint da F\u00f3rmula 1 no GP da B\u00e9lgica"},"content":{"rendered":"\n<p class=\"wp-block-paragraph\">A <strong>F\u00f3rmula 1<\/strong> teve uma ligeira mudan\u00e7a na programa\u00e7\u00e3o deste s\u00e1bado (29). Na esteira de um atraso na classifica\u00e7\u00e3o de mais cedo, a largada da corrida sprint do GP da <strong>B\u00e9lgica <\/strong>foi adiada de 11h30 para 12h05 no hor\u00e1rio de <strong>Bras\u00edlia<\/strong>.<\/p>\n\n\n\n<p class=\"wp-block-paragraph\">Por conta da chuva, a <a href=\"https:\/\/www.grandepremio.com\/br\/f1\/noticias\/max-verstappen-supera-oscar-piastri-0s011-crava-pole-position-corrida-sprint-f1-belgica\/\" class=\"ek-link\">classifica\u00e7\u00e3o da sprint sofreu um atraso de 35 minutos<\/a>, j\u00e1 que a <strong>F1 <\/strong>optou por aguardar a melhora nas condi\u00e7\u00f5es de pista. E, como o regulamento da <strong>FIA <\/strong>(Federa\u00e7\u00e3o Internacional de <strong>Automobilismo<\/strong>) determina que deve existir um m\u00ednimo de 4h30min entre o in\u00edcio da classifica\u00e7\u00e3o e a largada, o atraso deve ser igual.<\/p>\n\n\n\n<figure class=\"wp-block-image size-large\"><img decoding=\"async\" src=\"https:\/\/www.grandepremio.com\/br\/wp-content\/uploads\/2023\/07\/f1-2023-belgica-classificacao-sprint-redbull-maxverstappen-08-1024x683.jpg\" alt=\"\" class=\"wp-image-712720\"\/><figcaption class=\"wp-element-caption\">Max Verstappen ficou com a pole em Spa-Francorchamps (Foto: Red Bull Content Pool)<\/figcaption><\/figure>\n\n\n\n<p class=\"wp-block-paragraph\"><strong>\u25b6\ufe0f\u00a0Inscreva-se nos dois canais do GRANDE PR\u00caMIO no YouTube:\u00a0<a href=\"https:\/\/www.youtube.com\/channel\/UC9OlHEgxoaY6QY6nWPoiqQg?sub_confirmation=1\" target=\"_blank\" rel=\"noreferrer noopener\">GP<\/a>\u00a0|\u00a0<a href=\"https:\/\/www.youtube.com\/channel\/UC9csiS6q_C3C0FYhyr1rnFA?sub_confirmation=1\" target=\"_blank\" rel=\"noreferrer noopener\">GP2<\/a><\/strong><br><strong>\u25b6\ufe0f\u00a0<a href=\"https:\/\/www.twitch.tv\/grandepremio\" target=\"_blank\" rel=\"noreferrer noopener\">Conhe\u00e7a o canal do GRANDE PR\u00caMIO na Twitch clicando aqui!<\/a><\/strong><\/p>\n\n\n\n<p class=\"wp-block-paragraph\">A previs\u00e3o \u00e9 de que a corrida sprint tenha 15 voltas, mas, tamb\u00e9m por conta do risco de tempestade, <a href=\"https:\/\/www.grandepremio.com\/br\/f1\/noticias\/fia-cria-alternativas-cancelamentos-spa-grid-pode-ser-definido-campeonato\/\" class=\"ek-link\">existem cen\u00e1rios alternativos para a distribui\u00e7\u00e3o dos pontos<\/a>. Com menos de 50% da dist\u00e2ncia completada, ningu\u00e9m pontua. Se a corrida superar os 50% do total, ent\u00e3o o top-8 pontua no m\u00e9todo normal: 8-7-6-5-4-3-2-1.<\/p>\n\n\n\n<p class=\"wp-block-paragraph\">Pelo acordo feito com as equipes ap\u00f3s a polemica do GP da B\u00e9lgica de 2021, quando metade dos pontos foram distribu\u00eddos apesar de terem rodado apenas atr\u00e1s do safety-car, os pilotos precisam completar no m\u00ednimo duas voltas sem interven\u00e7\u00e3o do safety-car ou do safety-car virtual para poderem pontuar.<\/p>\n\n\n\n<p class=\"wp-block-paragraph\">A\u00a0<a href=\"https:\/\/www.grandepremio.com\/formula-1\/\" target=\"_blank\" rel=\"noreferrer noopener\"><\/a><a href=\"https:\/\/www.grandepremio.com\/formula-1\/\" target=\"_blank\" rel=\"noreferrer noopener\">F\u00f3rmula 1<\/a>\u00a0volta \u00e0 pista logo mais, a partir das 12h05 (de Bras\u00edlia, GMT-3), para a disputa da\u00a0<strong>corrida sprint<\/strong>\u00a0da B\u00e9lgica, 12\u00aa etapa da temporada 2023. O\u00a0<strong>GRANDE PR\u00caMIO\u00a0<\/strong>acompanha todas as atividades\u00a0<strong>AO VIVO<\/strong>\u00a0e em\u00a0<strong><a href=\"https:\/\/www.grandepremio.com\/br\/ao-vivo\/\" target=\"_blank\" rel=\"noreferrer noopener\">TEMPO REAL<\/a><\/strong>. S\u00e1bado e domingo, ainda tem a\u00a0<a href=\"https:\/\/formula1aovivo.com\/\" target=\"_blank\" rel=\"noreferrer noopener\">transmiss\u00e3o<\/a>\u00a0em segunda tela, em parceria com a\u00a0<strong>Voz do Esporte<\/strong>.<\/p>\n\n\n\n<figure class=\"wp-block-embed is-type-video is-provider-youtube wp-block-embed-youtube wp-embed-aspect-16-9 wp-has-aspect-ratio\"><div class=\"wp-block-embed__wrapper\">\n<iframe loading=\"lazy\" title=\"F1 2023 na B\u00c9LGICA: Verstappen DETONA e Leclerc HERDA pole | Briefing\" width=\"500\" height=\"281\" src=\"https:\/\/www.youtube.com\/embed\/-TI1wDjwERI?feature=oembed\" frameborder=\"0\" allow=\"accelerometer; autoplay; clipboard-write; encrypted-media; gyroscope; picture-in-picture; web-share\" referrerpolicy=\"strict-origin-when-cross-origin\" allowfullscreen><\/iframe>\n<\/div><\/figure>\n","protected":false},"excerpt":{"rendered":"<p>Por causa da chuva que adiou o in\u00edcio da classifica\u00e7\u00e3o deste s\u00e1bado (29) em Spa-Francorchamps, a largada da prova curta tamb\u00e9m vai acontecer mais tarde<\/p>\n","protected":false},"author":0,"featured_media":1000712681,"comment_status":"closed","ping_status":"closed","sticky":false,"template":"","format":"standard","meta":{"42wp_featured_image_caption":"","42wp_featured_image_credits":"","42wp_featured_video":"","42wp_featured_image_hidden":false,"42wp_authors_list":[],"footnotes":""},"categories":[2],"tags":[25062,33466,1134,5660,147,6533,180,30722,33465,28285,610,33467,108,2984],"42wp_author":[47113],"class_list":["post-100688","post","type-post","status-publish","format-standard","has-post-thumbnail","hentry","category-f1","tag-belgica","tag-calendario-formula-1-2023","tag-chuva","tag-classificacao","tag-f1","tag-f1-2023","tag-formula-1","tag-formula-1-2023","tag-formula-1-classificacao-2023","tag-grandepremio","tag-largada","tag-onde-assistir-f1-2023","tag-spa-francorchamps","tag-sprint","42wp_author-juliana-tesser"],"_links":{"self":[{"href":"https:\/\/grandepremio.com\/br\/wp-json\/wp\/v2\/posts\/100688","targetHints":{"allow":["GET"]}}],"collection":[{"href":"https:\/\/grandepremio.com\/br\/wp-json\/wp\/v2\/posts"}],"about":[{"href":"https:\/\/grandepremio.com\/br\/wp-json\/wp\/v2\/types\/post"}],"replies":[{"embeddable":true,"href":"https:\/\/grandepremio.com\/br\/wp-json\/wp\/v2\/comments?post=100688"}],"version-history":[{"count":0,"href":"https:\/\/grandepremio.com\/br\/wp-json\/wp\/v2\/posts\/100688\/revisions"}],"wp:featuredmedia":[{"embeddable":true,"href":"https:\/\/grandepremio.com\/br\/wp-json\/wp\/v2\/media\/1000712681"}],"wp:attachment":[{"href":"https:\/\/grandepremio.com\/br\/wp-json\/wp\/v2\/media?parent=100688"}],"wp:term":[{"taxonomy":"category","embeddable":true,"href":"https:\/\/grandepremio.com\/br\/wp-json\/wp\/v2\/categories?post=100688"},{"taxonomy":"post_tag","embeddable":true,"href":"https:\/\/grandepremio.com\/br\/wp-json\/wp\/v2\/tags?post=100688"},{"taxonomy":"42wp_author","embeddable":true,"href":"https:\/\/grandepremio.com\/br\/wp-json\/wp\/v2\/42wp_author?post=100688"}],"curies":[{"name":"wp","href":"https:\/\/api.w.org\/{rel}","templated":true}]}}