{"id":10069,"date":"2026-04-13T13:25:51","date_gmt":"2026-04-13T16:25:51","guid":{"rendered":"https:\/\/grandepremio.com\/br\/noticias\/quais-horarios-6-horas-imola-wec-2026\/"},"modified":"2026-04-13T14:36:51","modified_gmt":"2026-04-13T17:36:51","slug":"quais-horarios-6-horas-imola-wec-2026","status":"publish","type":"post","link":"https:\/\/grandepremio.com\/br\/endurance\/wec\/quais-horarios-6-horas-imola-wec-2026\/","title":{"rendered":"Quais os hor\u00e1rios das 6 Horas de \u00cdmola do WEC 2026"},"content":{"rendered":"\n<p class=\"wp-block-paragraph\">Ap\u00f3s mais de cinco meses, o <strong>Mundial de Endurance (WEC)<\/strong> est\u00e1 de volta. A temporada 2026 da principal categoria do endurance mundial come\u00e7a neste fim de semana, e a primeira parada \u00e9 na <strong>It\u00e1lia<\/strong> para as <strong>6 Horas de \u00cdmola<\/strong>, entre os dias <strong>17 e 19 de abril<\/strong>. Confira todos os hor\u00e1rios da etapa de abertura do campeonato.<\/p>\n\n\n\n<p class=\"wp-block-paragraph\">O\u00a0<strong>GRANDE PR\u00caMIO<\/strong>\u00a0segue como emissora oficial do WEC no Brasil e transmite\u00a0<strong>AO VIVO e COM IMAGENS<\/strong>\u00a0todas as sess\u00f5es do fim de semana, assim como todas as provas da temporada, no canal no\u00a0<strong>YouTube\u00a0<\/strong>e na\u00a0<strong>GPTV<\/strong>.<\/p>\n\n\n\n<figure class=\"wp-block-embed is-type-video is-provider-youtube wp-block-embed-youtube wp-embed-aspect-16-9 wp-has-aspect-ratio\"><div class=\"wp-block-embed__wrapper\">\n<iframe loading=\"lazy\" title=\"ENDURANCE COMO ALTERNATIVA \u00c0 F1. E OS PILOTOS EM RISCO NA INDY | Sprint GP\" width=\"500\" height=\"281\" src=\"https:\/\/www.youtube.com\/embed\/Jpkm2KpUcPA?feature=oembed\" frameborder=\"0\" allow=\"accelerometer; autoplay; clipboard-write; encrypted-media; gyroscope; picture-in-picture; web-share\" referrerpolicy=\"strict-origin-when-cross-origin\" allowfullscreen><\/iframe>\n<\/div><\/figure>\n\n\n\n<h3 class=\"wp-block-heading\" id=\"h-gp-experience-o-novo-produto-do-grande-premio-conecta-voce-aos-maiores-eventos-de-esporte-a-motor-do-mundo-va-para-indianapolis-com-a-gente-saiba-aqui-todos-os-detalhes\"><strong><mark style=\"background-color:rgba(0, 0, 0, 0)\" class=\"has-inline-color has-vivid-red-color\">+ GP EXPERIENCE: o novo produto do GRANDE PR\u00caMIO conecta voc\u00ea aos maiores eventos de esporte a motor do mundo. V\u00e1 para Indian\u00e1polis com a gente:\u00a0<a href=\"https:\/\/gpexperience.tur.br\/\" target=\"_blank\" rel=\"noreferrer noopener\">saiba aqui todos os detalhes<\/a>.<\/mark><\/strong><\/h3>\n\n\n\n<p class=\"wp-block-paragraph\">As atividades em \u00cdmola come\u00e7am bem cedo na sexta-feira (17), com o TL1 tendo in\u00edcio \u00e0s 5h15 (de Bras\u00edlia, GMT-3). Alguns momentos depois, \u00e0s 10h15, os pilotos voltam \u00e0 pista para o segundo treino livre.<\/p>\n\n\n\n<p class=\"wp-block-paragraph\">No s\u00e1bado (18), o terceiro e \u00faltimo treino livre come\u00e7a \u00e0s 5h30, com a classifica\u00e7\u00e3o logo em seguida, \u00e0s 9h30. A largada da prova que abre a edi\u00e7\u00e3o 2026 do campeonato \u00e9 no domingo (19), \u00e0s 8h.<\/p>\n\n\n\n<figure class=\"wp-block-image size-large\"><img decoding=\"async\" src=\"https:\/\/www.grandepremio.com\/br\/wp-content\/uploads\/2025\/11\/DPPIPRODUCTION_00003919_0819-1200x800.jpg\" alt=\"\" class=\"wp-image-1033419\"\/><figcaption class=\"wp-element-caption\">Ferrari chega ao WEC 2026 para defender os Mundiais de Construtores e Pilotos (Foto: Julien Delfosse \/ DPPI)<\/figcaption><\/figure>\n\n\n\n<p class=\"wp-block-paragraph\">\u25b6\ufe0f<strong>\u00a0Inscreva-se nos dois canais do GRANDE PR\u00caMIO no YouTube:\u00a0<\/strong><a href=\"https:\/\/www.youtube.com\/channel\/UC9OlHEgxoaY6QY6nWPoiqQg?sub_confirmation=1\" target=\"_blank\" rel=\"noreferrer noopener\"><strong>GP\u00a0|\u00a0GPTV<\/strong><\/a><a href=\"https:\/\/www.grandepremio.com\/br\/chefao\/\" target=\"_blank\" rel=\"noreferrer noopener\"><\/a><\/p>\n\n\n\n<p class=\"wp-block-paragraph\">O WEC teve o in\u00edcio da temporada adiado em quase um m\u00eas por conta do <a href=\"https:\/\/www.grandepremio.com\/br\/endurance\/wec\/noticias\/wec-cancela-abertura-temporada-2026-catar-guerra-oriente-medio\/\">adiamento dos <strong>1.812km do Catar<\/strong><\/a>. A prova seria realizada entre os dias 26 e 28 de mar\u00e7o, mas precisou ser remanejada por conta dos conflitos militares envolvendo <strong>Estados Unidos<\/strong>, <strong>Iraque <\/strong>e <strong>Ir\u00e3 <\/strong>no <strong>Oriente M\u00e9dio<\/strong> e <a href=\"https:\/\/www.grandepremio.com\/br\/endurance\/wec\/noticias\/wec-anuncia-nova-data-confirma-1-812-km-do-catar-temporada-2026\/\">est\u00e1 programada para o dia 24 de outubro<\/a>, assumindo o posto de pen\u00faltima etapa do campeonato, pouco antes das <strong>8 Horas do Bahrein<\/strong>, que encerram o calend\u00e1rio em novembro. Ambas as provas <a href=\"https:\/\/www.grandepremio.com\/br\/endurance\/wec\/noticias\/wec-estabelece-prazo-para-definir-realizacao-provas-oriente-medio-2026\/\">precisam atender exig\u00eancias de seguran\u00e7a para serem realizadas<\/a> \u2014 o martelo ser\u00e1 batido at\u00e9 o ver\u00e3o europeu.<\/p>\n\n\n\n<p class=\"wp-block-paragraph\">Na classe <strong>hipercarros<\/strong>, a <strong>Ferrari<\/strong> entra na temporada 2026 como atual campe\u00e3 do <strong>Mundial de Construtores<\/strong> e tem o trio formado por <strong>James Calado<\/strong>, <strong>Antonio Giovinazzi<\/strong> e <strong>Alessandro Pier Guidi<\/strong> defendendo o <strong>Mundial de Pilotos<\/strong>. Na <strong>LMGT3<\/strong>, <strong>Richard Lietz<\/strong> e <strong>Riccardo Pera<\/strong> defendem o t\u00edtulo de Pilotos ao lado de <strong>Yasser Shahin<\/strong>, que substitui <strong>Ryan Hardwick<\/strong> a bordo do <strong>Porsche 911<\/strong> da <strong>Manthey<\/strong>.<\/p>\n\n\n\n<h2 class=\"wp-block-heading\" id=\"h-6h-de-imola-do-wec-2026-veja-os-horarios-em-brasil-cabo-verde-portugal-angola-e-mocambique\"><strong>6H de \u00cdmola do WEC 2026:\u00a0veja os hor\u00e1rios em Brasil, Cabo Verde,\u00a0Portugal, Angola e Mo\u00e7ambique<\/strong><\/h2>\n\n\n\n<figure class=\"wp-block-table\"><table class=\"has-fixed-layout\"><tbody><tr><td class=\"has-text-align-left\" data-align=\"left\"><strong>Data<\/strong><\/td><td class=\"has-text-align-left\" data-align=\"left\"><strong>&nbsp;Sess\u00e3o<\/strong><\/td><td class=\"has-text-align-left\" data-align=\"left\"><strong>BRA*<\/strong><\/td><td class=\"has-text-align-left\" data-align=\"left\"><strong>CBV<\/strong><\/td><td class=\"has-text-align-left\" data-align=\"left\"><strong>POR\/ANG<\/strong><\/td><td class=\"has-text-align-left\" data-align=\"left\"><strong>MOZ<\/strong><\/td><\/tr><tr><td class=\"has-text-align-left\" data-align=\"left\">Sexta-feira (17)<\/td><td class=\"has-text-align-left\" data-align=\"left\">Treino livre 1<\/td><td class=\"has-text-align-left\" data-align=\"left\">5h15<\/td><td class=\"has-text-align-left\" data-align=\"left\">7h15<\/td><td class=\"has-text-align-left\" data-align=\"left\">9h15<\/td><td class=\"has-text-align-left\" data-align=\"left\">10h15<\/td><\/tr><tr><td class=\"has-text-align-left\" data-align=\"left\">Sexta-feira (17)<\/td><td class=\"has-text-align-left\" data-align=\"left\">Treino livre 2<\/td><td class=\"has-text-align-left\" data-align=\"left\">10h15<\/td><td class=\"has-text-align-left\" data-align=\"left\">12h15<\/td><td class=\"has-text-align-left\" data-align=\"left\">14h15<\/td><td class=\"has-text-align-left\" data-align=\"left\">15h15<\/td><\/tr><tr><td class=\"has-text-align-left\" data-align=\"left\">S\u00e1bado (18)<\/td><td class=\"has-text-align-left\" data-align=\"left\">Treino livre 3<\/td><td class=\"has-text-align-left\" data-align=\"left\">5h30<\/td><td class=\"has-text-align-left\" data-align=\"left\">7h30<\/td><td class=\"has-text-align-left\" data-align=\"left\">9h30<\/td><td class=\"has-text-align-left\" data-align=\"left\">10h30<\/td><\/tr><tr><td class=\"has-text-align-left\" data-align=\"left\">S\u00e1bado (18)<\/td><td class=\"has-text-align-left\" data-align=\"left\">Classifica\u00e7\u00e3o<\/td><td class=\"has-text-align-left\" data-align=\"left\">9h30<\/td><td class=\"has-text-align-left\" data-align=\"left\">11h30<\/td><td class=\"has-text-align-left\" data-align=\"left\">13h30<\/td><td class=\"has-text-align-left\" data-align=\"left\">14h30<\/td><\/tr><tr><td class=\"has-text-align-left\" data-align=\"left\">Domingo (19)<\/td><td class=\"has-text-align-left\" data-align=\"left\">Corrida<\/td><td class=\"has-text-align-left\" data-align=\"left\">8h<\/td><td class=\"has-text-align-left\" data-align=\"left\">10h<\/td><td class=\"has-text-align-left\" data-align=\"left\">12h<\/td><td class=\"has-text-align-left\" data-align=\"left\">13h<\/td><\/tr><\/tbody><\/table><\/figure>\n\n\n\n<p class=\"wp-block-paragraph\"><em>*Hor\u00e1rios de Bras\u00edlia (GMT-3)<\/em><\/p>\n","protected":false},"excerpt":{"rendered":"<p>A temporada 2026 do Mundial de Endurance (WEC) come\u00e7a neste fim de semana, em \u00cdmola. Confira a programa\u00e7\u00e3o das atividades<\/p>\n","protected":false},"author":0,"featured_media":1001031163,"comment_status":"closed","ping_status":"closed","sticky":false,"template":"","format":"standard","meta":{"42wp_featured_image_caption":"","42wp_featured_image_credits":"","42wp_featured_video":"","42wp_featured_image_hidden":false,"42wp_authors_list":[],"footnotes":""},"categories":[52],"tags":[39216,456,207,5386,1203,736],"42wp_author":[47164],"class_list":["post-10069","post","type-post","status-publish","format-standard","has-post-thumbnail","hentry","category-wec","tag-6-horas-imola","tag-antonio-giovinazzi","tag-ferrari","tag-imola","tag-james-calado","tag-porsche","42wp_author-marcos-gil-ribeiro"],"_links":{"self":[{"href":"https:\/\/grandepremio.com\/br\/wp-json\/wp\/v2\/posts\/10069","targetHints":{"allow":["GET"]}}],"collection":[{"href":"https:\/\/grandepremio.com\/br\/wp-json\/wp\/v2\/posts"}],"about":[{"href":"https:\/\/grandepremio.com\/br\/wp-json\/wp\/v2\/types\/post"}],"replies":[{"embeddable":true,"href":"https:\/\/grandepremio.com\/br\/wp-json\/wp\/v2\/comments?post=10069"}],"version-history":[{"count":0,"href":"https:\/\/grandepremio.com\/br\/wp-json\/wp\/v2\/posts\/10069\/revisions"}],"wp:featuredmedia":[{"embeddable":true,"href":"https:\/\/grandepremio.com\/br\/wp-json\/wp\/v2\/media\/1001031163"}],"wp:attachment":[{"href":"https:\/\/grandepremio.com\/br\/wp-json\/wp\/v2\/media?parent=10069"}],"wp:term":[{"taxonomy":"category","embeddable":true,"href":"https:\/\/grandepremio.com\/br\/wp-json\/wp\/v2\/categories?post=10069"},{"taxonomy":"post_tag","embeddable":true,"href":"https:\/\/grandepremio.com\/br\/wp-json\/wp\/v2\/tags?post=10069"},{"taxonomy":"42wp_author","embeddable":true,"href":"https:\/\/grandepremio.com\/br\/wp-json\/wp\/v2\/42wp_author?post=10069"}],"curies":[{"name":"wp","href":"https:\/\/api.w.org\/{rel}","templated":true}]}}