{"id":100691,"date":"2023-07-29T07:46:41","date_gmt":"2023-07-29T10:46:41","guid":{"rendered":"https:\/\/grandepremio.com\/br\/noticias\/nick-cassidy-lidera-tl2-ep-de-londres-encerrado-batida-robin-frijns-sergio-sette-camara\/"},"modified":"2023-07-29T08:12:10","modified_gmt":"2023-07-29T11:12:10","slug":"nick-cassidy-lidera-tl2-ep-de-londres-encerrado-batida-robin-frijns-sergio-sette-camara","status":"publish","type":"post","link":"https:\/\/grandepremio.com\/br\/formula-e\/nick-cassidy-lidera-tl2-ep-de-londres-encerrado-batida-robin-frijns-sergio-sette-camara\/","title":{"rendered":"Cassidy lidera TL2 do eP de Londres encerrado por batida de Frijns. Sette C\u00e2mara \u00e9 7\u00ba"},"content":{"rendered":"\n<p class=\"wp-block-paragraph\">Ainda sonhando com a conquista do t\u00edtulo mundial da <strong>F\u00f3rmula E<\/strong>, <strong>Nick Cassidy <\/strong>conquistou a lideran\u00e7a do <strong>TL2<\/strong> do <strong>eP de Londres<\/strong> <strong>1<\/strong>, <a href=\"https:\/\/www.youtube.com\/watch?v=n1VJZTfCvH8\" target=\"_blank\" aria-label=\"realizado na manh\u00e3 deste s\u00e1bado (29) (opens in a new tab)\" rel=\"noreferrer noopener\" class=\"ek-link\">realizado na manh\u00e3 deste s\u00e1bado (29)<\/a>. Com uma subida de ritmo na metade final da atividade, o neozeland\u00eas anotou <strong>1min11s264 <\/strong>em sua volta mais r\u00e1pida e superou <strong>Dan<\/strong> <strong>Ticktum<\/strong>, da <strong>NIO<\/strong>, dono do segundo posto, por <strong>0s314<\/strong>. <strong>S\u00e9bastien<\/strong> <strong>Buemi<\/strong>, companheiro do vice-l\u00edder na <strong>Envision<\/strong>, terminou em terceiro.<\/p>\n\n\n\n<p class=\"wp-block-paragraph\">A sess\u00e3o transcorreu sem grandes problemas em Londres, com os pilotos avaliando principalmente as condi\u00e7\u00f5es do tra\u00e7ado externo da ExCeL Arena \u2014 que recebeu chuva at\u00e9 pouco tempo antes do in\u00edcio do TL2. Assim, <strong>Jake Dennis <\/strong>voltou a ser protagonista da atividade ao reclamar bastante do ritmo da <strong>Andretti<\/strong>, que mais uma vez o incomodou.<\/p>\n\n\n\n<p class=\"wp-block-paragraph\"><strong>\u25b6\ufe0f&nbsp;<a href=\"https:\/\/www.twitch.tv\/grandepremio\" target=\"_blank\" rel=\"noreferrer noopener\">Conhe\u00e7a o canal do GRANDE PR\u00caMIO na Twitch clicando aqui!<\/a><\/strong><\/p>\n\n\n\n<figure class=\"wp-block-image size-large\"><img decoding=\"async\" src=\"https:\/\/www.grandepremio.com\/br\/wp-content\/uploads\/2023\/07\/EPS913_061039_V6A3111-2048x2048-2-1024x683.jpg\" alt=\"\" class=\"wp-image-708030\"\/><figcaption class=\"wp-element-caption\">Mais uma vez, Dennis reclamou do rendimento da Andretti em Londres (Foto: F\u00f3rmula E)<\/figcaption><\/figure>\n\n\n\n<p class=\"wp-block-paragraph\"><strong>\u25b6\ufe0f&nbsp;Inscreva-se nos dois canais do GRANDE PR\u00caMIO no YouTube:&nbsp;<a href=\"https:\/\/www.youtube.com\/channel\/UC9OlHEgxoaY6QY6nWPoiqQg?sub_confirmation=1\" target=\"_blank\" rel=\"noreferrer noopener\">GP<\/a>&nbsp;|&nbsp;<a href=\"https:\/\/www.youtube.com\/channel\/UC9csiS6q_C3C0FYhyr1rnFA?sub_confirmation=1\" target=\"_blank\" rel=\"noreferrer noopener\">GP2<\/a><\/strong><\/p>\n\n\n\n<p class=\"wp-block-paragraph\">Entre os brasileiros, <strong>S\u00e9rgio<\/strong> <strong>Sette<\/strong> <strong>C\u00e2mara <\/strong>apresentou novo desempenho forte e terminou com a s\u00e9tima coloca\u00e7\u00e3o ap\u00f3s registrar <strong>1min11s837<\/strong>. <strong>Lucas<\/strong> <strong>Di Grassi <\/strong>tamb\u00e9m levou a <strong>Mahindra <\/strong>ao top-10 e fechou na d\u00e9cima coloca\u00e7\u00e3o, com <strong>1min12s005<\/strong>.<\/p>\n\n\n\n<p class=\"wp-block-paragraph\">Nos \u00faltimos segundos do TL2, <strong>Robin<\/strong> <strong>Frijns <\/strong>errou a passagem pela curva 16, a mesma do modo de ataque, e foi direto na barreira de prote\u00e7\u00e3o com sua <strong>Abt Cupra<\/strong>. Com a bandeira vermelha acionada, o treino foi encerrado com alguns minutos de anteced\u00eancia.<\/p>\n\n\n\n<p class=\"wp-block-paragraph\">Assim, <strong>Cassidy <\/strong>permaneceu intoc\u00e1vel na lideran\u00e7a, com <strong>Ticktum <\/strong>e <strong>Buemi <\/strong>logo atr\u00e1s. Completaram o top-10: <strong>Pascal<\/strong> <strong>Wehrlein<\/strong>, <strong>Dennis<\/strong>, <strong>Mitch<\/strong> <strong>Evans<\/strong>, <strong>Sette C\u00e2mara<\/strong>, <strong>Andr\u00e9<\/strong> <strong>Lotterer<\/strong>, <strong>Stoffel<\/strong> <strong>Vandoorne <\/strong>e <strong>Di Grassi<\/strong>.<\/p>\n\n\n\n<h2 class=\"wp-block-heading\" id=\"h-formula-e-2022-23-ep-de-londres-15\u00aa-etapa-tl2\">F\u00f3rmula E 2022\/23, eP de Londres, 15\u00aa Etapa, TL2:<\/h2>\n\n\n\n<figure class=\"wp-block-table\"><table><tbody><tr><td>1<\/td><td>N CASSIDY<\/td><td>Envision<\/td><td>1:11.264<\/td><td>&nbsp;<\/td><\/tr><tr><td>2<\/td><td>D TICKTUM<\/td><td>NIO<\/td><td>1:11.578<\/td><td>+0.314<\/td><\/tr><tr><td>3<\/td><td>S BUEMI<\/td><td>Envision<\/td><td>1:11.589<\/td><td>+0.325<\/td><\/tr><tr><td>4<\/td><td>P WEHRLEIN<\/td><td>Porsche<\/td><td>1:11.614<\/td><td>+0.350<\/td><\/tr><tr><td>5<\/td><td>J DENNIS<\/td><td>Andretti<\/td><td>1:11.781<\/td><td>+0.517<\/td><\/tr><tr><td>6<\/td><td>M EVANS<\/td><td>Jaguar<\/td><td>1:11.810<\/td><td>+0.546<\/td><\/tr><tr><td>7<\/td><td>S. SETTE C\u00c2MARA<\/td><td>NIO<\/td><td>1:11.837<\/td><td>+0.573<\/td><\/tr><tr><td>8<\/td><td>A LOTTERER<\/td><td>Andretti<\/td><td>1:11.981<\/td><td>+0.717<\/td><\/tr><tr><td>9<\/td><td>S VANDOORNE<\/td><td>DS Penske<\/td><td>1:11.983<\/td><td>+0.719<\/td><\/tr><tr><td>10<\/td><td>L DI GRASSI<\/td><td>Mahindra<\/td><td>1:12.005<\/td><td>+0.741<\/td><\/tr><tr><td>11<\/td><td>N NATO<\/td><td>Nissan<\/td><td>1:12.045<\/td><td>+0.781<\/td><\/tr><tr><td>12<\/td><td>A.F DA COSTA<\/td><td>Porsche<\/td><td>1:12.085<\/td><td>+0.821<\/td><\/tr><tr><td>13<\/td><td>J HUGHES<\/td><td>McLaren<\/td><td>1:12.176<\/td><td>+0.912<\/td><\/tr><tr><td>14<\/td><td>N M\u00dcLLER<\/td><td>Abt Cupra<\/td><td>1:12.244<\/td><td>+0.980<\/td><\/tr><tr><td>15<\/td><td>R RAST<\/td><td>McLaren<\/td><td>1:12.246<\/td><td>+0.982<\/td><\/tr><tr><td>16<\/td><td>S BIRD<\/td><td>Jaguar<\/td><td>1:12.258<\/td><td>+0.994<\/td><\/tr><tr><td>17<\/td><td>M G\u00dcNTHER<\/td><td>Maserati<\/td><td>1:12.309<\/td><td>+1.045<\/td><\/tr><tr><td>18<\/td><td>R FRIJNS<\/td><td>Abt Cupra<\/td><td>1:12.544<\/td><td>+1.280<\/td><\/tr><tr><td>19<\/td><td>E MORTARA<\/td><td>Maserati<\/td><td>1:12.673<\/td><td>+1.409<\/td><\/tr><tr><td>20<\/td><td>J.E VERGNE<\/td><td>DS Penske<\/td><td>1:12.735<\/td><td>+1.471<\/td><\/tr><tr><td>21<\/td><td>R MERHI<\/td><td>Mahindra<\/td><td>1:13.055<\/td><td>+1.791<\/td><\/tr><tr><td>22<\/td><td>S FENESTRAZ<\/td><td>Nissan<\/td><td>1:13.059<\/td><td>+1.795<\/td><\/tr><\/tbody><\/table><\/figure>\n\n\n\n<figure class=\"wp-block-embed is-type-video is-provider-youtube wp-block-embed-youtube wp-embed-aspect-16-9 wp-has-aspect-ratio\"><div class=\"wp-block-embed__wrapper\">\n<iframe loading=\"lazy\" title=\"F\u00d3RMULA E 2023 - eP de Londres | 15\u00aa etapa | Treino Livre 2\" width=\"500\" height=\"281\" src=\"https:\/\/www.youtube.com\/embed\/n1VJZTfCvH8?feature=oembed\" frameborder=\"0\" allow=\"accelerometer; autoplay; clipboard-write; encrypted-media; gyroscope; picture-in-picture; web-share\" referrerpolicy=\"strict-origin-when-cross-origin\" allowfullscreen><\/iframe>\n<\/div><\/figure>\n","protected":false},"excerpt":{"rendered":"<p>Nick Cassidy levou a Envision ao topo do TL2 do eP de Londres 1 e deixou boa impress\u00e3o antes da classifica\u00e7\u00e3o. L\u00edder do campeonato, Jake Dennis terminou em quinto, mas saiu bastante incomodado com rendimento da Andretti<\/p>\n","protected":false},"author":0,"featured_media":1000708407,"comment_status":"closed","ping_status":"closed","sticky":false,"template":"","format":"standard","meta":{"42wp_featured_image_caption":"","42wp_featured_image_credits":"","42wp_featured_video":"","42wp_featured_image_hidden":false,"42wp_authors_list":[],"footnotes":""},"categories":[19],"tags":[417,28679,6853,10437,19052,31184,379,30779,840,31435,1601,1491,30103,28285,8928,2128,375,1025],"42wp_author":[47142],"class_list":["post-100691","post","type-post","status-publish","format-standard","has-post-thumbnail","hentry","category-formula-e","tag-andretti","tag-calendario-formula-e","tag-classificacao-formula-e","tag-envision","tag-ep-de-londres","tag-excel-arena","tag-fe","tag-fe-2023","tag-formula-e","tag-formula-e-2023","tag-gen3","tag-grande-premio","tag-grande-premio-f1","tag-grandepremio","tag-jake-dennis","tag-nick-cassidy","tag-nio","tag-sergio-sette-camara","42wp_author-jp-nascimento"],"_links":{"self":[{"href":"https:\/\/grandepremio.com\/br\/wp-json\/wp\/v2\/posts\/100691","targetHints":{"allow":["GET"]}}],"collection":[{"href":"https:\/\/grandepremio.com\/br\/wp-json\/wp\/v2\/posts"}],"about":[{"href":"https:\/\/grandepremio.com\/br\/wp-json\/wp\/v2\/types\/post"}],"replies":[{"embeddable":true,"href":"https:\/\/grandepremio.com\/br\/wp-json\/wp\/v2\/comments?post=100691"}],"version-history":[{"count":0,"href":"https:\/\/grandepremio.com\/br\/wp-json\/wp\/v2\/posts\/100691\/revisions"}],"wp:featuredmedia":[{"embeddable":true,"href":"https:\/\/grandepremio.com\/br\/wp-json\/wp\/v2\/media\/1000708407"}],"wp:attachment":[{"href":"https:\/\/grandepremio.com\/br\/wp-json\/wp\/v2\/media?parent=100691"}],"wp:term":[{"taxonomy":"category","embeddable":true,"href":"https:\/\/grandepremio.com\/br\/wp-json\/wp\/v2\/categories?post=100691"},{"taxonomy":"post_tag","embeddable":true,"href":"https:\/\/grandepremio.com\/br\/wp-json\/wp\/v2\/tags?post=100691"},{"taxonomy":"42wp_author","embeddable":true,"href":"https:\/\/grandepremio.com\/br\/wp-json\/wp\/v2\/42wp_author?post=100691"}],"curies":[{"name":"wp","href":"https:\/\/api.w.org\/{rel}","templated":true}]}}