{"id":100698,"date":"2023-07-29T03:45:00","date_gmt":"2023-07-29T06:45:00","guid":{"rendered":"https:\/\/grandepremio.com\/br\/noticias\/formula-2-passar-tv-hoje-onde-assistir-corrida-sprint-belgica\/"},"modified":"2023-07-27T15:43:29","modified_gmt":"2023-07-27T18:43:29","slug":"formula-2-passar-tv-hoje-onde-assistir-corrida-sprint-belgica","status":"publish","type":"post","link":"https:\/\/grandepremio.com\/br\/f2\/formula-2-passar-tv-hoje-onde-assistir-corrida-sprint-belgica\/","title":{"rendered":"F\u00f3rmula 2 vai passar na TV hoje? Saiba onde assistir \u00e0 corrida sprint da B\u00e9lgica"},"content":{"rendered":"\n<p class=\"wp-block-paragraph\">S\u00e1bado \u00e9 dia de corrida sprint na<strong>\u00a0<a href=\"https:\/\/www.grandepremio.com\/br\/f2\/\" target=\"_blank\" rel=\"noreferrer noopener\">F\u00f3rmula 2<\/a><\/strong>, e n\u00e3o seria diferente hoje (29), com a categoria dividindo o final de semana com\u00a0<strong>F3\u00a0<\/strong>e\u00a0<strong>F1<\/strong>\u00a0na\u00a0<strong>B\u00e9lgica<\/strong>. Confira a seguir o hor\u00e1rio e os locais de\u00a0<a href=\"https:\/\/formula1aovivo.com\/\" target=\"_blank\" rel=\"noreferrer noopener\">transmiss\u00e3o<\/a>\u00a0para n\u00e3o se perder.<\/p>\n\n\n\n<p class=\"wp-block-paragraph\">A primeira prova do final de semana, que conta com o grid invertido do primeiro ao d\u00e9cimo, tem largada prevista para as\u00a0<strong>8h45 <\/strong>(de Bras\u00edlia, GMT-3). O torcedor poder\u00e1 acompanhar a atividade pelo streaming oficial da F1, o\u00a0<strong><a href=\"https:\/\/www.grandepremio.com\/formula-1\/\" target=\"_blank\" rel=\"noreferrer noopener\">F1\u00a0<\/a>TV<\/strong>, e tamb\u00e9m pelo canal fechado\u00a0<strong><a href=\"https:\/\/teleguiado.com\/\" target=\"_blank\" rel=\"noreferrer noopener\">Band<\/a>Sports<\/strong>.<\/p>\n\n\n\n<figure class=\"wp-block-image size-large\"><img decoding=\"async\" src=\"https:\/\/www.grandepremio.com\/br\/wp-content\/uploads\/2023\/06\/FzzIUNvaQAIqUJg-1024x683.jpg\" alt=\"Ayumu Iwasa \u00c1ustria F2 2023\" class=\"wp-image-701269\"\/><figcaption class=\"wp-element-caption\">Ayumu Iwasa \u00e9 o terceiro colocado na classifica\u00e7\u00e3o da F2 (Foto: Dutch Photo Agency)<\/figcaption><\/figure>\n\n\n\n<p class=\"wp-block-paragraph\"><strong>Frederik Vesti<\/strong>\u00a0\u00e9 o l\u00edder do campeonato, com 153 pontos \u2014 11 a mais que\u00a0<strong>Th\u00e9o Pourchaire<\/strong>.\u00a0<strong>Ayumu Iwasa<\/strong>\u00a0aparece em terceiro, seguido de\u00a0<strong>Victor Martins\u00a0<\/strong>e <strong>Jack Doohan<\/strong> completando os cinco primeiros.\u00a0<strong>Enzo Fittipaldi<\/strong>\u00a0\u00e9 o nono, com 72 pontos.<\/p>\n\n\n\n<p class=\"wp-block-paragraph\">O&nbsp;<strong>GRANDE PR\u00caMIO<\/strong>&nbsp;acompanha todas as atividades da temporada 2023.<\/p>\n\n\n\n<p class=\"wp-block-paragraph\"><strong>\u25b6\ufe0f&nbsp;Inscreva-se nos dois canais do GRANDE PR\u00caMIO no YouTube:&nbsp;<a href=\"https:\/\/www.youtube.com\/channel\/UC9OlHEgxoaY6QY6nWPoiqQg?sub_confirmation=1\" target=\"_blank\" rel=\"noreferrer noopener\">GP<\/a>&nbsp;|&nbsp;<a href=\"https:\/\/www.youtube.com\/channel\/UC9csiS6q_C3C0FYhyr1rnFA?sub_confirmation=1\" target=\"_blank\" rel=\"noreferrer noopener\">GP2<\/a><\/strong><br><strong>\u25b6\ufe0f&nbsp;<a href=\"https:\/\/www.twitch.tv\/grandepremio\" target=\"_blank\" rel=\"noreferrer noopener\">Conhe\u00e7a o canal do GRANDE PR\u00caMIO na Twitch clicando aqui!<\/a><\/strong><\/p>\n","protected":false},"excerpt":{"rendered":"<p>S\u00e1bado \u00e9 dia de corrida sprint na F\u00f3rmula 2. Confira o hor\u00e1rio e saiba onde assistir \u00e0 primeira prova do final de semana na B\u00e9lgica, em Spa-Francorchamps<\/p>\n","protected":false},"author":0,"featured_media":1000710120,"comment_status":"closed","ping_status":"closed","sticky":false,"template":"","format":"standard","meta":{"42wp_featured_image_caption":"","42wp_featured_image_credits":"","42wp_featured_video":"","42wp_featured_image_hidden":false,"42wp_authors_list":[],"footnotes":""},"categories":[9],"tags":[25062,35907,32310,29654,30246,111,32048,2208,32407,1491,28285,35029,35908,108,35906,35909,33171],"42wp_author":[47147],"class_list":["post-100698","post","type-post","status-publish","format-standard","has-post-thumbnail","hentry","category-f2","tag-belgica","tag-belgica-2023","tag-belgica-f2","tag-calendario-f2","tag-classificacao-f2","tag-f2","tag-f2-2023","tag-formula-2","tag-formula-2-2023","tag-grande-premio","tag-grandepremio","tag-horarios-f2","tag-rodada-da-belgica","tag-spa-francorchamps","tag-spa-francorchamps-2023","tag-spa-francorchamps-f2","tag-temporada-2023-f2","42wp_author-luana-marino"],"_links":{"self":[{"href":"https:\/\/grandepremio.com\/br\/wp-json\/wp\/v2\/posts\/100698","targetHints":{"allow":["GET"]}}],"collection":[{"href":"https:\/\/grandepremio.com\/br\/wp-json\/wp\/v2\/posts"}],"about":[{"href":"https:\/\/grandepremio.com\/br\/wp-json\/wp\/v2\/types\/post"}],"replies":[{"embeddable":true,"href":"https:\/\/grandepremio.com\/br\/wp-json\/wp\/v2\/comments?post=100698"}],"version-history":[{"count":0,"href":"https:\/\/grandepremio.com\/br\/wp-json\/wp\/v2\/posts\/100698\/revisions"}],"wp:featuredmedia":[{"embeddable":true,"href":"https:\/\/grandepremio.com\/br\/wp-json\/wp\/v2\/media\/1000710120"}],"wp:attachment":[{"href":"https:\/\/grandepremio.com\/br\/wp-json\/wp\/v2\/media?parent=100698"}],"wp:term":[{"taxonomy":"category","embeddable":true,"href":"https:\/\/grandepremio.com\/br\/wp-json\/wp\/v2\/categories?post=100698"},{"taxonomy":"post_tag","embeddable":true,"href":"https:\/\/grandepremio.com\/br\/wp-json\/wp\/v2\/tags?post=100698"},{"taxonomy":"42wp_author","embeddable":true,"href":"https:\/\/grandepremio.com\/br\/wp-json\/wp\/v2\/42wp_author?post=100698"}],"curies":[{"name":"wp","href":"https:\/\/api.w.org\/{rel}","templated":true}]}}