{"id":100708,"date":"2023-07-28T17:07:19","date_gmt":"2023-07-28T20:07:19","guid":{"rendered":"https:\/\/grandepremio.com\/br\/noticias\/mclaren-celebra-boa-classificacao-em-spa-apos-reducao-de-danos-de-norris\/"},"modified":"2023-07-28T17:07:26","modified_gmt":"2023-07-28T20:07:26","slug":"mclaren-celebra-boa-classificacao-em-spa-apos-reducao-de-danos-de-norris","status":"publish","type":"post","link":"https:\/\/grandepremio.com\/br\/f1\/mclaren-celebra-boa-classificacao-em-spa-apos-reducao-de-danos-de-norris\/","title":{"rendered":"McLaren celebra boa classifica\u00e7\u00e3o em Spa ap\u00f3s \u201credu\u00e7\u00e3o de danos\u201d de Norris"},"content":{"rendered":"\n<p class=\"wp-block-paragraph\">Em alta na temporada 2023 da <strong>F\u00f3rmula 1<\/strong>, a <strong>McLaren<\/strong> voltou a apresentar um ritmo competitivo durante a <a href=\"https:\/\/www.grandepremio.com\/br\/f1\/noticias\/max-verstappen-detona-charles-leclerc-herda-pole-punicao-troca-cambio-belgica\/\" class=\"ek-link\">classifica\u00e7\u00e3o para o <strong>GP da B\u00e9lgica<\/strong><\/a>, realizada na tarde desta sexta-feira (28). <strong>Andrea Stella<\/strong>, chefe da equipe, celebrou o sexto e s\u00e9timo lugar obtido por <strong>Oscar Piastri<\/strong> e <strong>Lando Norris<\/strong>, respectivamente, e viu o dia como uma limita\u00e7\u00e3o de danos. Afinal, o #4 completou as atividades em pista com danos consider\u00e1veis no assoalho.<\/p>\n\n\n\n<p class=\"wp-block-paragraph\">A sexta-feira em <strong>Spa-Francorchamps<\/strong> foi <a href=\"https:\/\/www.grandepremio.com\/br\/f1\/noticias\/carlos-sainz-lidera-tl1-dominado-por-chuva-pista-molhada-belgica-logan-sargeant-bate\/\" class=\"ek-link\">marcada pelas mudan\u00e7as no tempo<\/a> que fizeram as condi\u00e7\u00f5es da pista variarem entre seco e molhado diversas vezes. A situa\u00e7\u00e3o imprevis\u00edvel for\u00e7ou os times a se adaptarem ao momento, e Stella reconheceu o bom trabalho entregue pelos engenheiros e estrategistas da McLaren.<\/p>\n\n\n\n<p class=\"wp-block-paragraph\"><strong>\u25b6\ufe0f\u00a0Inscreva-se nos dois canais do GRANDE PR\u00caMIO no YouTube:\u00a0<a href=\"https:\/\/www.youtube.com\/channel\/UC9OlHEgxoaY6QY6nWPoiqQg?sub_confirmation=1\" target=\"_blank\" rel=\"noreferrer noopener\">GP<\/a>\u00a0|\u00a0<a href=\"https:\/\/www.youtube.com\/channel\/UC9csiS6q_C3C0FYhyr1rnFA?sub_confirmation=1\" target=\"_blank\" rel=\"noreferrer noopener\">GP2<\/a><\/strong><br><strong>\u25b6\ufe0f\u00a0<a href=\"https:\/\/www.twitch.tv\/grandepremio\" target=\"_blank\" rel=\"noreferrer noopener\">Conhe\u00e7a o canal do GRANDE PR\u00caMIO na Twitch clicando aqui!<\/a><\/strong><\/p>\n\n\n\n<figure class=\"wp-block-video\"><video class=\"video-js vjs-big-play-centered\" data-gp-vjs=\"1\" controls poster=\"https:\/\/www.grandepremio.com\/br\/wp-content\/uploads\/2023\/07\/Norris_GP_Belgica_Classificacao-poster.jpeg\" src=\"https:\/\/www.grandepremio.com\/br\/wp-content\/uploads\/2023\/07\/Norris_GP_Belgica_Classificacao.mp4\"><\/video><figcaption class=\"wp-element-caption\">Lando Norris escapou no TL1 da classifica\u00e7\u00e3o para o GP da B\u00e9lgica (V\u00eddeo: F1 TV).<\/figcaption><\/figure>\n\n\n\n<p class=\"wp-block-paragraph\">\u201cFoi uma sess\u00e3o de classifica\u00e7\u00e3o movimentada com condi\u00e7\u00f5es cada vez mais secas, exigindo que a equipe adaptasse constantemente os planos de corrida e revisasse as op\u00e7\u00f5es de pneus. Oscar fez um \u00f3timo trabalho com isso, sendo r\u00e1pido em todas as sess\u00f5es e preciso na pilotagem, e vai come\u00e7ar a corrida em um bom quinto lugar\u201d, disse Stella.<\/p>\n\n\n\n<p class=\"wp-block-paragraph\">Embora tenha marcado o sexto tempo na classifica\u00e7\u00e3o, Piastri se beneficiou da <a href=\"https:\/\/www.grandepremio.com\/br\/f1\/noticias\/red-bull-decide-trocar-caixa-cambio-faz-max-verstappen-ser-punido-gp-da-belgica-formula-1\/\" class=\"ek-link\">puni\u00e7\u00e3o de cinco posi\u00e7\u00f5es que ser\u00e1 aplicada a <strong>Max Verstappen<\/strong><\/a> por realizar a quinta troca de c\u00e2mbio do ano na B\u00e9lgica. Andrea, no entanto, acredita que o resultado na sexta-feira poderia ser ainda melhor, n\u00e3o fosse o dano no assoalho de Lando Norris ap\u00f3s um erro cometido ainda no Q1.<\/p>\n\n\n\n<p class=\"wp-block-paragraph\">\u201cDo lado de Lando, um momento fora da pista no molhado no Q1 causou danos significativos ao piso. Seus mec\u00e2nicos fizeram um trabalho fant\u00e1stico para consert\u00e1-lo e coloc\u00e1-lo em movimento novamente \u2014 mesmo que o desempenho do carro fosse prejudicado \u2014 e Lando conseguiu se classificar em s\u00e9timo, o que foi uma boa limita\u00e7\u00e3o de danos\u201d, finalizou.<\/p>\n\n\n\n<p class=\"wp-block-paragraph\">O\u00a0<strong>GRANDE PR\u00caMIO\u00a0<\/strong>acompanha todas as atividades da temporada 2023\u00a0<strong>AO VIVO\u00a0<\/strong>e em\u00a0<strong><a href=\"https:\/\/www.grandepremio.com\/br\/ao-vivo\/\" target=\"_blank\" rel=\"noreferrer noopener\">TEMPO REAL<\/a><\/strong>. S\u00e1bado e domingo, ainda tem a\u00a0<a href=\"https:\/\/formula1aovivo.com\/\" target=\"_blank\" rel=\"noreferrer noopener\">transmiss\u00e3o<\/a>\u00a0em\u00a0<strong>segunda tela<\/strong>, em parceria com a\u00a0<strong>Voz do Esporte<\/strong>, no canal 1 do\u00a0<strong>GP\u00a0<\/strong>no YouTube. A classifica\u00e7\u00e3o est\u00e1 marcada para logo mais, \u00e0s 12h (de Bras\u00edlia, GMT-3).<\/p>\n\n\n\n<figure class=\"wp-block-embed is-type-rich is-provider-incorporar-manipulador wp-block-embed-incorporar-manipulador wp-embed-aspect-16-9 wp-has-aspect-ratio\"><div class=\"wp-block-embed__wrapper\">\n<iframe loading=\"lazy\" title=\"F1 2023 na B\u00c9LGICA: Verstappen DETONA e Leclerc HERDA pole | Briefing\" width=\"500\" height=\"281\" src=\"https:\/\/www.youtube.com\/embed\/-TI1wDjwERI?feature=oembed\" frameborder=\"0\" allow=\"accelerometer; autoplay; clipboard-write; encrypted-media; gyroscope; picture-in-picture; web-share\" referrerpolicy=\"strict-origin-when-cross-origin\" allowfullscreen><\/iframe>\n<\/div><\/figure>\n","protected":false},"excerpt":{"rendered":"<p>Andrea Stella, chefe da McLaren, vibrou com o bom trabalho entregue pela equipe em Spa-Francorchamps, mas ficou com um gostinho de quero mais na classifica\u00e7\u00e3o<\/p>\n","protected":false},"author":0,"featured_media":1000678446,"comment_status":"closed","ping_status":"closed","sticky":false,"template":"","format":"standard","meta":{"42wp_featured_image_caption":"","42wp_featured_image_credits":"","42wp_featured_video":"","42wp_featured_image_hidden":false,"42wp_authors_list":[],"footnotes":""},"categories":[2],"tags":[7094,147,35558,219,28285,547,33757,90,6285,2916,30336,489,108,32260,33276],"42wp_author":[47149],"class_list":["post-100708","post","type-post","status-publish","format-standard","has-post-thumbnail","hentry","category-f1","tag-andrea-stella","tag-f1","tag-gp-belgica","tag-grande-prmio","tag-grandepremio","tag-lando-norris","tag-mcl60","tag-mclaren","tag-norris","tag-oscar-piastri","tag-piastri","tag-spa","tag-spa-francorchamps","tag-spa-francorchamps-f1","tag-stella","42wp_author-bernardo-castro"],"_links":{"self":[{"href":"https:\/\/grandepremio.com\/br\/wp-json\/wp\/v2\/posts\/100708","targetHints":{"allow":["GET"]}}],"collection":[{"href":"https:\/\/grandepremio.com\/br\/wp-json\/wp\/v2\/posts"}],"about":[{"href":"https:\/\/grandepremio.com\/br\/wp-json\/wp\/v2\/types\/post"}],"replies":[{"embeddable":true,"href":"https:\/\/grandepremio.com\/br\/wp-json\/wp\/v2\/comments?post=100708"}],"version-history":[{"count":0,"href":"https:\/\/grandepremio.com\/br\/wp-json\/wp\/v2\/posts\/100708\/revisions"}],"wp:featuredmedia":[{"embeddable":true,"href":"https:\/\/grandepremio.com\/br\/wp-json\/wp\/v2\/media\/1000678446"}],"wp:attachment":[{"href":"https:\/\/grandepremio.com\/br\/wp-json\/wp\/v2\/media?parent=100708"}],"wp:term":[{"taxonomy":"category","embeddable":true,"href":"https:\/\/grandepremio.com\/br\/wp-json\/wp\/v2\/categories?post=100708"},{"taxonomy":"post_tag","embeddable":true,"href":"https:\/\/grandepremio.com\/br\/wp-json\/wp\/v2\/tags?post=100708"},{"taxonomy":"42wp_author","embeddable":true,"href":"https:\/\/grandepremio.com\/br\/wp-json\/wp\/v2\/42wp_author?post=100708"}],"curies":[{"name":"wp","href":"https:\/\/api.w.org\/{rel}","templated":true}]}}