{"id":100717,"date":"2023-07-28T14:43:51","date_gmt":"2023-07-28T17:43:51","guid":{"rendered":"https:\/\/grandepremio.com\/br\/noticias\/carlos-sainz-justifica-resultado-classificacao-belgica-erro-custou-posicoes\/"},"modified":"2023-07-28T14:44:00","modified_gmt":"2023-07-28T17:44:00","slug":"carlos-sainz-justifica-resultado-classificacao-belgica-erro-custou-posicoes","status":"publish","type":"post","link":"https:\/\/grandepremio.com\/br\/f1\/carlos-sainz-justifica-resultado-classificacao-belgica-erro-custou-posicoes\/","title":{"rendered":"Sainz justifica resultado na classifica\u00e7\u00e3o da B\u00e9lgica: &#8220;Erro me custou posi\u00e7\u00f5es&#8221;"},"content":{"rendered":"\n<p class=\"wp-block-paragraph\">Depois de liderar o TL1 em condi\u00e7\u00f5es de pista molhada, <strong>Carlos Sainz <\/strong>foi apenas o quinto colocado na classifica\u00e7\u00e3o, mas com a puni\u00e7\u00e3o de <strong><a href=\"https:\/\/www.grandepremio.com\/br\/f1\/noticias\/red-bull-decide-trocar-caixa-cambio-faz-max-verstappen-ser-punido-gp-da-belgica-formula-1\/\" class=\"ek-link\">Max Verstappen em cinco posi\u00e7\u00f5es <\/a><\/strong>por causa da troca do c\u00e2mbio, ficou com o <strong><a href=\"https:\/\/www.grandepremio.com\/br\/f1\/noticias\/max-verstappen-detona-charles-leclerc-herda-pole-punicao-troca-cambio-belgica\/\" class=\"ek-link\">quarto lugar no grid de largada para o GP da B\u00e9lgica<\/a><\/strong>. O espanhol da Ferrari apontou dois erros nas curvas 8 e 9 na volta final como justificativa pelo resultado abaixo do esperado na sess\u00e3o em Spa-Francorchamps. <\/p>\n\n\n\n<p class=\"wp-block-paragraph\">&#8220;Foram condi\u00e7\u00f5es muito complicadas. Toda vez que sa\u00edamos, a pista estava completamente diferente&#8221;, iniciou Sains. &#8220;Consegui passar bem pelo Q1 e Q2, mas no Q3, na \u00faltima volta, n\u00e3o fiz uma das minhas melhores voltas. Tivemos um momento bastante cr\u00edtico nas curvas 8 e 9, o que me custou algumas posi\u00e7\u00f5es&#8221;, admitiu.<\/p>\n\n\n\n<p class=\"wp-block-paragraph\"><strong>\u25b6\ufe0f&nbsp;Inscreva-se nos dois canais do GRANDE PR\u00caMIO no YouTube:&nbsp;<\/strong><a href=\"https:\/\/www.youtube.com\/channel\/UC9OlHEgxoaY6QY6nWPoiqQg?sub_confirmation=1\" target=\"_blank\" rel=\"noreferrer noopener\"><strong>GP&nbsp;|&nbsp;GP2<\/strong><br><strong>\u25b6\ufe0f&nbsp;Conhe\u00e7a o canal do GRANDE PR\u00caMIO na Twitch clicando aq<\/strong><\/a><strong><a href=\"https:\/\/www.youtube.com\/channel\/UC9OlHEgxoaY6QY6nWPoiqQg?sub_confirmation=1\" target=\"_blank\" rel=\"noreferrer noopener\">ui!<\/a><\/strong><\/p>\n\n\n\n<figure class=\"wp-block-image size-large\"><img decoding=\"async\" src=\"https:\/\/www.grandepremio.com\/br\/wp-content\/uploads\/2023\/07\/f1-2023-belgica-treino-livre-ferrari-carlossainz-afp-05-1024x683.jpg\" alt=\"\" class=\"wp-image-712087\"\/><figcaption class=\"wp-element-caption\">Carlos Sainz durante o molhado Q1 do GP da B\u00e9lgica (Foto: AFP).<\/figcaption><\/figure>\n\n\n\n<p class=\"wp-block-paragraph\">As condi\u00e7\u00f5es de pista citadas pelo espanhol aconteceram devido \u00e0 chuva intensa que caiu minutos antes do in\u00edcio da classifica\u00e7\u00e3o, que logo cessou antes da luz verde. Com isso, a sess\u00e3o come\u00e7ou com pista molhada no Q1, com tra\u00e7ado \u00famido no Q2 e com o trilho seco no Q3. Com essa inconst\u00e2ncia em Spa, Sainz ficou aliviado por ter passado ileso diante da complicada classifica\u00e7\u00e3o. <\/p>\n\n\n\n<p class=\"wp-block-paragraph\">&#8220;Acredito que tudo \u00e9 poss\u00edvel neste fim de semana, dada a situa\u00e7\u00e3o do clima. Parece ser muito complicado para o restante do fim de semana&#8221;, finalizou Sainz, que viu o companheiro <strong>Charles Leclerc <\/strong>garantir a <a href=\"https:\/\/www.grandepremio.com\/br\/f1\/noticias\/charles-leclerc-festeja-pole-spa-max-verstappen-dominante-estava-rapido\/\" class=\"ek-link\"><strong>pole-position para corrida<\/strong><\/a>.<\/p>\n\n\n\n<p class=\"wp-block-paragraph\">O&nbsp;<strong>GRANDE PR\u00caMIO&nbsp;<\/strong>acompanha todas as atividades da temporada 2023&nbsp;<strong>AO VIVO&nbsp;<\/strong>e em&nbsp;<strong><a href=\"https:\/\/www.grandepremio.com\/br\/ao-vivo\/\" target=\"_blank\" rel=\"noreferrer noopener\">TEMPO REAL<\/a><\/strong>. S\u00e1bado e domingo, ainda tem a&nbsp;<a href=\"https:\/\/formula1aovivo.com\/\" target=\"_blank\" rel=\"noreferrer noopener\">transmiss\u00e3o<\/a>&nbsp;em&nbsp;<strong>segunda tela<\/strong>, em parceria com a&nbsp;<strong>Voz do Esporte<\/strong>, no canal 1 do&nbsp;<strong>GP&nbsp;<\/strong>no YouTube. A classifica\u00e7\u00e3o para corrida sprint est\u00e1 marcada para este s\u00e1bado, \u00e0s 7h (de Bras\u00edlia, GMT-3).<\/p>\n\n\n\n<figure class=\"wp-block-embed is-type-video is-provider-youtube wp-block-embed-youtube wp-embed-aspect-16-9 wp-has-aspect-ratio\"><div class=\"wp-block-embed__wrapper\">\n<iframe loading=\"lazy\" title=\"Problema da FERRARI: falta de LIDERAN\u00c7A que vai al\u00e9m da troca de Mekies | GP \u00e0s 10\" width=\"500\" height=\"281\" src=\"https:\/\/www.youtube.com\/embed\/JDqdLRra4oU?feature=oembed\" frameborder=\"0\" allow=\"accelerometer; autoplay; clipboard-write; encrypted-media; gyroscope; picture-in-picture; web-share\" referrerpolicy=\"strict-origin-when-cross-origin\" allowfullscreen><\/iframe>\n<\/div><\/figure>\n","protected":false},"excerpt":{"rendered":"<p>Diante das condi\u00e7\u00f5es adversas em Spa-Francorchamps, Carlos Sainz revelou que ficou longe da melhor performance na volta final da classifica\u00e7\u00e3o do GP da B\u00e9lgica<\/p>\n","protected":false},"author":0,"featured_media":1000712007,"comment_status":"closed","ping_status":"closed","sticky":false,"template":"","format":"standard","meta":{"42wp_featured_image_caption":"","42wp_featured_image_credits":"","42wp_featured_video":"","42wp_featured_image_hidden":false,"42wp_authors_list":[],"footnotes":""},"categories":[2],"tags":[546,209,147,6533,207,24899,28288,2780,203,204,7672,108,33558,31447,9685],"42wp_author":[47145],"class_list":["post-100717","post","type-post","status-publish","format-standard","has-post-thumbnail","hentry","category-f1","tag-carlos-sainz","tag-charles-leclerc","tag-f1","tag-f1-2023","tag-ferrari","tag-gp-da-belgica-2","tag-grandepremio-2","tag-leclerc","tag-max-verstappen","tag-red-bull","tag-sainz","tag-spa-francorchamps","tag-temporada-2023-da-f1","tag-temporada-2023-f1","tag-verstappen","42wp_author-alessandro-pinheiro"],"_links":{"self":[{"href":"https:\/\/grandepremio.com\/br\/wp-json\/wp\/v2\/posts\/100717","targetHints":{"allow":["GET"]}}],"collection":[{"href":"https:\/\/grandepremio.com\/br\/wp-json\/wp\/v2\/posts"}],"about":[{"href":"https:\/\/grandepremio.com\/br\/wp-json\/wp\/v2\/types\/post"}],"replies":[{"embeddable":true,"href":"https:\/\/grandepremio.com\/br\/wp-json\/wp\/v2\/comments?post=100717"}],"version-history":[{"count":0,"href":"https:\/\/grandepremio.com\/br\/wp-json\/wp\/v2\/posts\/100717\/revisions"}],"wp:featuredmedia":[{"embeddable":true,"href":"https:\/\/grandepremio.com\/br\/wp-json\/wp\/v2\/media\/1000712007"}],"wp:attachment":[{"href":"https:\/\/grandepremio.com\/br\/wp-json\/wp\/v2\/media?parent=100717"}],"wp:term":[{"taxonomy":"category","embeddable":true,"href":"https:\/\/grandepremio.com\/br\/wp-json\/wp\/v2\/categories?post=100717"},{"taxonomy":"post_tag","embeddable":true,"href":"https:\/\/grandepremio.com\/br\/wp-json\/wp\/v2\/tags?post=100717"},{"taxonomy":"42wp_author","embeddable":true,"href":"https:\/\/grandepremio.com\/br\/wp-json\/wp\/v2\/42wp_author?post=100717"}],"curies":[{"name":"wp","href":"https:\/\/api.w.org\/{rel}","templated":true}]}}