{"id":100721,"date":"2023-07-28T14:11:54","date_gmt":"2023-07-28T17:11:54","guid":{"rendered":"https:\/\/grandepremio.com\/br\/noticias\/max-verstappen-celebra-classificacao-em-spa-relata-risco-no-q2-condicoes-dificeis\/"},"modified":"2023-07-28T14:12:02","modified_gmt":"2023-07-28T17:12:02","slug":"max-verstappen-celebra-classificacao-em-spa-relata-risco-no-q2-condicoes-dificeis","status":"publish","type":"post","link":"https:\/\/grandepremio.com\/br\/f1\/max-verstappen-celebra-classificacao-em-spa-relata-risco-no-q2-condicoes-dificeis\/","title":{"rendered":"Verstappen celebra classifica\u00e7\u00e3o em Spa e relata risco no Q2: &#8220;Condi\u00e7\u00f5es dif\u00edceis&#8221;"},"content":{"rendered":"\n<p class=\"wp-block-paragraph\"><strong>Max Verstappen<\/strong> segue imbat\u00edvel na <strong>F\u00f3rmula 1<\/strong> e voltou a dominar uma classifica\u00e7\u00e3o em 2023. O hoalnd\u00eas <a href=\"https:\/\/www.grandepremio.com\/br\/f1\/noticias\/max-verstappen-detona-charles-leclerc-herda-pole-punicao-troca-cambio-belgica\/\" class=\"ek-link\">foi 0s820 mais r\u00e1pido que o segundo colocado<\/a> <strong>Charles Leclerc<\/strong> e largaria da pole no domingo, n\u00e3o fosse uma <a href=\"https:\/\/www.grandepremio.com\/br\/f1\/noticias\/red-bull-decide-trocar-caixa-cambio-faz-max-verstappen-ser-punido-gp-da-belgica-formula-1\/\" class=\"ek-link\">puni\u00e7\u00e3o de cinco posi\u00e7\u00f5es no grid devido ao uso da quinta caixa de c\u00e2mbio da temporada<\/a>. Embora l\u00edder com certa tranquilidade no Q3, o bicampe\u00e3o passou sufoco com as condi\u00e7\u00f5es adversas da pista de <strong>Spa-Francorchamps<\/strong> e quase foi eliminado ainda no Q2.<\/p>\n\n\n\n<p class=\"wp-block-paragraph\">A sexta-feira na B\u00e9lgica foi marcada pela presen\u00e7a da<a href=\"https:\/\/www.grandepremio.com\/br\/f1\/noticias\/carlos-sainz-lidera-tl1-dominado-por-chuva-pista-molhada-belgica-logan-sargeant-bate\/\" class=\"ek-link\"> chuva durante o treino livre da F\u00f3rmula 1<\/a>, e tamb\u00e9m nas sess\u00f5es que definiram o <a href=\"https:\/\/www.grandepremio.com\/br\/f2\/noticias\/oliver-bearman-conquista-pole-formula-2-belgica-classificacao-atingida-tempestade\/\" class=\"ek-link\">grid da <strong>F2<\/strong><\/a> e F3. Por isso, a classifica\u00e7\u00e3o da F1 come\u00e7ou com pista molhada que foi secando \u00e0 medida que o tempo passava. A situa\u00e7\u00e3o acabou tornando a vida dos pilotos mais dif\u00edcil e Max Verstappen quase foi prejudicado por isso.<\/p>\n\n\n\n<p class=\"wp-block-paragraph\"><strong>\u25b6\ufe0f\u00a0Inscreva-se nos dois canais do GRANDE PR\u00caMIO no YouTube:\u00a0<a href=\"https:\/\/www.youtube.com\/channel\/UC9OlHEgxoaY6QY6nWPoiqQg?sub_confirmation=1\" target=\"_blank\" rel=\"noreferrer noopener\">GP<\/a>\u00a0|\u00a0<a href=\"https:\/\/www.youtube.com\/channel\/UC9csiS6q_C3C0FYhyr1rnFA?sub_confirmation=1\" target=\"_blank\" rel=\"noreferrer noopener\">GP2<\/a><\/strong><br><strong>\u25b6\ufe0f\u00a0<a href=\"https:\/\/www.twitch.tv\/grandepremio\" target=\"_blank\" rel=\"noreferrer noopener\">Conhe\u00e7a o canal do GRANDE PR\u00caMIO na Twitch clicando aqui!<\/a><\/strong><\/p>\n\n\n\n<figure class=\"wp-block-image size-large\"><img decoding=\"async\" src=\"https:\/\/www.grandepremio.com\/br\/wp-content\/uploads\/2023\/07\/f1-2023-belgica-classificacao-redbull-maxverstappen-afp-01-1024x683.jpg\" alt=\"\" class=\"wp-image-712227\"\/><figcaption class=\"wp-element-caption\">A sexta-feira na B\u00e9lgica foi marcada pela chuva (Foto: AFP) <\/figcaption><\/figure>\n\n\n\n<p class=\"wp-block-paragraph\">\u201cFoi muito pr\u00f3ximo [a elimina\u00e7\u00e3o no Q2], as condi\u00e7\u00f5es estavam muito dif\u00edceis, a pista foi secando muito r\u00e1pido e na minha \u00faltima volta eu n\u00e3o tive confian\u00e7a para acelerar no setor 2, ent\u00e3o tive muita sorte de ficar na d\u00e9cima coloca\u00e7\u00e3o. No Q3 eu tive dois jogos de pneus e pude abusar um pouco mais, que foi o que fiz na \u00faltima tentativa. Estar na pole novamente \u00e9 muito bom, apesar de eu ter de pagar uma penaliza\u00e7\u00e3o, mas foi o melhor que dava para fazer\u201d, reconheceu Verstappen.<\/p>\n\n\n\n<p class=\"wp-block-paragraph\">As <strong>Ferrari<\/strong> de <strong>Charles Leclerc<\/strong> e <strong>Carlos Sainz<\/strong> se mostraram bastante competitivas durante as tr\u00eas fases da classifica\u00e7\u00e3o e o trope\u00e7o de Max no Q2 deu ind\u00edcios de que poderia existir uma batalha apertada pela pole. Mas isso n\u00e3o aconteceu, e o titular da Red Bull explicou como encontrou uma volta t\u00e3o boa em sua \u00faltima tentativa.<\/p>\n\n\n\n<p class=\"wp-block-paragraph\">\u201cO setor 2 ainda estava um pouco \u00famido, s\u00f3 tinha uma parte seca e precisava fazer um tra\u00e7ado alternativo. Ent\u00e3o foi preciso ter confian\u00e7a na pista e acelerar o m\u00e1ximo poss\u00edvel na \u00faltima volta. Sabemos que o carro \u00e9 muito competitivo mesmo nessas situa\u00e7\u00f5es dif\u00edceis e n\u00f3s demonstramos isso hoje\u201d, finalizou.<\/p>\n\n\n\n<p class=\"wp-block-paragraph\">O\u00a0<strong>GRANDE PR\u00caMIO\u00a0<\/strong>acompanha todas as atividades da temporada 2023\u00a0<strong>AO VIVO\u00a0<\/strong>e em\u00a0<strong><a href=\"https:\/\/www.grandepremio.com\/br\/ao-vivo\/\" target=\"_blank\" rel=\"noreferrer noopener\">TEMPO REAL<\/a><\/strong>. S\u00e1bado e domingo, ainda tem a\u00a0<a href=\"https:\/\/formula1aovivo.com\/\" target=\"_blank\" rel=\"noreferrer noopener\">transmiss\u00e3o<\/a>\u00a0em\u00a0<strong>segunda tela<\/strong>, em parceria com a\u00a0<strong>Voz do Esporte<\/strong>, no canal 1 do\u00a0<strong>GP\u00a0<\/strong>no YouTube. A classifica\u00e7\u00e3o est\u00e1 marcada para logo mais, \u00e0s 12h (de Bras\u00edlia, GMT-3).<\/p>\n\n\n\n<figure class=\"wp-block-embed is-type-rich is-provider-incorporar-manipulador wp-block-embed-incorporar-manipulador wp-embed-aspect-16-9 wp-has-aspect-ratio\"><div class=\"wp-block-embed__wrapper\">\n<iframe loading=\"lazy\" title=\"F1 2023 na B\u00c9LGICA: Verstappen DETONA e Leclerc HERDA pole | Briefing\" width=\"500\" height=\"281\" src=\"https:\/\/www.youtube.com\/embed\/-TI1wDjwERI?feature=oembed\" frameborder=\"0\" allow=\"accelerometer; autoplay; clipboard-write; encrypted-media; gyroscope; picture-in-picture; web-share\" referrerpolicy=\"strict-origin-when-cross-origin\" allowfullscreen><\/iframe>\n<\/div><\/figure>\n","protected":false},"excerpt":{"rendered":"<p>Depois de quase ser eliminado no Q2, Max Verstappen deu a volta por cima e cravou a pole com tranquilidade no Q3. No entanto, holand\u00eas ser\u00e1 punido por troca de componentes e vai partir apenas de 6\u00ba no domingo<\/p>\n","protected":false},"author":0,"featured_media":1000712019,"comment_status":"closed","ping_status":"closed","sticky":false,"template":"","format":"standard","meta":{"42wp_featured_image_caption":"","42wp_featured_image_credits":"","42wp_featured_video":"","42wp_featured_image_hidden":false,"42wp_authors_list":[],"footnotes":""},"categories":[2],"tags":[147,35558,219,28285,203,204,108,32260,9685],"42wp_author":[47149],"class_list":["post-100721","post","type-post","status-publish","format-standard","has-post-thumbnail","hentry","category-f1","tag-f1","tag-gp-belgica","tag-grande-prmio","tag-grandepremio","tag-max-verstappen","tag-red-bull","tag-spa-francorchamps","tag-spa-francorchamps-f1","tag-verstappen","42wp_author-bernardo-castro"],"_links":{"self":[{"href":"https:\/\/grandepremio.com\/br\/wp-json\/wp\/v2\/posts\/100721","targetHints":{"allow":["GET"]}}],"collection":[{"href":"https:\/\/grandepremio.com\/br\/wp-json\/wp\/v2\/posts"}],"about":[{"href":"https:\/\/grandepremio.com\/br\/wp-json\/wp\/v2\/types\/post"}],"replies":[{"embeddable":true,"href":"https:\/\/grandepremio.com\/br\/wp-json\/wp\/v2\/comments?post=100721"}],"version-history":[{"count":0,"href":"https:\/\/grandepremio.com\/br\/wp-json\/wp\/v2\/posts\/100721\/revisions"}],"wp:featuredmedia":[{"embeddable":true,"href":"https:\/\/grandepremio.com\/br\/wp-json\/wp\/v2\/media\/1000712019"}],"wp:attachment":[{"href":"https:\/\/grandepremio.com\/br\/wp-json\/wp\/v2\/media?parent=100721"}],"wp:term":[{"taxonomy":"category","embeddable":true,"href":"https:\/\/grandepremio.com\/br\/wp-json\/wp\/v2\/categories?post=100721"},{"taxonomy":"post_tag","embeddable":true,"href":"https:\/\/grandepremio.com\/br\/wp-json\/wp\/v2\/tags?post=100721"},{"taxonomy":"42wp_author","embeddable":true,"href":"https:\/\/grandepremio.com\/br\/wp-json\/wp\/v2\/42wp_author?post=100721"}],"curies":[{"name":"wp","href":"https:\/\/api.w.org\/{rel}","templated":true}]}}