{"id":100723,"date":"2023-07-28T13:58:49","date_gmt":"2023-07-28T16:58:49","guid":{"rendered":"https:\/\/grandepremio.com\/br\/noticias\/ferrari-celebra-resultado-classificacao-caotica-belgica-bom-passo-a-frente\/"},"modified":"2023-07-28T14:11:54","modified_gmt":"2023-07-28T17:11:54","slug":"ferrari-celebra-resultado-classificacao-caotica-belgica-bom-passo-a-frente","status":"publish","type":"post","link":"https:\/\/grandepremio.com\/br\/f1\/ferrari-celebra-resultado-classificacao-caotica-belgica-bom-passo-a-frente\/","title":{"rendered":"Ferrari celebra resultado em classifica\u00e7\u00e3o \u201cca\u00f3tica\u201d na B\u00e9lgica: \u201cUm bom passo \u00e0 frente\u201d"},"content":{"rendered":"\n<p class=\"wp-block-paragraph\">Chefe da <strong>Ferrari<\/strong>, <strong>Fr\u00e9d\u00e9ric Vasseur <\/strong>saiu satisfeito da sexta-feira (28) do GP da <strong>B\u00e9lgica <\/strong>na <strong>F\u00f3rmula 1<\/strong>. O dirigente rotulou a sess\u00e3o classificat\u00f3ria como \u201cca\u00f3tica\u201d, mas destacou os bons resultados obtidos por <strong>Charles Leclerc <\/strong>e <strong>Carlos Sainz Jr<\/strong>.<\/p>\n\n\n\n<p class=\"wp-block-paragraph\">Na classifica\u00e7\u00e3o, <a href=\"https:\/\/www.grandepremio.com\/br\/f1\/noticias\/max-verstappen-detona-charles-leclerc-herda-pole-punicao-troca-cambio-belgica\/\" class=\"ek-link\">Leclerc anotou 1min46s988, mas, mesmo 0s820 mais lento do que <strong>Max Verstappen<\/strong>, vai largar na pole-position em <strong>Spa-Francorchamps<\/strong><\/a>, j\u00e1 que o <a href=\"https:\/\/www.grandepremio.com\/br\/f1\/noticias\/red-bull-decide-trocar-caixa-cambio-faz-max-verstappen-ser-punido-gp-da-belgica-formula-1\/\" class=\"ek-link\">piloto da <strong>Red Bull <\/strong>tem uma puni\u00e7\u00e3o de cinco posi\u00e7\u00f5es por ter trocado o c\u00e2mbio<\/a>. Sainz, por sua vez, tamb\u00e9m avan\u00e7a uma posi\u00e7\u00e3o e larga em quarto.<\/p>\n\n\n\n<figure class=\"wp-block-image size-large\"><img decoding=\"async\" src=\"https:\/\/www.grandepremio.com\/br\/wp-content\/uploads\/2023\/07\/f1-2023-austria-corrida-ferrari-fredericvasseur-afp-01-1024x683.jpg\" alt=\"\" class=\"wp-image-703360\"\/><figcaption class=\"wp-element-caption\">Fr\u00e9d\u00e9ric Vasseur saiu satisfeito da classifica\u00e7\u00e3o na \u00c1ustria (Foto: AFP) <\/figcaption><\/figure>\n\n\n\n<p class=\"wp-block-paragraph\"><strong>\u25b6\ufe0f&nbsp;Inscreva-se nos dois canais do GRANDE PR\u00caMIO no YouTube:&nbsp;<a href=\"https:\/\/www.youtube.com\/channel\/UC9OlHEgxoaY6QY6nWPoiqQg?sub_confirmation=1\" target=\"_blank\" rel=\"noreferrer noopener\">GP<\/a>&nbsp;|&nbsp;<a href=\"https:\/\/www.youtube.com\/channel\/UC9csiS6q_C3C0FYhyr1rnFA?sub_confirmation=1\" target=\"_blank\" rel=\"noreferrer noopener\">GP2<\/a><\/strong><br><strong>\u25b6\ufe0f&nbsp;<a href=\"https:\/\/www.twitch.tv\/grandepremio\" target=\"_blank\" rel=\"noreferrer noopener\">Conhe\u00e7a o canal do GRANDE PR\u00caMIO na Twitch clicando aqui!<\/a><\/strong><\/p>\n\n\n\n<p class=\"wp-block-paragraph\">\u201cFoi um pouco ca\u00f3tico por ser uma sess\u00e3o de uma volta\u201d, disse Vasseur em entrevista \u00e0 emissora brit\u00e2nica <strong>Sky Sport<\/strong>. \u201cNo geral, foi uma boa sess\u00e3o para n\u00f3s, que vamos largar em primeiro e quarto no domingo\u201d, seguiu.<\/p>\n\n\n\n<p class=\"wp-block-paragraph\">\u201cFoi uma sess\u00e3o muito boa se n\u00e3o considerarmos Max, pois ele estava voando e seria outra hist\u00f3ria. Vamos encarar como um bom ponto e um bom passo \u00e0 frente para n\u00f3s\u201d, avaliou.<\/p>\n\n\n\n<p class=\"wp-block-paragraph\">Mesmo vendo a classifica\u00e7\u00e3o como um avan\u00e7o, Vasseur lembrou que a Ferrari, assim como as demais equipes, n\u00e3o teve como acertar o carro, j\u00e1 que as condi\u00e7\u00f5es clim\u00e1ticas variaram muito ao longo do dia.<\/p>\n\n\n\n<p class=\"wp-block-paragraph\">\u201cN\u00e3o precisamos acertar nada. Fizemos o TL1 com pneus de pista molhada, a classifica\u00e7\u00e3o com os intermedi\u00e1rios e a\u00ed com slicks. Foi um pouco ca\u00f3tico, ningu\u00e9m sabe exatamente onde estamos, mas \u00e9 um fato para todos n\u00f3s\u201d, comentou.<\/p>\n\n\n\n<p class=\"wp-block-paragraph\">\u201c\u00c9 melhor come\u00e7ar na frente do que atr\u00e1s. Estou bem feliz com o resultado da classifica\u00e7\u00e3o\u201d, declarou o dirigente. \u201cTem uma diferen\u00e7a enorme de velocidades m\u00e1ximas, ent\u00e3o isso significa que as equipes fizeram op\u00e7\u00f5es diferentes para s\u00e1bado e domingo. Agora vamos ver o clima\u201d, encerrou.<\/p>\n\n\n\n<p class=\"wp-block-paragraph\">O&nbsp;<strong>GRANDE PR\u00caMIO&nbsp;<\/strong>acompanha todas as atividades da temporada 2023&nbsp;<strong>AO VIVO&nbsp;<\/strong>e em&nbsp;<strong><a href=\"https:\/\/www.grandepremio.com\/br\/ao-vivo\/\" target=\"_blank\" rel=\"noreferrer noopener\">TEMPO REAL<\/a><\/strong>. S\u00e1bado e domingo, ainda tem a&nbsp;<a href=\"https:\/\/formula1aovivo.com\/\" target=\"_blank\" rel=\"noreferrer noopener\">transmiss\u00e3o<\/a>&nbsp;em&nbsp;<strong>segunda tela<\/strong>, em parceria com a&nbsp;<strong>Voz do Esporte<\/strong>, no canal 1 do&nbsp;<strong>GP&nbsp;<\/strong>no YouTube. A classifica\u00e7\u00e3o est\u00e1 marcada para logo mais, \u00e0s 12h (de Bras\u00edlia, GMT-3).<\/p>\n\n\n\n<figure class=\"wp-block-embed is-type-video is-provider-youtube wp-block-embed-youtube wp-embed-aspect-16-9 wp-has-aspect-ratio\"><div class=\"wp-block-embed__wrapper\">\n<iframe loading=\"lazy\" title=\"F1 2023 na B\u00c9LGICA: Verstappen DETONA e Leclerc HERDA pole | Briefing\" width=\"500\" height=\"281\" src=\"https:\/\/www.youtube.com\/embed\/-TI1wDjwERI?feature=oembed\" frameborder=\"0\" allow=\"accelerometer; autoplay; clipboard-write; encrypted-media; gyroscope; picture-in-picture; web-share\" referrerpolicy=\"strict-origin-when-cross-origin\" allowfullscreen><\/iframe>\n<\/div><\/figure>\n","protected":false},"excerpt":{"rendered":"<p>Chefe da Ferrari, Fr\u00e9d\u00e9ric Vasseur celebrou o resultado de Charles Leclerc e Carlos Sainz Jr. na classifica\u00e7\u00e3o desta sexta-feira (28), mas lembrou que ningu\u00e9m teve tempo de acertar o carro por causa da varia\u00e7\u00e3o clim\u00e1tica em Spa-Francorchamps<\/p>\n","protected":false},"author":0,"featured_media":1000712297,"comment_status":"closed","ping_status":"closed","sticky":false,"template":"","format":"standard","meta":{"42wp_featured_image_caption":"","42wp_featured_image_credits":"","42wp_featured_video":"","42wp_featured_image_hidden":false,"42wp_authors_list":[],"footnotes":""},"categories":[2],"tags":[25062,147,6533,207,180,30722,33465,1322,28285,33467,108],"42wp_author":[47113],"class_list":["post-100723","post","type-post","status-publish","format-standard","has-post-thumbnail","hentry","category-f1","tag-belgica","tag-f1","tag-f1-2023","tag-ferrari","tag-formula-1","tag-formula-1-2023","tag-formula-1-classificacao-2023","tag-frederic-vasseur","tag-grandepremio","tag-onde-assistir-f1-2023","tag-spa-francorchamps","42wp_author-juliana-tesser"],"_links":{"self":[{"href":"https:\/\/grandepremio.com\/br\/wp-json\/wp\/v2\/posts\/100723","targetHints":{"allow":["GET"]}}],"collection":[{"href":"https:\/\/grandepremio.com\/br\/wp-json\/wp\/v2\/posts"}],"about":[{"href":"https:\/\/grandepremio.com\/br\/wp-json\/wp\/v2\/types\/post"}],"replies":[{"embeddable":true,"href":"https:\/\/grandepremio.com\/br\/wp-json\/wp\/v2\/comments?post=100723"}],"version-history":[{"count":0,"href":"https:\/\/grandepremio.com\/br\/wp-json\/wp\/v2\/posts\/100723\/revisions"}],"wp:featuredmedia":[{"embeddable":true,"href":"https:\/\/grandepremio.com\/br\/wp-json\/wp\/v2\/media\/1000712297"}],"wp:attachment":[{"href":"https:\/\/grandepremio.com\/br\/wp-json\/wp\/v2\/media?parent=100723"}],"wp:term":[{"taxonomy":"category","embeddable":true,"href":"https:\/\/grandepremio.com\/br\/wp-json\/wp\/v2\/categories?post=100723"},{"taxonomy":"post_tag","embeddable":true,"href":"https:\/\/grandepremio.com\/br\/wp-json\/wp\/v2\/tags?post=100723"},{"taxonomy":"42wp_author","embeddable":true,"href":"https:\/\/grandepremio.com\/br\/wp-json\/wp\/v2\/42wp_author?post=100723"}],"curies":[{"name":"wp","href":"https:\/\/api.w.org\/{rel}","templated":true}]}}