{"id":100762,"date":"2023-07-27T12:12:11","date_gmt":"2023-07-27T15:12:11","guid":{"rendered":"https:\/\/grandepremio.com\/br\/noticias\/lando-norris-pede-desculpas-quebrar-trofeu-max-verstappen-fiz-piadas-que-nao-deveria\/"},"modified":"2024-09-11T11:26:39","modified_gmt":"2024-09-11T14:26:39","slug":"lando-norris-pede-desculpas-quebrar-trofeu-max-verstappen-fiz-piadas-que-nao-deveria","status":"publish","type":"post","link":"https:\/\/grandepremio.com\/br\/f1\/lando-norris-pede-desculpas-quebrar-trofeu-max-verstappen-fiz-piadas-que-nao-deveria\/","title":{"rendered":"Norris pede desculpas por quebrar trof\u00e9u de Verstappen: &#8220;Fiz piadas que n\u00e3o deveria&#8221;"},"content":{"rendered":"\n<p class=\"wp-block-paragraph\"><strong>Lando Norris<\/strong> pediu desculpas por quebrar o trof\u00e9u de<strong> Max Verstappen<\/strong> no p\u00f3dio do <strong>GP da Hungria<\/strong>. No \u00faltimo domingo (23), o piloto da <strong>McLaren<\/strong> fez a tradicional celebra\u00e7\u00e3o de bater com a garrafa de champanhe no solo antes de jogar a bebida nos colegas, por\u00e9m, a garrafa tocou no trof\u00e9u do vencedor Max, que caiu e espatifou no ch\u00e3o.<\/p>\n\n\n\n<p class=\"wp-block-paragraph\">O trof\u00e9u custa 45 mil e produzido pela empresa h\u00fangara Herendi Porcelanmanufaktura Zrt. em seis meses. Tanto Norris, quanto Verstappen, mostraram indiferen\u00e7a sobre o assunto, o que irritou <strong>Helmut Marko<\/strong>, consultor da Red Bull. Na coletiva de imprensa, Lando se retratou sobre a situa\u00e7\u00e3o e garantiu que ter\u00e1 mais cuidado.<\/p>\n\n\n\n<p class=\"wp-block-paragraph\">&#8220;Primeiramente, quero pedir desculpas. Obviamente n\u00e3o tive inten\u00e7\u00e3o de fazer. E sei o quanto significa para os h\u00fangaros e por ser parte da cultura. \u00c9 claro, quero aproveitar meu tempo comemorando, mas nunca foi minha inten\u00e7\u00e3o fazer isso. Pedi desculpas ao Max. Fiz algumas piadas, que provavelmente n\u00e3o deveria ter feito. Mas me sinto mal. Se ele fizesse isso com meu trof\u00e9u, ficaria incomodado&#8221;, declarou.<\/p>\n\n\n\n<p class=\"wp-block-paragraph\"><strong>\u25b6\ufe0f\u00a0Inscreva-se nos dois canais do GRANDE PR\u00caMIO no YouTube:\u00a0<a href=\"https:\/\/www.youtube.com\/channel\/UC9OlHEgxoaY6QY6nWPoiqQg?sub_confirmation=1\" target=\"_blank\" rel=\"noreferrer noopener\">GP<\/a>\u00a0|\u00a0<a href=\"https:\/\/www.youtube.com\/channel\/UC9csiS6q_C3C0FYhyr1rnFA?sub_confirmation=1\" target=\"_blank\" rel=\"noreferrer noopener\">GP2<\/a><\/strong><br><strong>\u25b6\ufe0f\u00a0<a href=\"https:\/\/www.twitch.tv\/grandepremio\" target=\"_blank\" rel=\"noreferrer noopener\">Conhe\u00e7a o canal do GRANDE PR\u00caMIO na Twitch clicando aqui!<\/a><\/strong><\/p>\n\n\n\n<figure class=\"wp-block-image size-large\"><img decoding=\"async\" src=\"https:\/\/www.grandepremio.com\/br\/wp-content\/uploads\/2023\/07\/f1-2023-hungria-corrida-mclaren-landonorris-afp-5-e1690148556720-1024x875.jpg\" alt=\"\" class=\"wp-image-710572\"\/><figcaption class=\"wp-element-caption\">O p\u00f3dio do GP da Hungria, de novo com Max Verstappen e Lando Norris (Foto: AFP) <\/figcaption><\/figure>\n\n\n\n<p class=\"wp-block-paragraph\">&#8220;Pe\u00e7o desculpas por isso e obviamente para as pessoas que colocaram tempo e esfor\u00e7o em faz\u00ea-lo. N\u00e3o queria que isso acontecesse. Garanto que serei mais cuidadoso na pr\u00f3xima vez&#8221;, seguiu.<\/p>\n\n\n\n<p class=\"wp-block-paragraph\">Apesar das desculpas, Norris garantiu que n\u00e3o vai mudar o jeito de celebrar no p\u00f3dio, algo que carrega desde os tempos de categoria de base. Apesar garantiu que estar\u00e1 mais preparado para evitar novos acidentes.<\/p>\n\n\n\n<p class=\"wp-block-paragraph\">&#8220;N\u00e3o vou mudar. N\u00e3o tem raz\u00e3o para mudar. Vou apenas tomar mais cuidado, colocar os trof\u00e9us de lado e depois continuar&#8221;, concluiu.<\/p>\n\n\n\n<p class=\"wp-block-paragraph\">A\u00a0<a href=\"https:\/\/www.grandepremio.com\/formula-1\/\" target=\"_blank\" rel=\"noreferrer noopener\"><\/a><a href=\"https:\/\/www.grandepremio.com\/formula-1\/\" target=\"_blank\" rel=\"noreferrer noopener\">F\u00f3rmula 1<\/a>\u00a0volta neste final de semana, entre os dias 28 e 30 de julho, para a disputa do\u00a0<strong>GP da B\u00e9lgica<\/strong>, em\u00a0<a href=\"https:\/\/www.grandepremio.com\/br\/circuito\/spa-francorchamps\/\" target=\"_blank\" rel=\"noreferrer noopener\">Spa-Francorchamps<\/a>. O\u00a0<strong>GRANDE PR\u00caMIO\u00a0<\/strong>acompanha todas as atividades da temporada 2023\u00a0<strong>AO VIVO\u00a0<\/strong>e em\u00a0<strong><a href=\"https:\/\/www.grandepremio.com\/br\/ao-vivo\/\" target=\"_blank\" rel=\"noreferrer noopener\">TEMPO REAL<\/a><\/strong>. S\u00e1bado e domingo, ainda tem a\u00a0<a href=\"https:\/\/formula1aovivo.com\/\" target=\"_blank\" rel=\"noreferrer noopener\">transmiss\u00e3o<\/a>\u00a0em\u00a0<strong>segunda tela<\/strong>, em parceria com a\u00a0<strong>Voz do Esporte<\/strong>, no canal 1 do\u00a0<strong>GP\u00a0<\/strong>no YouTube.<\/p>\n","protected":false},"excerpt":{"rendered":"<p>Lando Norris pediu desculpas a Max Verstappen e aos artes\u00e3os por ter quebrado o trof\u00e9u de vencedor do GP da Hungria. Piloto ingl\u00eas afirma que n\u00e3o vai mudar forma de comemorar<\/p>\n","protected":false},"author":0,"featured_media":1000710569,"comment_status":"closed","ping_status":"closed","sticky":false,"template":"","format":"standard","meta":{"42wp_featured_image_caption":"","42wp_featured_image_credits":"","42wp_featured_video":"","42wp_featured_image_hidden":false,"42wp_authors_list":[],"footnotes":""},"categories":[2],"tags":[26271,5273,147,6533,180,30722,1491,28285,30840,547,203,90,35129,204,31447,25853],"42wp_author":[47119],"class_list":["post-100762","post","type-post","status-publish","format-standard","has-post-thumbnail","hentry","category-f1","tag-calendario-f1","tag-classificacao-f1","tag-f1","tag-f1-2023","tag-formula-1","tag-formula-1-2023","tag-grande-premio","tag-grandepremio","tag-horarios-f1","tag-lando-norris","tag-max-verstappen","tag-mclaren","tag-onde-assistir-f1","tag-red-bull","tag-temporada-2023-f1","tag-trofeu","42wp_author-gabriel-carvalho"],"_links":{"self":[{"href":"https:\/\/grandepremio.com\/br\/wp-json\/wp\/v2\/posts\/100762","targetHints":{"allow":["GET"]}}],"collection":[{"href":"https:\/\/grandepremio.com\/br\/wp-json\/wp\/v2\/posts"}],"about":[{"href":"https:\/\/grandepremio.com\/br\/wp-json\/wp\/v2\/types\/post"}],"replies":[{"embeddable":true,"href":"https:\/\/grandepremio.com\/br\/wp-json\/wp\/v2\/comments?post=100762"}],"version-history":[{"count":0,"href":"https:\/\/grandepremio.com\/br\/wp-json\/wp\/v2\/posts\/100762\/revisions"}],"wp:featuredmedia":[{"embeddable":true,"href":"https:\/\/grandepremio.com\/br\/wp-json\/wp\/v2\/media\/1000710569"}],"wp:attachment":[{"href":"https:\/\/grandepremio.com\/br\/wp-json\/wp\/v2\/media?parent=100762"}],"wp:term":[{"taxonomy":"category","embeddable":true,"href":"https:\/\/grandepremio.com\/br\/wp-json\/wp\/v2\/categories?post=100762"},{"taxonomy":"post_tag","embeddable":true,"href":"https:\/\/grandepremio.com\/br\/wp-json\/wp\/v2\/tags?post=100762"},{"taxonomy":"42wp_author","embeddable":true,"href":"https:\/\/grandepremio.com\/br\/wp-json\/wp\/v2\/42wp_author?post=100762"}],"curies":[{"name":"wp","href":"https:\/\/api.w.org\/{rel}","templated":true}]}}