{"id":100810,"date":"2023-07-25T11:50:59","date_gmt":"2023-07-25T14:50:59","guid":{"rendered":"https:\/\/grandepremio.com\/br\/noticias\/denny-hamlin-minimiza-vaia-fas-apos-polemica-kyle-larson-nao-me-dao-trofeus\/"},"modified":"2023-07-25T18:34:05","modified_gmt":"2023-07-25T21:34:05","slug":"denny-hamlin-minimiza-vaia-fas-apos-polemica-kyle-larson-nao-me-dao-trofeus","status":"publish","type":"post","link":"https:\/\/grandepremio.com\/br\/nascar\/denny-hamlin-minimiza-vaia-fas-apos-polemica-kyle-larson-nao-me-dao-trofeus\/","title":{"rendered":"Hamlin minimiza vaias dos f\u00e3s ap\u00f3s pol\u00eamica com Larson: &#8220;N\u00e3o me d\u00e3o trof\u00e9us&#8221;"},"content":{"rendered":"\n<p class=\"wp-block-paragraph\"><strong>Denny Hamlin<\/strong> chegou ao n\u00famero de 50 vit\u00f3rias na <strong>Nascar<\/strong> <a href=\"https:\/\/www.grandepremio.com\/br\/nascar\/noticias\/denny-hamlin-vence-pocono-sob-vaias-apos-jogar-kyle-larson-contra-muro\/\" class=\"ek-link\">ap\u00f3s o triunfo do <\/a>\u00faltimo domingo (23), em Pocono, mas o p\u00fablico local n\u00e3o saiu muito satisfeito com a vit\u00f3ria do piloto da<strong> Joe Gibbs Racing,<\/strong> especialmente ap\u00f3s empurrar<strong> Kyle Larson<\/strong> em dire\u00e7\u00e3o ao muro nas voltas finais da corrida na Pensilv\u00e2nia.<\/p>\n\n\n\n<p class=\"wp-block-paragraph\">Vaiado pelo p\u00fablico presente ap\u00f3s a manobra, Hamlin, que ainda busca o primeiro t\u00edtulo na Cup Series, minimizou as manifesta\u00e7\u00f5es feitas e evita que os protestos diminuam o tamanho do feito. Denny est\u00e1 na 13\u00aa posi\u00e7\u00e3o de maiores vencedores da hist\u00f3ria da Nascar.<\/p>\n\n\n\n<p class=\"wp-block-paragraph\">&#8220;Estou muito velho para ligar. Fandom n\u00e3o vai me dar trof\u00e9us, n\u00e3o vai fazer o trabalho para mim. Na minha carreira, tive alguns momentos chave batendo com caras que eram super populares. Eu n\u00e3o era. Estou tranquilo com isso porque f\u00e3s s\u00e3o apaixonados pelo que veem. Penso que, se voc\u00ea for um f\u00e3 de Denny Hamlin, vai ouvir a mesma coisa&#8221;, afirmou o piloto de 42 anos.<\/p>\n\n\n\n<p class=\"wp-block-paragraph\"><strong>\u25b6\ufe0f\u00a0Inscreva-se nos dois canais do GRANDE PR\u00caMIO no YouTube:\u00a0<\/strong><a href=\"https:\/\/www.youtube.com\/channel\/UC9OlHEgxoaY6QY6nWPoiqQg?sub_confirmation=1\" target=\"_blank\" rel=\"noreferrer noopener\"><strong>GP\u00a0|\u00a0GP2<\/strong><br><strong>\u25b6\ufe0f\u00a0Conhe\u00e7a o canal do GRANDE PR\u00caMIO na Twitch\u00a0<\/strong><\/a><strong><a href=\"https:\/\/www.youtube.com\/channel\/UC9OlHEgxoaY6QY6nWPoiqQg?sub_confirmation=1\" target=\"_blank\" rel=\"noreferrer noopener\">clicando aqui!<\/a><\/strong><\/p>\n\n\n\n<figure class=\"wp-block-image size-full\"><img decoding=\"async\" src=\"https:\/\/www.grandepremio.com\/br\/wp-content\/uploads\/2023\/07\/hamlin.jpeg\" alt=\"\" class=\"wp-image-711247\"\/><figcaption class=\"wp-element-caption\">Hamlin n\u00e3o ligou para as vaias e celebrou a vit\u00f3ria em Pocono (Foto: Nascar)<\/figcaption><\/figure>\n\n\n\n<p class=\"wp-block-paragraph\">Na Cup Series desde 2006 e com um vice-campeonato em 2010, Denny tamb\u00e9m comentou sobre a rela\u00e7\u00e3o conturbada com alguns f\u00e3s da categoria, j\u00e1 que \u00e9 um dos pilotos que mais divide opini\u00f5es no grid. Hamlin cr\u00ea que n\u00e3o tem o estilo de &#8220;bom garoto&#8221; que o faria ser mais popular.<\/p>\n\n\n\n<p class=\"wp-block-paragraph\">&#8220;Cheguei aqui pelo trabalho duro, do jeito antigo. N\u00e3o sou gost\u00e1vel, o que est\u00e1 tudo bem. N\u00e3o sou um desses garotos bons. Sou eu mesmo. Tento tratar as pessoas bem, fazer as coisas certas, deixar os f\u00e3s torcerem para quem quiserem. Enquanto eles estiverem fazendo barulho, est\u00e1 tudo bem&#8221;, concluiu.<\/p>\n\n\n\n<p class=\"wp-block-paragraph\">A\u00a0<strong>22\u00aa\u00a0<\/strong>etapa da temporada 2023 da Nascar est\u00e1 marcada para acontecer no pr\u00f3ximo domingo (30), em\u00a0<strong>Richmond<\/strong>.<\/p>\n","protected":false},"excerpt":{"rendered":"<p>Denny Hamlin saiu sob vaias de Pocono ap\u00f3s empurrar Kyle Larson contra o muro e sair com a vit\u00f3ria. Piloto da Joe Gibbs minimizou rela\u00e7\u00e3o com f\u00e3s ap\u00f3s atrito<\/p>\n","protected":false},"author":0,"featured_media":1000711068,"comment_status":"closed","ping_status":"closed","sticky":false,"template":"","format":"standard","meta":{"42wp_featured_image_caption":"","42wp_featured_image_credits":"","42wp_featured_video":"","42wp_featured_image_hidden":false,"42wp_authors_list":[],"footnotes":""},"categories":[14],"tags":[2179,2228,1491,28285,915,3201,411,35724,3824,2999,25978,25319],"42wp_author":[47119],"class_list":["post-100810","post","type-post","status-publish","format-standard","has-post-thumbnail","hentry","category-nascar","tag-carreira","tag-denny-hamlin","tag-grande-premio","tag-grandepremio","tag-grid","tag-kyle-larson","tag-nascar","tag-noticias","tag-pocono","tag-richmond","tag-temporada-2023","tag-vitorias","42wp_author-gabriel-carvalho"],"_links":{"self":[{"href":"https:\/\/grandepremio.com\/br\/wp-json\/wp\/v2\/posts\/100810","targetHints":{"allow":["GET"]}}],"collection":[{"href":"https:\/\/grandepremio.com\/br\/wp-json\/wp\/v2\/posts"}],"about":[{"href":"https:\/\/grandepremio.com\/br\/wp-json\/wp\/v2\/types\/post"}],"replies":[{"embeddable":true,"href":"https:\/\/grandepremio.com\/br\/wp-json\/wp\/v2\/comments?post=100810"}],"version-history":[{"count":0,"href":"https:\/\/grandepremio.com\/br\/wp-json\/wp\/v2\/posts\/100810\/revisions"}],"wp:featuredmedia":[{"embeddable":true,"href":"https:\/\/grandepremio.com\/br\/wp-json\/wp\/v2\/media\/1000711068"}],"wp:attachment":[{"href":"https:\/\/grandepremio.com\/br\/wp-json\/wp\/v2\/media?parent=100810"}],"wp:term":[{"taxonomy":"category","embeddable":true,"href":"https:\/\/grandepremio.com\/br\/wp-json\/wp\/v2\/categories?post=100810"},{"taxonomy":"post_tag","embeddable":true,"href":"https:\/\/grandepremio.com\/br\/wp-json\/wp\/v2\/tags?post=100810"},{"taxonomy":"42wp_author","embeddable":true,"href":"https:\/\/grandepremio.com\/br\/wp-json\/wp\/v2\/42wp_author?post=100810"}],"curies":[{"name":"wp","href":"https:\/\/api.w.org\/{rel}","templated":true}]}}