{"id":100814,"date":"2023-07-25T10:37:41","date_gmt":"2023-07-25T13:37:41","guid":{"rendered":"https:\/\/grandepremio.com\/br\/noticias\/fia-promete-definicao-sobre-nova-equipe-formula-1-dentro-quatro-seis-semanas\/"},"modified":"2023-07-25T16:09:48","modified_gmt":"2023-07-25T19:09:48","slug":"fia-promete-definicao-sobre-nova-equipe-formula-1-dentro-quatro-seis-semanas","status":"publish","type":"post","link":"https:\/\/grandepremio.com\/br\/f1\/fia-promete-definicao-sobre-nova-equipe-formula-1-dentro-quatro-seis-semanas\/","title":{"rendered":"FIA promete defini\u00e7\u00e3o sobre nova equipe na F1 dentro &#8220;de quatro a seis semanas&#8221;"},"content":{"rendered":"\n<p class=\"wp-block-paragraph\">O imbr\u00f3glio sobre as discuss\u00f5es acerca da entrada de uma nova equipe na <strong>F\u00f3rmula 1<\/strong> para os pr\u00f3ximos anos est\u00e1 perto do fim. Ao menos \u00e9 o que garante <strong>Mohammed ben Sulayem<\/strong>, presidente da <strong>FIA<\/strong> e grande art\u00edficie da discuss\u00e3o imposta desde o come\u00e7o de 2023. De acordo com o mandat\u00e1rio, o desfecho vir\u00e1 no m\u00e1ximo em um m\u00eas e meio, mas com a expectativa de ser ainda em agosto.<\/p>\n\n\n\n<p class=\"wp-block-paragraph\">Foi o que Ben Sulayem disse durante o fim de semana do <strong><a href=\"https:\/\/www.grandepremio.com\/br\/f1\/noticias\/max-verstappen-vence-hungria-leva-red-bull-recorde-historico-vitorias-seguidas-f1\/\" class=\"ek-link\">GP da Hungria<\/a><\/strong>. Segundo ele, o processo j\u00e1 foi esmiu\u00e7ado pelo grupo de trabalho destacado pela FIA e agora se aproxima do final.<\/p>\n\n\n\n<p class=\"wp-block-paragraph\"><strong>\u25b6\ufe0f\u00a0Inscreva-se nos dois canais do GRANDE PR\u00caMIO no YouTube:\u00a0<a href=\"https:\/\/www.youtube.com\/channel\/UC9OlHEgxoaY6QY6nWPoiqQg?sub_confirmation=1\" target=\"_blank\" rel=\"noreferrer noopener\">GP<\/a>\u00a0|\u00a0<a href=\"https:\/\/www.youtube.com\/channel\/UC9csiS6q_C3C0FYhyr1rnFA?sub_confirmation=1\" target=\"_blank\" rel=\"noreferrer noopener\">GP2<\/a><\/strong><br><strong>\u25b6\ufe0f\u00a0<a href=\"https:\/\/www.twitch.tv\/grandepremio\" target=\"_blank\" rel=\"noreferrer noopener\">Conhe\u00e7a o canal do GRANDE PR\u00caMIO na Twitch clicando aqui!<\/a><\/strong><\/p>\n\n\n\n<p class=\"wp-block-paragraph\">&#8220;Espero que consigamos fazer o an\u00fancio no m\u00eas que vem [agosto]. Estamos conversando com gente s\u00e9ria e n\u00e3o queremos excluir ningu\u00e9m sem uma avalia\u00e7\u00e3o detalhada dos pedidos que recebemos&#8221;, afirmou em entrevista ao site h\u00fangaro Formula.hu.<\/p>\n\n\n\n<p class=\"wp-block-paragraph\">&#8220;Estamos falando de grandes nomes e muito dinheiro. A declara\u00e7\u00e3o de inten\u00e7\u00e3o [do desejo de aumentar o grid] foi a coisa certa a fazer e, al\u00e9m disso, o contrato diz que o grid da F1 pode ter at\u00e9 12 equipes&#8221;, continuou.<\/p>\n\n\n\n<p class=\"wp-block-paragraph\">Mas que apenas alguma nova equipe, o homem mais poderoso da FIA fala de uma f\u00e1brica. A <strong>Andretti<\/strong>, tida como <strong><a href=\"https:\/\/www.grandepremio.com\/br\/f1\/noticias\/fia-fala-mais-de-5-pedidos-de-inscricao-f1-quer-andretti-como-dizer-nao\/\" class=\"ek-link\">grande favorita no processo<\/a><\/strong>, j\u00e1 anunciou que chega como parceira da <strong>GM<\/strong>, por meio da <strong>Cadillac<\/strong>. A GM chegou a dizer que tudo <strong><a href=\"https:\/\/www.grandepremio.com\/br\/f1\/noticias\/gm-diz-f1-vai-decidir-entrada-andretti-cadillac-ate-15-julho\/\" class=\"ek-link\">seria definido at\u00e9 o \u00faltimo dia 15<\/a><\/strong>, mas agora \u00e9 a FIA quem se manifesta.<\/p>\n\n\n\n<figure class=\"wp-block-image size-large\"><img decoding=\"async\" src=\"https:\/\/www.grandepremio.com\/br\/wp-content\/uploads\/2020\/05\/JGS_2019-INDIANAPOLIS-500-106216-1-1024x683.jpeg\" alt=\"\" class=\"wp-image-520642\"\/><figcaption class=\"wp-element-caption\">Michael Andretti tem acordo com Alpine para fornecimento de motor na F1 (Foto: Indycar)<\/figcaption><\/figure>\n\n\n\n<p class=\"wp-block-paragraph\">&#8220;Claro que n\u00e3o queremos qualquer equipe, mas equipes &#8216;classe A&#8217; e precisamos de novas f\u00e1bricas. Prefiro f\u00e1bricas porque seria bom para o esporte. J\u00e1 tomamos o tempo que precis\u00e1vamos, a equipe da FIA trabalhou muito duro nisso, j\u00e1 nos encontramos com as equipes para revisar as propostas e aho que chegaremos a uma decis\u00e3o final dentre de quatro a seis semanas&#8221;, apontou.<\/p>\n\n\n\n<p class=\"wp-block-paragraph\">Apesar do fato que a F1 coletivamente, entre organiza\u00e7\u00e3o e o grupo de equipes, mostrar-se contra por quest\u00f5es financeiras, a FIA n\u00e3o arreda p\u00e9 por se mostrar favor\u00e1vel.<\/p>\n\n\n\n<p class=\"wp-block-paragraph\">&#8220;\u00c9 obviamente uma quest\u00e3o pol\u00edtica e financeira, mas est\u00e1 claro para mim que a FIA tem de respeitar os tratados que existem. Somos regulamentados pela UE (Uni\u00e3o Europeia). N\u00e3o podemos manipular nada. Se uma equipe est\u00e1 interessada e as regras dizeram que podemos ter uma quantidade definida de times, como podemos dizer n\u00e3o?&#8221;, questionou.<\/p>\n\n\n\n<p class=\"wp-block-paragraph\">&#8220;Entendo as preocupa\u00e7\u00f5es das outras equipes, especialmente na parte financeira, da distribui\u00e7\u00e3o, mas n\u00e3o estou aqui para chatear ningu\u00e9m. Estou aqui para fazer a coisa certa para o esporte. Ficarei feliz de me reunir com algu\u00e9m e dar conselhos, mas como podemos negar uma grande equipe que queira entrar na F1 dizendo para comprar uma equipe ou n\u00e3o vir? Acho isso errado&#8221;, finalizou.<\/p>\n\n\n\n<p class=\"wp-block-paragraph\">A\u00a0<a href=\"https:\/\/www.grandepremio.com\/formula-1\/\" target=\"_blank\" rel=\"noreferrer noopener\"><\/a><a href=\"https:\/\/www.grandepremio.com\/formula-1\/\" target=\"_blank\" rel=\"noreferrer noopener\">F\u00f3rmula 1<\/a>\u00a0volta j\u00e1 no pr\u00f3ximo final de semana, entre os dias 28 e 30 de julho, para a disputa do\u00a0<strong>GP da B\u00e9lgica<\/strong>, em\u00a0<a href=\"https:\/\/www.grandepremio.com\/br\/circuito\/spa-francorchamps\/\" target=\"_blank\" rel=\"noreferrer noopener\">Spa-Francorchamps<\/a>. O\u00a0<strong>GRANDE PR\u00caMIO\u00a0<\/strong>acompanha todas as atividades da temporada 2023\u00a0<strong>AO VIVO\u00a0<\/strong>e em\u00a0<strong><a href=\"https:\/\/www.grandepremio.com\/br\/ao-vivo\/\" target=\"_blank\" rel=\"noreferrer noopener\">TEMPO REAL<\/a><\/strong>. S\u00e1bado e domingo, ainda tem a\u00a0<a href=\"https:\/\/formula1aovivo.com\/\" target=\"_blank\" rel=\"noreferrer noopener\">transmiss\u00e3o<\/a>\u00a0em\u00a0<strong>segunda tela<\/strong>, em parceria com a\u00a0<strong>Voz do Esporte<\/strong>, no canal 1 do\u00a0<strong>GP\u00a0<\/strong>no YouTube.<\/p>\n\n\n\n<figure class=\"wp-block-embed is-type-video is-provider-youtube wp-block-embed-youtube wp-embed-aspect-16-9 wp-has-aspect-ratio\"><div class=\"wp-block-embed__wrapper\">\n<iframe loading=\"lazy\" title=\"LARGADA INACREDIT\u00c1VEL: Verstappen ATROPELA Hamilton e vence a F1 na HUNGRIA | Paddock GP #339\" width=\"500\" height=\"281\" src=\"https:\/\/www.youtube.com\/embed\/LiqGOqOeoYU?feature=oembed\" frameborder=\"0\" allow=\"accelerometer; autoplay; clipboard-write; encrypted-media; gyroscope; picture-in-picture; web-share\" referrerpolicy=\"strict-origin-when-cross-origin\" allowfullscreen><\/iframe>\n<\/div><figcaption class=\"wp-element-caption\">LARGADA INACREDIT\u00c1VEL: Verstappen ATROPELA Hamilton e vence a F1 na HUNGRIA | Paddock GP\u00a0<a href=\"https:\/\/www.youtube.com\/hashtag\/339\">#339<\/a><\/figcaption><\/figure>\n","protected":false},"excerpt":{"rendered":"<p>Mohammed ben Sulayem, presidente da FIA, prometeu a decis\u00e3o sobre nova equipe na F\u00f3rmula 1 para no m\u00e1ximo em seis semanas<\/p>\n","protected":false},"author":0,"featured_media":1000650377,"comment_status":"closed","ping_status":"closed","sticky":false,"template":"","format":"standard","meta":{"42wp_featured_image_caption":"","42wp_featured_image_credits":"","42wp_featured_video":"","42wp_featured_image_hidden":false,"42wp_authors_list":[],"footnotes":""},"categories":[2],"tags":[28884,6533,642,29116,103,30722,1491,26123,30103,28285,30344,32087],"42wp_author":[47120],"class_list":["post-100814","post","type-post","status-publish","format-standard","has-post-thumbnail","hentry","category-f1","tag-andretti-f1","tag-f1-2023","tag-f1-ao-vivo","tag-f1-grande-premio","tag-fia","tag-formula-1-2023","tag-grande-premio","tag-grande-premio-ao-vivo","tag-grande-premio-f1","tag-grandepremio","tag-mohammed-ben-sulayem","tag-onde-assistir","42wp_author-pedro-henrique-marum"],"_links":{"self":[{"href":"https:\/\/grandepremio.com\/br\/wp-json\/wp\/v2\/posts\/100814","targetHints":{"allow":["GET"]}}],"collection":[{"href":"https:\/\/grandepremio.com\/br\/wp-json\/wp\/v2\/posts"}],"about":[{"href":"https:\/\/grandepremio.com\/br\/wp-json\/wp\/v2\/types\/post"}],"replies":[{"embeddable":true,"href":"https:\/\/grandepremio.com\/br\/wp-json\/wp\/v2\/comments?post=100814"}],"version-history":[{"count":0,"href":"https:\/\/grandepremio.com\/br\/wp-json\/wp\/v2\/posts\/100814\/revisions"}],"wp:featuredmedia":[{"embeddable":true,"href":"https:\/\/grandepremio.com\/br\/wp-json\/wp\/v2\/media\/1000650377"}],"wp:attachment":[{"href":"https:\/\/grandepremio.com\/br\/wp-json\/wp\/v2\/media?parent=100814"}],"wp:term":[{"taxonomy":"category","embeddable":true,"href":"https:\/\/grandepremio.com\/br\/wp-json\/wp\/v2\/categories?post=100814"},{"taxonomy":"post_tag","embeddable":true,"href":"https:\/\/grandepremio.com\/br\/wp-json\/wp\/v2\/tags?post=100814"},{"taxonomy":"42wp_author","embeddable":true,"href":"https:\/\/grandepremio.com\/br\/wp-json\/wp\/v2\/42wp_author?post=100814"}],"curies":[{"name":"wp","href":"https:\/\/api.w.org\/{rel}","templated":true}]}}