{"id":100838,"date":"2023-07-24T11:25:42","date_gmt":"2023-07-24T14:25:42","guid":{"rendered":"https:\/\/grandepremio.com\/br\/noticias\/porsche-supera-duvidas-garante-permanencia-grid-formula-e-2025-26\/"},"modified":"2023-07-25T08:14:42","modified_gmt":"2023-07-25T11:14:42","slug":"porsche-supera-duvidas-garante-permanencia-grid-formula-e-2025-26","status":"publish","type":"post","link":"https:\/\/grandepremio.com\/br\/formula-e\/porsche-supera-duvidas-garante-permanencia-grid-formula-e-2025-26\/","title":{"rendered":"Porsche supera d\u00favidas e garante perman\u00eancia no grid da F\u00f3rmula E at\u00e9 2025\/26"},"content":{"rendered":"\n<p class=\"wp-block-paragraph\">Considerada uma das principais for\u00e7as de 2023, mas com poucas chances reais de t\u00edtulo no Mundial de Pilotos da <strong>F\u00f3rmula E<\/strong>, a <strong>Porsche <\/strong>anunciou nesta segunda-feira (24) a extens\u00e3o de sua perman\u00eancia no grid da categoria, agora at\u00e9 o fim da temporada <strong>2025\/26<\/strong>. Segunda colocada no Mundial de Construtores, a equipe alem\u00e3 ainda almeja superar os 14 pontos de diferen\u00e7a para a <strong>Envision <\/strong>e sonha com seu primeiro t\u00edtulo da modalidade em 2023.<\/p>\n\n\n\n<p class=\"wp-block-paragraph\">Parte integrante do grid da F\u00f3rmula E desde 2019, os planos da Porsche previam a participa\u00e7\u00e3o at\u00e9 o fim da pr\u00f3xima temporada, a d\u00e9cima da hist\u00f3ria da categoria. No entanto, ap\u00f3s a confirma\u00e7\u00e3o de que a marca n\u00e3o vai buscar uma vaga na F\u00f3rmula 1 para 2026, o foco da montadora voltou a ser o endurance e a modalidade de carros el\u00e9tricos.<\/p>\n\n\n\n<p class=\"wp-block-paragraph\">A extens\u00e3o de sua entrada por mais duas temporadas ainda garante a presen\u00e7a da Porsche na F\u00f3rmula E at\u00e9 a \u00faltima participa\u00e7\u00e3o dos atuais carros <strong>Gen3<\/strong>, al\u00e9m do processo de idealiza\u00e7\u00e3o do <strong>Gen4 <\/strong>\u2014 que ser\u00e1 implementado apenas a partir da temporada 2026\/27.<\/p>\n\n\n\n<p class=\"wp-block-paragraph\"><strong>\u25b6\ufe0f&nbsp;<a href=\"https:\/\/www.twitch.tv\/grandepremio\" target=\"_blank\" rel=\"noreferrer noopener\">Conhe\u00e7a o canal do GRANDE PR\u00caMIO na Twitch clicando aqui!<\/a><\/strong><\/p>\n\n\n\n<figure class=\"wp-block-image size-large\"><img decoding=\"async\" src=\"https:\/\/www.grandepremio.com\/br\/wp-content\/uploads\/2023\/07\/EPS913_132739SMG_8489-2048x2048-1-1024x683.jpg\" alt=\"\" class=\"wp-image-708392\"\/><figcaption class=\"wp-element-caption\">A Porsche surgiu como for\u00e7a dominante em 2023, mas perdeu f\u00f4lego (Foto: F\u00f3rmula E)<\/figcaption><\/figure>\n\n\n\n<p class=\"wp-block-paragraph\"><strong>\u25b6\ufe0f&nbsp;Inscreva-se nos dois canais do GRANDE PR\u00caMIO no YouTube:&nbsp;<a href=\"https:\/\/www.youtube.com\/channel\/UC9OlHEgxoaY6QY6nWPoiqQg?sub_confirmation=1\" target=\"_blank\" rel=\"noreferrer noopener\">GP<\/a>&nbsp;|&nbsp;<a href=\"https:\/\/www.youtube.com\/channel\/UC9csiS6q_C3C0FYhyr1rnFA?sub_confirmation=1\" target=\"_blank\" rel=\"noreferrer noopener\">GP2<\/a><\/strong><\/p>\n\n\n\n<p class=\"wp-block-paragraph\">&#8220;Com nossa entrada na F\u00f3rmula E, entramos em um novo cap\u00edtulo no esporte a motor el\u00e9trico&#8221;, disse <strong>Michael Steiner<\/strong>, membro do Conselho Executivo da Porsche. &#8220;Estamos convencidos de que nossa presen\u00e7a e nosso sucesso na F\u00f3rmula E v\u00e3o continuar a construir as bases para as solu\u00e7\u00f5es de mobilidade do futuro&#8221;, destacou.<\/p>\n\n\n\n<p class=\"wp-block-paragraph\">&#8220;Ela oferece o ambiente mais competitivo para acelerar o desenvolvimento de ve\u00edculos de alta performance, com foco no meio-ambiente e na efici\u00eancia de energia. Estamos ansiosos para moldar ativamente o futuro de sucesso da F\u00f3rmula E e por darmos \u00e0 mobilidade el\u00e9trica ainda mais protagonismo em escala global&#8221;, finalizou.<\/p>\n\n\n\n<p class=\"wp-block-paragraph\">At\u00e9 o ano passado, a Porsche ainda questionava uma poss\u00edvel perman\u00eancia na F\u00f3rmula E ap\u00f3s 2024. Sem vit\u00f3rias em seus dois primeiros anos, a equipe alem\u00e3 passou por per\u00edodos dif\u00edceis na categoria, mas renasceu justamente no momento em que mais se aproximou de uma retirada e venceu o <strong><a aria-label=\" (opens in a new tab)\" href=\"https:\/\/www.grandepremio.com\/br\/formula-e\/noticias\/pascal-wehrlein-lidera-dobradinha-no-mexico-e-leva-porsche-a-primeira-vitoria-na-formula-e\/\" target=\"_blank\" rel=\"noreferrer noopener\" class=\"ek-link\">eP da Cidade do M\u00e9xico<\/a><\/strong> de 2022 com <strong>Pascal Wehrlein<\/strong>.<\/p>\n\n\n\n<p class=\"wp-block-paragraph\">Este ano, a montadora subiu de patamar e se colocou como uma das principais for\u00e7as da categoria, ainda que os problemas de classifica\u00e7\u00e3o tenham impedido a perman\u00eancia na briga pelo Mundial de Pilotos. Ainda assim, o grande favorito no momento \u00e9 o brit\u00e2nico <strong>Jake Dennis<\/strong>, da <strong>Andretti <\/strong>\u2014 que, por ser uma equipe cliente, utiliza os motores da Porsche.<\/p>\n\n\n\n<p class=\"wp-block-paragraph\">Assim, com a confirma\u00e7\u00e3o da perman\u00eancia alem\u00e3 at\u00e9 o fim da temporada 2025\/26, \u00e9 esperada tamb\u00e9m uma extens\u00e3o do v\u00ednculo entre Andretti e Porsche, que se iniciou este ano. Potencializada pela parceria com a montadora, a equipe americana nutre um sonho real de conquistar o t\u00edtulo de Pilotos pela primeira vez em sua hist\u00f3ria.<\/p>\n\n\n\n<p class=\"wp-block-paragraph\">A\u00a0<strong><a href=\"https:\/\/www.grandepremio.com\/br\/formula-e\/\" target=\"_blank\" rel=\"noreferrer noopener\">F\u00f3rmula E<\/a><\/strong>, agora, retorna para decidir o campeonato no fim do m\u00eas. Entre os dias\u00a0<strong>29<\/strong>\u00a0e\u00a0<strong>30\u00a0<\/strong>de julho, o\u00a0<strong>eP de\u00a0<a href=\"https:\/\/www.grandepremio.com\/br\/circuito\/londres\/\" target=\"_blank\" rel=\"noreferrer noopener\">Londres<\/a><\/strong>\u00a0vai, enfim, definir quem ser\u00e1 o\u00a0<strong>grande campe\u00e3o<\/strong>\u00a0da primeira temporada da\u00a0<strong>Era Gen3<\/strong>. O\u00a0<strong>GRANDE<\/strong>\u00a0<strong>PR\u00caMIO<\/strong>, emissora oficial da categoria no Brasil, transmite todas as atividades\u00a0<strong>AO VIVO e COM IMAGENS<\/strong>\u00a0no\u00a0<strong><a href=\"https:\/\/www.youtube.com\/c\/GrandePremioTV\" target=\"_blank\" rel=\"noreferrer noopener\">YouTube<\/a><\/strong>\u00a0e no\u00a0<strong><a href=\"https:\/\/kwai.com\/user\/@grandepremio\" target=\"_blank\" rel=\"noreferrer noopener\">Kwai<\/a><\/strong>.<\/p>\n\n\n\n<figure class=\"wp-block-embed is-type-video is-provider-youtube wp-block-embed-youtube wp-embed-aspect-16-9 wp-has-aspect-ratio\"><div class=\"wp-block-embed__wrapper\">\n<iframe loading=\"lazy\" title=\"F\u00d3RMULA E 2023 AO VIVO - eP DE ROMA | 14\u00aa etapa | Corrida\" width=\"500\" height=\"281\" src=\"https:\/\/www.youtube.com\/embed\/yFKJGl1N8UE?feature=oembed\" frameborder=\"0\" allow=\"accelerometer; autoplay; clipboard-write; encrypted-media; gyroscope; picture-in-picture; web-share\" referrerpolicy=\"strict-origin-when-cross-origin\" allowfullscreen><\/iframe>\n<\/div><\/figure>\n","protected":false},"excerpt":{"rendered":"<p>A Porsche viveu um per\u00edodo de indecis\u00e3o na F\u00f3rmula E, com poucos momentos de destaque nos primeiros anos, mas se tornou protagonista da categoria em 2023 e anunciou que estar\u00e1 no grid at\u00e9 o fim da temporada 2025\/26<\/p>\n","protected":false},"author":0,"featured_media":1000679920,"comment_status":"closed","ping_status":"closed","sticky":false,"template":"","format":"standard","meta":{"42wp_featured_image_caption":"","42wp_featured_image_credits":"","42wp_featured_video":"","42wp_featured_image_hidden":false,"42wp_authors_list":[],"footnotes":""},"categories":[19],"tags":[33214,28679,6853,5378,379,30779,840,31435,1601,1491,30103,28285,736],"42wp_author":[47142],"class_list":["post-100838","post","type-post","status-publish","format-standard","has-post-thumbnail","hentry","category-formula-e","tag-calendario-fe","tag-calendario-formula-e","tag-classificacao-formula-e","tag-ep-de-roma","tag-fe","tag-fe-2023","tag-formula-e","tag-formula-e-2023","tag-gen3","tag-grande-premio","tag-grande-premio-f1","tag-grandepremio","tag-porsche","42wp_author-jp-nascimento"],"_links":{"self":[{"href":"https:\/\/grandepremio.com\/br\/wp-json\/wp\/v2\/posts\/100838","targetHints":{"allow":["GET"]}}],"collection":[{"href":"https:\/\/grandepremio.com\/br\/wp-json\/wp\/v2\/posts"}],"about":[{"href":"https:\/\/grandepremio.com\/br\/wp-json\/wp\/v2\/types\/post"}],"replies":[{"embeddable":true,"href":"https:\/\/grandepremio.com\/br\/wp-json\/wp\/v2\/comments?post=100838"}],"version-history":[{"count":0,"href":"https:\/\/grandepremio.com\/br\/wp-json\/wp\/v2\/posts\/100838\/revisions"}],"wp:featuredmedia":[{"embeddable":true,"href":"https:\/\/grandepremio.com\/br\/wp-json\/wp\/v2\/media\/1000679920"}],"wp:attachment":[{"href":"https:\/\/grandepremio.com\/br\/wp-json\/wp\/v2\/media?parent=100838"}],"wp:term":[{"taxonomy":"category","embeddable":true,"href":"https:\/\/grandepremio.com\/br\/wp-json\/wp\/v2\/categories?post=100838"},{"taxonomy":"post_tag","embeddable":true,"href":"https:\/\/grandepremio.com\/br\/wp-json\/wp\/v2\/tags?post=100838"},{"taxonomy":"42wp_author","embeddable":true,"href":"https:\/\/grandepremio.com\/br\/wp-json\/wp\/v2\/42wp_author?post=100838"}],"curies":[{"name":"wp","href":"https:\/\/api.w.org\/{rel}","templated":true}]}}