{"id":100853,"date":"2023-07-24T04:30:00","date_gmt":"2023-07-24T07:30:00","guid":{"rendered":"https:\/\/grandepremio.com\/br\/noticias\/jack-doohan-tira-tonelada-costas-hungria-f1-tem-ficar-lado-deslanchar\/"},"modified":"2023-07-23T19:38:00","modified_gmt":"2023-07-23T22:38:00","slug":"jack-doohan-tira-tonelada-costas-hungria-f1-tem-ficar-lado-deslanchar","status":"publish","type":"post","link":"https:\/\/grandepremio.com\/br\/f2\/jack-doohan-tira-tonelada-costas-hungria-f1-tem-ficar-lado-deslanchar\/","title":{"rendered":"Doohan tira tonelada das costas na Hungria, mas F1 tem de ficar de lado para deslanchar"},"content":{"rendered":"\n<p class=\"wp-block-paragraph\"><strong>Jack Doohan<\/strong> <a href=\"https:\/\/www.grandepremio.com\/br\/f2\/noticias\/jack-doohan-vence-corrida-2-f2-hungria-ponta-ponta-enzo-fittipaldi-completa-8o\/\" class=\"ek-link\">enfim venceu na <strong>temporada 2023<\/strong> da <strong>F\u00f3rmula 2<\/strong><\/a>. Uma vit\u00f3ria f\u00e1cil, at\u00e9, considerando que o australiano largou na pole-position e n\u00e3o perdeu a lideran\u00e7a nem quando parou para trocar pneus, coisa rara de se ver na categoria. Mas ser for levado em conta todo o contexto at\u00e9 domingo, na Hungria, foi uma vit\u00f3ria suada, chorada, dram\u00e1tica. Uma vit\u00f3ria que ajudou a tirar um gigantesco peso das costas do jovem de 20 anos.<\/p>\n\n\n\n<p class=\"wp-block-paragraph\">Doohan chegou em 2023 embalado. No ano anterior, as tr\u00eas vit\u00f3rias conquistadas em <strong>Silverstone <\/strong>(sprint), <strong>Budapeste <\/strong>(sprint) e <strong>Spa-Francorchamps<\/strong> (corrida principal) o deixaram em condi\u00e7\u00f5es de brigar ao menos pelo vice-campeonato, uma vez que<strong> Felipe Drugovich<\/strong> mantinha-se seguro na lideran\u00e7a, conquistando o t\u00edtulo com uma rodada de anteced\u00eancia. <\/p>\n\n\n\n<p class=\"wp-block-paragraph\"><strong>\u25b6\ufe0f\u00a0Inscreva-se nos dois canais do GRANDE PR\u00caMIO no YouTube:\u00a0<a href=\"https:\/\/www.youtube.com\/channel\/UC9OlHEgxoaY6QY6nWPoiqQg?sub_confirmation=1\" target=\"_blank\" rel=\"noreferrer noopener\">GP<\/a>\u00a0|\u00a0<a href=\"https:\/\/www.youtube.com\/channel\/UC9csiS6q_C3C0FYhyr1rnFA?sub_confirmation=1\" target=\"_blank\" rel=\"noreferrer noopener\">GP2<\/a><\/strong><br><strong>\u25b6\ufe0f\u00a0<a href=\"https:\/\/www.twitch.tv\/grandepremio\" target=\"_blank\" rel=\"noreferrer noopener\">Conhe\u00e7a o canal do GRANDE PR\u00caMIO na Twitch clicando aqui!<\/a><\/strong><\/p>\n\n\n\n<figure class=\"wp-block-image size-large\"><img decoding=\"async\" src=\"https:\/\/www.grandepremio.com\/br\/wp-content\/uploads\/2023\/07\/Podio-F2-na-Hungria-1024x662.jpg\" alt=\"\" class=\"wp-image-710312\"\/><figcaption class=\"wp-element-caption\">Vesti, Doohan e Martins no p\u00f3dio da corrida 2 da F2 na Hungria (Foto: Prema)<\/figcaption><\/figure>\n\n\n\n<p class=\"wp-block-paragraph\">Imediatamente, a expectativa em torno do filho de <strong>Mick Doohan <\/strong>cresceu. Mais: em meio ao imbr\u00f3glio envolvendo a renova\u00e7\u00e3o de <strong>Fernando Alonso<\/strong>, que preferiu a <strong>Aston Martin<\/strong>, e, depois, a repentina ida de <strong>Oscar Piastri<\/strong> para a <strong>McLaren<\/strong>, a <strong>Alpine <\/strong>voltou as aten\u00e7\u00f5es para outra jovem promessa de sua academia. Jack foi cotado para formar a dupla deste ano na <strong>F\u00f3rmula 1<\/strong> com<strong> Esteban Ocon<\/strong>, mas a equipe entendeu que era preciso um pouco mais de tempo at\u00e9 o piloto da <strong>Virtuosi <\/strong>receber a gradua\u00e7\u00e3o e ainda estabeleceu uma meta ousada: <a href=\"https:\/\/www.grandepremio.com\/br\/f2\/noticias\/alpine-grande-potencial-meta-jack-doohan-2023-campeao-formula-2\/\" class=\"ek-link\">o t\u00edtulo da F2<\/a>. Era, portanto, inevit\u00e1vel olhar para o garoto e n\u00e3o enxergar um dos favoritos \u00e0 conquista, como o pr\u00f3prio CEO da F2 e da F3, Bruno Michel, pontuou.<\/p>\n\n\n\n<p class=\"wp-block-paragraph\">S\u00f3 que a Virtuosi n\u00e3o conseguiu cumprir uma parte fundamental para que isso acontecesse: <a href=\"https:\/\/www.grandepremio.com\/br\/f2\/noticias\/jack-doohan-sabor-agridoce-podio-luta-confianca-virtuosi\/\" class=\"ek-link\">dar ao seu piloto um equipamento capaz de brigar por p\u00f3dios e vit\u00f3rias<\/a>. Com uma performance muito irregular nas quatro primeiras rodadas da competi\u00e7\u00e3o, somando apenas 24 pontos em 156 poss\u00edveis, Doohan passou a lidar constantemente com quest\u00f5es envolvendo o seu real preparo para assumir um carro de F1. A todo tempo, buscava afastar a press\u00e3o, dizendo que n\u00e3o havia nada para ser provado da sua parte e que n\u00e3o estava pensando na elite do automobilismo mundial. Mas ele sabia que apenas a vit\u00f3ria o traria um pouco mais de paz.<\/p>\n\n\n\n<p class=\"wp-block-paragraph\">&#8220;\u00c9 o que queria fazer desde o come\u00e7o do ano e o que acredito ser capaz de fazer&#8221;, come\u00e7ou Doohan na coletiva p\u00f3s-corrida. &#8220;Neste fim de semana, nada mudou em minha abordagem, apenas estou tentando ser mais e mais resiliente. Estou muito feliz que tivemos uma corrida suave hoje, a equipe fez um pit-stop incr\u00edvel, o carro estava do jeito certo e demos bons passos adiante desde ontem [s\u00e1bado]. Terminar com um mega ritmo com ambos os pneus foi maravilhoso&#8221;, celebrou.<\/p>\n\n\n\n<p class=\"wp-block-paragraph\">Com o resultado da Hungria, Doohan subiu para quinto, a 53 pontos do l\u00edder, Frederik Vesti. Com mais 156 em jogo, a rodada magiar colocou o australiano definitivamente na briga, e talvez a partir de agora, Jack consiga correr mais solto para, enfim, desfilar a sua pilotagem. Pois F1, se vier, ainda est\u00e1 longe, muito longe.<\/p>\n\n\n\n<p class=\"wp-block-paragraph\">A\u00a0<strong><a href=\"https:\/\/www.grandepremio.com\/br\/f2\/\" target=\"_blank\" rel=\"noreferrer noopener\">F\u00f3rmula 2<\/a><\/strong>\u00a0retorna j\u00e1 no pr\u00f3ximo final de semana, entre os dias 28 e 30 de julho, para a disputa da rodada da\u00a0<strong>B\u00e9lgica<\/strong>, em\u00a0<a href=\"https:\/\/www.grandepremio.com\/br\/circuito\/spa-francorchamps\/\" target=\"_blank\" rel=\"noreferrer noopener\">Spa-Francorchamps<\/a>. O<strong>\u00a0GRANDE PR\u00caMIO<\/strong>\u00a0acompanha todas as atividades da temporada 2023.<\/p>\n\n\n\n<figure class=\"wp-block-embed is-type-video is-provider-youtube wp-block-embed-youtube wp-embed-aspect-16-9 wp-has-aspect-ratio\"><div class=\"wp-block-embed__wrapper\">\n<iframe loading=\"lazy\" title=\"Hitech na F1 \u00e9 frescor para pilotos da base que sonham com categoria | GP \u00e0s 10\" width=\"500\" height=\"281\" src=\"https:\/\/www.youtube.com\/embed\/GTfDoP20Dnc?feature=oembed\" frameborder=\"0\" allow=\"accelerometer; autoplay; clipboard-write; encrypted-media; gyroscope; picture-in-picture; web-share\" referrerpolicy=\"strict-origin-when-cross-origin\" allowfullscreen><\/iframe>\n<\/div><\/figure>\n","protected":false},"excerpt":{"rendered":"<p>Jack Doohan foi cotado para o lugar de Fernando Alonso na Alpine, mas a equipe achou por bem esperar um pouco mais, n\u00e3o sem antes estabelecer uma meta ousada: o t\u00edtulo da F2. S\u00f3 que o carro da Virtuosi esse ano n\u00e3o ajudou, e o jovem teve de ser muito resiliente para enfim vencer e tirar o gigante peso das costas<\/p>\n","protected":false},"author":0,"featured_media":1000710313,"comment_status":"closed","ping_status":"closed","sticky":false,"template":"","format":"standard","meta":{"42wp_featured_image_caption":"","42wp_featured_image_credits":"","42wp_featured_video":"","42wp_featured_image_hidden":false,"42wp_authors_list":[],"footnotes":""},"categories":[9],"tags":[29654,30246,111,32048,2208,32407,1491,28285,35029,4122,35792,32114,3967,35791,32113,596,35790,33171],"42wp_author":[47147],"class_list":["post-100853","post","type-post","status-publish","format-standard","has-post-thumbnail","hentry","category-f2","tag-calendario-f2","tag-classificacao-f2","tag-f2","tag-f2-2023","tag-formula-2","tag-formula-2-2023","tag-grande-premio","tag-grandepremio","tag-horarios-f2","tag-hungaroring","tag-hungaroring-2023","tag-hungaroring-f2","tag-hungria","tag-hungria-2023","tag-hungria-f2","tag-jack-doohan","tag-rodada-da-hungria","tag-temporada-2023-f2","42wp_author-luana-marino"],"_links":{"self":[{"href":"https:\/\/grandepremio.com\/br\/wp-json\/wp\/v2\/posts\/100853","targetHints":{"allow":["GET"]}}],"collection":[{"href":"https:\/\/grandepremio.com\/br\/wp-json\/wp\/v2\/posts"}],"about":[{"href":"https:\/\/grandepremio.com\/br\/wp-json\/wp\/v2\/types\/post"}],"replies":[{"embeddable":true,"href":"https:\/\/grandepremio.com\/br\/wp-json\/wp\/v2\/comments?post=100853"}],"version-history":[{"count":0,"href":"https:\/\/grandepremio.com\/br\/wp-json\/wp\/v2\/posts\/100853\/revisions"}],"wp:featuredmedia":[{"embeddable":true,"href":"https:\/\/grandepremio.com\/br\/wp-json\/wp\/v2\/media\/1000710313"}],"wp:attachment":[{"href":"https:\/\/grandepremio.com\/br\/wp-json\/wp\/v2\/media?parent=100853"}],"wp:term":[{"taxonomy":"category","embeddable":true,"href":"https:\/\/grandepremio.com\/br\/wp-json\/wp\/v2\/categories?post=100853"},{"taxonomy":"post_tag","embeddable":true,"href":"https:\/\/grandepremio.com\/br\/wp-json\/wp\/v2\/tags?post=100853"},{"taxonomy":"42wp_author","embeddable":true,"href":"https:\/\/grandepremio.com\/br\/wp-json\/wp\/v2\/42wp_author?post=100853"}],"curies":[{"name":"wp","href":"https:\/\/api.w.org\/{rel}","templated":true}]}}