{"id":100878,"date":"2023-07-23T13:32:31","date_gmt":"2023-07-23T16:32:31","guid":{"rendered":"https:\/\/grandepremio.com\/br\/noticias\/chefe-mercedes-2o-carro-mais-rapido-hungria-assume-nao-monetizamos\/"},"modified":"2023-07-23T13:33:16","modified_gmt":"2023-07-23T16:33:16","slug":"chefe-mercedes-2o-carro-mais-rapido-hungria-assume-nao-monetizamos","status":"publish","type":"post","link":"https:\/\/grandepremio.com\/br\/f1\/chefe-mercedes-2o-carro-mais-rapido-hungria-assume-nao-monetizamos\/","title":{"rendered":"Chefe v\u00ea Mercedes como 2\u00ba carro mais r\u00e1pido na Hungria, mas assume: \u201cN\u00e3o monetizamos\u201d"},"content":{"rendered":"\n<p class=\"wp-block-paragraph\"><strong>Toto Wolff <\/strong>considerou que a <strong>Mercedes <\/strong>era o \u201csegundo carro mais r\u00e1pido\u201d no <a href=\"https:\/\/www.grandepremio.com\/br\/f1\/noticias\/max-verstappen-vence-hungria-leva-red-bull-recorde-historico-vitorias-seguidas-f1\/\" class=\"ek-link\">GP da <strong>Hungria <\/strong>deste domingo (23)<\/a>. O chefe reconheceu, por\u00e9m, que a equipe n\u00e3o conseguiu tirar proveito disso e avaliou que a estrat\u00e9gia de pneus foi cautelosa demais.<\/p>\n\n\n\n<p class=\"wp-block-paragraph\">Dono da pole, <strong>Lewis Hamilton <\/strong>perdeu a lideran\u00e7a ainda nos primeiros metros de <strong>Hungaroring <\/strong>e recebeu a bandeirada apenas na quarta coloca\u00e7\u00e3o, 39s134 atr\u00e1s de <strong>Max Verstappen<\/strong>, o vencedor. <strong>George Russell <\/strong>ficou em sexto.<\/p>\n\n\n\n<figure class=\"wp-block-image size-large\"><img decoding=\"async\" src=\"https:\/\/www.grandepremio.com\/br\/wp-content\/uploads\/2023\/07\/000_33MZ86C-1024x683.jpg\" alt=\"F1 2023, GP DA INGLATERRA, SILVERSTONE, MERCEDES, TOTO WOLFF, AFP\" class=\"wp-image-706830\"\/><figcaption class=\"wp-element-caption\">Toto Wolff avaliou que a Mercedes errou com pneus na Hungria (Foto: AFP) <\/figcaption><\/figure>\n\n\n\n<p class=\"wp-block-paragraph\"><strong>\u25b6\ufe0f\u00a0Inscreva-se nos dois canais do GRANDE PR\u00caMIO no YouTube:\u00a0<a href=\"https:\/\/www.youtube.com\/channel\/UC9OlHEgxoaY6QY6nWPoiqQg?sub_confirmation=1\" target=\"_blank\" rel=\"noreferrer noopener\">GP<\/a>\u00a0|\u00a0<a href=\"https:\/\/www.youtube.com\/channel\/UC9csiS6q_C3C0FYhyr1rnFA?sub_confirmation=1\" target=\"_blank\" rel=\"noreferrer noopener\">GP2<\/a><\/strong><br><strong>\u25b6\ufe0f\u00a0<a href=\"https:\/\/www.twitch.tv\/grandepremio\" target=\"_blank\" rel=\"noreferrer noopener\">Conhe\u00e7a o canal do GRANDE PR\u00caMIO na Twitch clicando aqui!<\/a><\/strong><\/p>\n\n\n\n<p class=\"wp-block-paragraph\">\u201cAcho que t\u00ednhamos o segundo carro mais r\u00e1pido hoje\u201d, disse Wolff. \u201cSe olharmos para o tempo de volta, tamb\u00e9m de onde George veio, mas acho que n\u00e3o monetizamos isso\u201d, seguiu.<\/p>\n\n\n\n<p class=\"wp-block-paragraph\">Wolff avaliou que a largada desempenhou um papel no resultado final, mas considerou que a estrat\u00e9gia de pneus tampouco foi a melhor.<\/p>\n\n\n\n<p class=\"wp-block-paragraph\">\u201cMas, dito isso, d\u00e1 para ver onde Verstappen est\u00e1 fazendo as voltas, tranquilo, e esta precisa ser a meta \u2014 algo que est\u00e1 longe no momento\u201d, assumiu. \u201cA largada certamente teve um papel, mas isso pode acontecer. Talvez n\u00f3s tenhamos sido muito cautelosos com o pneu, talvez cuidadosos demais, e d\u00e1 para ver a diferen\u00e7a no tempo de volta no final\u201d, apontou.<\/p>\n\n\n\n<p class=\"wp-block-paragraph\">\u201cAcho que cambaleamos em talvez 15s ou algo assim. Estamos perdendo cerca de 1s9 para [Sergio] P\u00e9rez e s\u00f3 4s a Lando [Norris], ou menos, e acho que t\u00ednhamos isso\u201d, encerrou.<\/p>\n\n\n\n<p class=\"wp-block-paragraph\">A\u00a0<a href=\"https:\/\/www.grandepremio.com\/formula-1\/\" target=\"_blank\" rel=\"noreferrer noopener\">F\u00f3rmula 1<\/a>\u00a0volta j\u00e1 no pr\u00f3ximo final de semana, entre os dias 28 e 30 de julho, para a disputa do\u00a0<strong>GP da B\u00e9lgica<\/strong>, em\u00a0<a href=\"https:\/\/www.grandepremio.com\/br\/circuito\/spa-francorchamps\/\" target=\"_blank\" rel=\"noreferrer noopener\">Spa-Francorchamps<\/a>. O\u00a0<strong>GRANDE PR\u00caMIO\u00a0<\/strong>acompanha todas as atividades da temporada 2023\u00a0<strong>AO VIVO\u00a0<\/strong>e em\u00a0<strong><a href=\"https:\/\/www.grandepremio.com\/br\/ao-vivo\/\" target=\"_blank\" rel=\"noreferrer noopener\">TEMPO REAL<\/a><\/strong>. S\u00e1bado e domingo, ainda tem a\u00a0<a href=\"https:\/\/formula1aovivo.com\/\" target=\"_blank\" rel=\"noreferrer noopener\">transmiss\u00e3o<\/a>\u00a0em\u00a0<strong>segunda tela<\/strong>, em parceria com a\u00a0<strong>Voz do Esporte<\/strong>, no canal 1 do\u00a0<strong>GP\u00a0<\/strong>no YouTube.<\/p>\n\n\n\n<figure class=\"wp-block-embed is-type-video is-provider-youtube wp-block-embed-youtube wp-embed-aspect-16-9 wp-has-aspect-ratio\"><div class=\"wp-block-embed__wrapper\">\n<iframe loading=\"lazy\" title=\"F1 2023: VERSTAPPEN vence na HUNGRIA e RED BULL quebra RECORDE | Briefing\" width=\"500\" height=\"281\" src=\"https:\/\/www.youtube.com\/embed\/_d3GtwyObp8?feature=oembed\" frameborder=\"0\" allow=\"accelerometer; autoplay; clipboard-write; encrypted-media; gyroscope; picture-in-picture; web-share\" referrerpolicy=\"strict-origin-when-cross-origin\" allowfullscreen><\/iframe>\n<\/div><\/figure>\n","protected":false},"excerpt":{"rendered":"<p>Toto Wolff avaliou que a Mercedes era o segundo carro mais r\u00e1pido do GP da Hungria, mas n\u00e3o conseguiu tira proveito disso. Dirigente assumiu que a equipe talvez tenha sido cautelosa demais com os pneus<\/p>\n","protected":false},"author":0,"featured_media":1000710493,"comment_status":"closed","ping_status":"closed","sticky":false,"template":"","format":"standard","meta":{"42wp_featured_image_caption":"","42wp_featured_image_credits":"","42wp_featured_video":"","42wp_featured_image_hidden":false,"42wp_authors_list":[],"footnotes":""},"categories":[2],"tags":[147,6533,180,30722,33465,28285,4122,3967,82,33467,150],"42wp_author":[47113],"class_list":["post-100878","post","type-post","status-publish","format-standard","has-post-thumbnail","hentry","category-f1","tag-f1","tag-f1-2023","tag-formula-1","tag-formula-1-2023","tag-formula-1-classificacao-2023","tag-grandepremio","tag-hungaroring","tag-hungria","tag-mercedes","tag-onde-assistir-f1-2023","tag-toto-wolff","42wp_author-juliana-tesser"],"_links":{"self":[{"href":"https:\/\/grandepremio.com\/br\/wp-json\/wp\/v2\/posts\/100878","targetHints":{"allow":["GET"]}}],"collection":[{"href":"https:\/\/grandepremio.com\/br\/wp-json\/wp\/v2\/posts"}],"about":[{"href":"https:\/\/grandepremio.com\/br\/wp-json\/wp\/v2\/types\/post"}],"replies":[{"embeddable":true,"href":"https:\/\/grandepremio.com\/br\/wp-json\/wp\/v2\/comments?post=100878"}],"version-history":[{"count":0,"href":"https:\/\/grandepremio.com\/br\/wp-json\/wp\/v2\/posts\/100878\/revisions"}],"wp:featuredmedia":[{"embeddable":true,"href":"https:\/\/grandepremio.com\/br\/wp-json\/wp\/v2\/media\/1000710493"}],"wp:attachment":[{"href":"https:\/\/grandepremio.com\/br\/wp-json\/wp\/v2\/media?parent=100878"}],"wp:term":[{"taxonomy":"category","embeddable":true,"href":"https:\/\/grandepremio.com\/br\/wp-json\/wp\/v2\/categories?post=100878"},{"taxonomy":"post_tag","embeddable":true,"href":"https:\/\/grandepremio.com\/br\/wp-json\/wp\/v2\/tags?post=100878"},{"taxonomy":"42wp_author","embeddable":true,"href":"https:\/\/grandepremio.com\/br\/wp-json\/wp\/v2\/42wp_author?post=100878"}],"curies":[{"name":"wp","href":"https:\/\/api.w.org\/{rel}","templated":true}]}}