{"id":100880,"date":"2023-07-23T13:21:54","date_gmt":"2023-07-23T16:21:54","guid":{"rendered":"https:\/\/grandepremio.com\/br\/noticias\/lewis-hamilton-lamenta-4o-lugar-na-hungria-carro-estava-ruim\/"},"modified":"2023-07-23T13:22:03","modified_gmt":"2023-07-23T16:22:03","slug":"lewis-hamilton-lamenta-4o-lugar-na-hungria-carro-estava-ruim","status":"publish","type":"post","link":"https:\/\/grandepremio.com\/br\/f1\/lewis-hamilton-lamenta-4o-lugar-na-hungria-carro-estava-ruim\/","title":{"rendered":"Hamilton lamenta 4\u00ba lugar na Hungria: \u201cCarro estava ruim e n\u00e3o sabemos o motivo\u201d"},"content":{"rendered":"\n<figure class=\"wp-block-embed is-type-video is-provider-youtube wp-block-embed-youtube wp-embed-aspect-16-9 wp-has-aspect-ratio\"><div class=\"wp-block-embed__wrapper\">\n<iframe loading=\"lazy\" title=\"Norris? Leclerc? Quem ser\u00e1 o oponente de Verstappen no futuro da F1? | GP \u00e0s 10\" width=\"500\" height=\"281\" src=\"https:\/\/www.youtube.com\/embed\/frRaxyNBn7g?feature=oembed\" frameborder=\"0\" allow=\"accelerometer; autoplay; clipboard-write; encrypted-media; gyroscope; picture-in-picture; web-share\" referrerpolicy=\"strict-origin-when-cross-origin\" allowfullscreen><\/iframe>\n<\/div><\/figure>\n\n\n\n<p class=\"wp-block-paragraph\"><strong>Lewis Hamilton<\/strong> anotou a 104\u00aa pole da carreira na classifica\u00e7\u00e3o para o <strong>GP da Hungria<\/strong>, mas n\u00e3o conseguiu converter isso em um bom resultado na <a href=\"https:\/\/www.grandepremio.com\/br\/f1\/noticias\/max-verstappen-vence-hungria-leva-red-bull-recorde-historico-vitorias-seguidas-f1\/\" class=\"ek-link\">corrida, realizada na manh\u00e3 deste domingo (23)<\/a>. Logo na primeira volta o heptacampe\u00e3o perdeu tr\u00eas posi\u00e7\u00f5es e viu os carros da <strong>Red Bull<\/strong> e <strong>McLaren<\/strong> dispararem na frente enquanto sofria com o desempenho do <strong>W14<\/strong>. Depois da prova o brit\u00e2nico disse n\u00e3o entender o equipamento que tem em m\u00e3os.<\/p>\n\n\n\n<p class=\"wp-block-paragraph\">O #44 n\u00e3o teve das melhores largadas do dia, mas acabou despencando do primeiro para o quarto lugar depois de dividir a curva 1 com <strong>Max Verstappen<\/strong>. <strong>Lando Norris<\/strong> e <strong>Oscar Piastri<\/strong> aproveitaram a oportunidade e tamb\u00e9m ultrapassaram Hamilton, que explicou as dificuldades nos metros iniciais da corrida.<\/p>\n\n\n\n<p class=\"wp-block-paragraph\"><strong>\u25b6\ufe0f&nbsp;Inscreva-se nos dois canais do GRANDE PR\u00caMIO no YouTube:&nbsp;<a href=\"https:\/\/www.youtube.com\/channel\/UC9OlHEgxoaY6QY6nWPoiqQg?sub_confirmation=1\" target=\"_blank\" rel=\"noreferrer noopener\">GP<\/a>&nbsp;|&nbsp;<a href=\"https:\/\/www.youtube.com\/channel\/UC9csiS6q_C3C0FYhyr1rnFA?sub_confirmation=1\" target=\"_blank\" rel=\"noreferrer noopener\">GP2<\/a><\/strong><br><strong>\u25b6\ufe0f&nbsp;<a href=\"https:\/\/www.twitch.tv\/grandepremio\" target=\"_blank\" rel=\"noreferrer noopener\">Conhe\u00e7a o canal do GRANDE PR\u00caMIO na Twitch clicando aqui!<\/a><\/strong><\/p>\n\n\n\n<figure class=\"wp-block-image size-large\"><img decoding=\"async\" src=\"https:\/\/www.grandepremio.com\/br\/wp-content\/uploads\/2023\/07\/f1-2023-hungria-corrida-mercedes-lewishamilton-afp-01-1024x683.jpg\" alt=\"\" class=\"wp-image-710491\"\/><figcaption class=\"wp-element-caption\">Lewis Hamilton largou da pole, mas foi apenas o quarto no GP da Hungria (Foto: AFP) <\/figcaption><\/figure>\n\n\n\n<p class=\"wp-block-paragraph\">\u201cA largada n\u00e3o foi das piores, mas Max pulou melhor. Eu estava um pouco sem ader\u00eancia e ent\u00e3o Max me empurrou um pouco para fora e a McLaren me passou. A partir de ent\u00e3o eu simplesmente n\u00e3o tinha ritmo\u201d, admitiu Lewis.<\/p>\n\n\n\n<p class=\"wp-block-paragraph\"><strong>Toto Wolff<\/strong>, chefe da <strong>Mercedes<\/strong>, disse pouco antes da largada que o<a href=\"https:\/\/www.grandepremio.com\/br\/f1\/noticias\/mercedes-surpreende-com-pole-lewis-hamilton-critica-regras-efeito-solo-enigma\/\" class=\"ek-link\"> novo regulamento \u00e9 uma inc\u00f3gnita<\/a> e \u00e9 muito dif\u00edcil entender o que acontece com os carros que exploram o efeito solo. Depois da corrida, Hamilton seguiu a mesma linha de racioc\u00ednio do dirigente e afirmou n\u00e3o entender a falta de downforce do <strong>W14<\/strong>.<\/p>\n\n\n\n<p class=\"wp-block-paragraph\">\u201cTemos muito trabalho a fazer para alcan\u00e7ar a Red Bull. O carro nesse fim de semana n\u00e3o foi bem e n\u00e3o sabemos o motivo. Temos uma asa maior que a Red Bull, mas eles tendem a ter mais downforce\u201d, finalizou.<\/p>\n\n\n\n<p class=\"wp-block-paragraph\">Hamilton terminou a prova com o quarto lugar e foi para 133 pontos no campeonato. Agora a disputa pelo terceiro lugar com Fernando Alonso (139) est\u00e1 ainda mais apertada.<\/p>\n\n\n\n<p class=\"wp-block-paragraph\">A F\u00f3rmula 1 volta j\u00e1 no pr\u00f3ximo final de semana, entre os dias 28 e 30 de julho, para a disputa do\u00a0<strong>GP da B\u00e9lgica<\/strong>, em Spa-Francorchamps. O\u00a0<strong>GRANDE PR\u00caMIO\u00a0<\/strong>acompanha todas as atividades da temporada 2023\u00a0<strong>AO VIVO\u00a0<\/strong>e em\u00a0<strong>TEMPO REAL<\/strong>. S\u00e1bado e domingo, ainda tem a transmiss\u00e3o em\u00a0<strong>segunda tela<\/strong>, em parceria com a\u00a0<strong>Voz do Esporte<\/strong>, no canal 1 do\u00a0<strong>GP\u00a0<\/strong>no YouTube.<\/p>\n\n\n\n<figure class=\"wp-block-embed is-type-rich is-provider-incorporar-manipulador wp-block-embed-incorporar-manipulador wp-embed-aspect-16-9 wp-has-aspect-ratio\"><div class=\"wp-block-embed__wrapper\">\n<iframe loading=\"lazy\" title=\"F1 2023: VERSTAPPEN vence na HUNGRIA e RED BULL quebra RECORDE | Briefing\" width=\"500\" height=\"281\" src=\"https:\/\/www.youtube.com\/embed\/_d3GtwyObp8?feature=oembed\" frameborder=\"0\" allow=\"accelerometer; autoplay; clipboard-write; encrypted-media; gyroscope; picture-in-picture; web-share\" referrerpolicy=\"strict-origin-when-cross-origin\" allowfullscreen><\/iframe>\n<\/div><\/figure>\n","protected":false},"excerpt":{"rendered":"<p>Lewis Hamilton voltou a reclamar da imprevisibilidade do carro da Mercedes e disse ter muito trabalho a fazer para chegar pr\u00f3ximo da Red Bull<\/p>\n","protected":false},"author":0,"featured_media":1000709867,"comment_status":"closed","ping_status":"closed","sticky":false,"template":"","format":"standard","meta":{"42wp_featured_image_caption":"","42wp_featured_image_credits":"","42wp_featured_video":"","42wp_featured_image_hidden":false,"42wp_authors_list":[],"footnotes":""},"categories":[2],"tags":[147,219,28285,2810,4122,87,82,150,32317,1920],"42wp_author":[47149],"class_list":["post-100880","post","type-post","status-publish","format-standard","has-post-thumbnail","hentry","category-f1","tag-f1","tag-grande-prmio","tag-grandepremio","tag-hamilton","tag-hungaroring","tag-lewis-hamilton","tag-mercedes","tag-toto-wolff","tag-w14","tag-wolff","42wp_author-bernardo-castro"],"_links":{"self":[{"href":"https:\/\/grandepremio.com\/br\/wp-json\/wp\/v2\/posts\/100880","targetHints":{"allow":["GET"]}}],"collection":[{"href":"https:\/\/grandepremio.com\/br\/wp-json\/wp\/v2\/posts"}],"about":[{"href":"https:\/\/grandepremio.com\/br\/wp-json\/wp\/v2\/types\/post"}],"replies":[{"embeddable":true,"href":"https:\/\/grandepremio.com\/br\/wp-json\/wp\/v2\/comments?post=100880"}],"version-history":[{"count":0,"href":"https:\/\/grandepremio.com\/br\/wp-json\/wp\/v2\/posts\/100880\/revisions"}],"wp:featuredmedia":[{"embeddable":true,"href":"https:\/\/grandepremio.com\/br\/wp-json\/wp\/v2\/media\/1000709867"}],"wp:attachment":[{"href":"https:\/\/grandepremio.com\/br\/wp-json\/wp\/v2\/media?parent=100880"}],"wp:term":[{"taxonomy":"category","embeddable":true,"href":"https:\/\/grandepremio.com\/br\/wp-json\/wp\/v2\/categories?post=100880"},{"taxonomy":"post_tag","embeddable":true,"href":"https:\/\/grandepremio.com\/br\/wp-json\/wp\/v2\/tags?post=100880"},{"taxonomy":"42wp_author","embeddable":true,"href":"https:\/\/grandepremio.com\/br\/wp-json\/wp\/v2\/42wp_author?post=100880"}],"curies":[{"name":"wp","href":"https:\/\/api.w.org\/{rel}","templated":true}]}}