{"id":100883,"date":"2023-07-23T13:01:50","date_gmt":"2023-07-23T16:01:50","guid":{"rendered":"https:\/\/grandepremio.com\/br\/noticias\/oscar-piastri-avalia-bom-primeiro-stint-hungria-admite-poderia-ter-feito-melhor\/"},"modified":"2023-07-23T16:12:17","modified_gmt":"2023-07-23T19:12:17","slug":"oscar-piastri-avalia-bom-primeiro-stint-hungria-admite-poderia-ter-feito-melhor","status":"publish","type":"post","link":"https:\/\/grandepremio.com\/br\/f1\/oscar-piastri-avalia-bom-primeiro-stint-hungria-admite-poderia-ter-feito-melhor\/","title":{"rendered":"Piastri avalia &#8220;bom primeiro stint&#8221; na Hungria, mas admite: &#8220;Poderia ter feito melhor&#8221;"},"content":{"rendered":"\n<figure class=\"wp-block-embed is-type-video is-provider-youtube wp-block-embed-youtube wp-embed-aspect-16-9 wp-has-aspect-ratio\"><div class=\"wp-block-embed__wrapper\">\n<iframe loading=\"lazy\" title=\"F1 2023: VERSTAPPEN vence na HUNGRIA e RED BULL quebra RECORDE | Briefing\" width=\"500\" height=\"281\" src=\"https:\/\/www.youtube.com\/embed\/_d3GtwyObp8?feature=oembed\" frameborder=\"0\" allow=\"accelerometer; autoplay; clipboard-write; encrypted-media; gyroscope; picture-in-picture; web-share\" referrerpolicy=\"strict-origin-when-cross-origin\" allowfullscreen><\/iframe>\n<\/div><\/figure>\n\n\n\n<p class=\"wp-block-paragraph\"><a href=\"https:\/\/www.grandepremio.com\/br\/f1\/noticias\/max-verstappen-vence-hungria-leva-red-bull-recorde-historico-vitorias-seguidas-f1\/\" class=\"ek-link\"><strong>Oscar Piastri <\/strong>teve boa largada no <strong>GP da Hungria<\/strong>, mas n\u00e3o conseguiu anotar um p\u00f3dio duplo para a <strong>McLaren <\/strong>no <strong>Hungaroring<\/strong>.<\/a> O australiano at\u00e9 gostou de seu primeiro stint \u2014 tanto que chegou a ultrapassar <strong>Lando Norris<\/strong>, que depois se deu bem com a estrat\u00e9gia de pit-stops \u2014, mas n\u00e3o entendeu por que terminou quase 30s distante do carro #4. <\/p>\n\n\n\n<p class=\"wp-block-paragraph\">\u201cO primeiro stint foi bom. O segundo e o terceiro stints foram medianos. Acho que fiz um bom trabalho no primeiro stint e sofri nos dois seguintes&#8221;, disse ele. <\/p>\n\n\n\n<p class=\"wp-block-paragraph\">&#8220;Vamos dar uma olhada no que eu poderia ter feito melhor. Obviamente, o carro \u00e9 capaz de mais do que isso&#8221;, continuou. <\/p>\n\n\n\n<p class=\"wp-block-paragraph\"><strong><img decoding=\"async\" src=\"https:\/\/a.slack-edge.com\/production-standard-emoji-assets\/14.0\/google-medium\/25b6-fe0f.png\" alt=\":seta_para_frente:\"><\/strong><strong>&nbsp;Inscreva-se nos dois canais do GRANDE PR\u00caMIO no YouTube:&nbsp;<\/strong><strong><a target=\"_blank\" href=\"https:\/\/www.youtube.com\/channel\/UC9OlHEgxoaY6QY6nWPoiqQg?sub_confirmation=1\" rel=\"noreferrer noopener\">GP<\/a><\/strong><strong>&nbsp;|&nbsp;<\/strong><strong><a target=\"_blank\" href=\"https:\/\/www.youtube.com\/channel\/UC9csiS6q_C3C0FYhyr1rnFA?sub_confirmation=1\" rel=\"noreferrer noopener\">GP2<\/a><\/strong><br><strong><img decoding=\"async\" src=\"https:\/\/a.slack-edge.com\/production-standard-emoji-assets\/14.0\/google-medium\/25b6-fe0f.png\" alt=\":seta_para_frente:\"><\/strong><strong><a target=\"_blank\" href=\"https:\/\/www.twitch.tv\/grandepremio\" rel=\"noreferrer noopener\">Conhe\u00e7a o canal do GRANDE PR\u00caMIO na Twitch clicando aqui!<\/a><\/strong><\/p>\n\n\n\n<figure class=\"wp-block-image size-full\"><img decoding=\"async\" src=\"https:\/\/www.grandepremio.com\/br\/wp-content\/uploads\/2023\/07\/f1-2023-hungria-corrida-mclaren-oscarpiastri-03.jpg\" alt=\"\" class=\"wp-image-710565\"\/><figcaption class=\"wp-element-caption\">Oscar Piastri terminou em quinto (Foto: McLaren)<\/figcaption><\/figure>\n\n\n\n<p class=\"wp-block-paragraph\">Na vis\u00e3o do #81, uma corrida com muitas paradas e o calor no circuito h\u00fangaro prejudicaram o entendimento do <strong>MCL36<\/strong>, mas cr\u00ea que os dados ser\u00e3o importantes para as pr\u00f3ximas provas. <\/p>\n\n\n\n<p class=\"wp-block-paragraph\">&#8220;Veremos o que posso fazer melhor para prever os pneus e aprender. \u00c9 apenas a segunda corrida que fa\u00e7o assim com v\u00e1rios pit-stops e muito calor. Portanto, alguns esfor\u00e7os s\u00e3o esperados de alguma forma, mas quero fazer um trabalho melhor do que esse&#8221;, encerrou. <\/p>\n\n\n\n<p class=\"wp-block-paragraph\">A F\u00f3rmula 1 volta j\u00e1 no pr\u00f3ximo final de semana, entre os dias 28 e 30 de julho, para a disputa do\u00a0<strong>GP da B\u00e9lgica<\/strong>, em Spa-Francorchamps. O\u00a0<strong>GRANDE PR\u00caMIO\u00a0<\/strong>acompanha todas as atividades da temporada 2023\u00a0<strong>AO VIVO\u00a0<\/strong>e em\u00a0<strong>TEMPO REAL<\/strong>. S\u00e1bado e domingo, ainda tem a transmiss\u00e3o em\u00a0<strong>segunda tela<\/strong>, em parceria com a\u00a0<strong>Voz do Esporte<\/strong>, no canal 1 do\u00a0<strong>GP\u00a0<\/strong>no YouTube.<\/p>\n\n\n\n<figure class=\"wp-block-embed is-type-video is-provider-youtube wp-block-embed-youtube wp-embed-aspect-16-9 wp-has-aspect-ratio\"><div class=\"wp-block-embed__wrapper\">\n<iframe loading=\"lazy\" title=\"Norris? Leclerc? Quem ser\u00e1 o oponente de Verstappen no futuro da F1? | GP \u00e0s 10\" width=\"500\" height=\"281\" src=\"https:\/\/www.youtube.com\/embed\/frRaxyNBn7g?feature=oembed\" frameborder=\"0\" allow=\"accelerometer; autoplay; clipboard-write; encrypted-media; gyroscope; picture-in-picture; web-share\" referrerpolicy=\"strict-origin-when-cross-origin\" allowfullscreen><\/iframe>\n<\/div><\/figure>\n","protected":false},"excerpt":{"rendered":"<p>Oscar Piastri gostou do seu primeiro stint no GP da Hungria, mas viu que sofreu um pouco no restante da corrida e quer ver o que poderia ter feito melhor na corrida<\/p>\n","protected":false},"author":0,"featured_media":1000710567,"comment_status":"closed","ping_status":"closed","sticky":false,"template":"","format":"standard","meta":{"42wp_featured_image_caption":"","42wp_featured_image_credits":"","42wp_featured_video":"","42wp_featured_image_hidden":false,"42wp_authors_list":[],"footnotes":""},"categories":[2],"tags":[147,6533,180,30722,33465,28285,4122,3967,90,33467,2916],"42wp_author":[47139],"class_list":["post-100883","post","type-post","status-publish","format-standard","has-post-thumbnail","hentry","category-f1","tag-f1","tag-f1-2023","tag-formula-1","tag-formula-1-2023","tag-formula-1-classificacao-2023","tag-grandepremio","tag-hungaroring","tag-hungria","tag-mclaren","tag-onde-assistir-f1-2023","tag-oscar-piastri","42wp_author-ana-cerveira"],"_links":{"self":[{"href":"https:\/\/grandepremio.com\/br\/wp-json\/wp\/v2\/posts\/100883","targetHints":{"allow":["GET"]}}],"collection":[{"href":"https:\/\/grandepremio.com\/br\/wp-json\/wp\/v2\/posts"}],"about":[{"href":"https:\/\/grandepremio.com\/br\/wp-json\/wp\/v2\/types\/post"}],"replies":[{"embeddable":true,"href":"https:\/\/grandepremio.com\/br\/wp-json\/wp\/v2\/comments?post=100883"}],"version-history":[{"count":0,"href":"https:\/\/grandepremio.com\/br\/wp-json\/wp\/v2\/posts\/100883\/revisions"}],"wp:featuredmedia":[{"embeddable":true,"href":"https:\/\/grandepremio.com\/br\/wp-json\/wp\/v2\/media\/1000710567"}],"wp:attachment":[{"href":"https:\/\/grandepremio.com\/br\/wp-json\/wp\/v2\/media?parent=100883"}],"wp:term":[{"taxonomy":"category","embeddable":true,"href":"https:\/\/grandepremio.com\/br\/wp-json\/wp\/v2\/categories?post=100883"},{"taxonomy":"post_tag","embeddable":true,"href":"https:\/\/grandepremio.com\/br\/wp-json\/wp\/v2\/tags?post=100883"},{"taxonomy":"42wp_author","embeddable":true,"href":"https:\/\/grandepremio.com\/br\/wp-json\/wp\/v2\/42wp_author?post=100883"}],"curies":[{"name":"wp","href":"https:\/\/api.w.org\/{rel}","templated":true}]}}