{"id":100924,"date":"2023-07-22T15:27:32","date_gmt":"2023-07-22T18:27:32","guid":{"rendered":"https:\/\/grandepremio.com\/br\/noticias\/valtteri-bottas-diz-que-7o-no-grid-e-surpresa-positiva-e-festeja-carro-forte-da-alfa-romeo-na-hungria\/"},"modified":"2023-07-22T15:27:41","modified_gmt":"2023-07-22T18:27:41","slug":"valtteri-bottas-diz-que-7o-no-grid-e-surpresa-positiva-e-festeja-carro-forte-da-alfa-romeo-na-hungria","status":"publish","type":"post","link":"https:\/\/grandepremio.com\/br\/f1\/valtteri-bottas-diz-que-7o-no-grid-e-surpresa-positiva-e-festeja-carro-forte-da-alfa-romeo-na-hungria\/","title":{"rendered":"Bottas diz que 7\u00ba no grid \u00e9 &#8220;surpresa positiva&#8221; e festeja carro forte da Alfa Romeo na Hungria"},"content":{"rendered":"\n<p class=\"wp-block-paragraph\">A <strong>Alfa Romeo<\/strong> conseguiu o seu melhor resultado em grid da temporada 2023 neste s\u00e1bado (22) na Hungria. Enquanto <strong>Guanyu Zhou<\/strong> cravou o quinto melhor tempo da parte final da classifica\u00e7\u00e3o, <strong>Valtteri Bottas<\/strong> vai largar da s\u00e9tima coloca\u00e7\u00e3o neste domingo. O finland\u00eas admitiu que o resultado o deixou um pouco surpreso, mas tamb\u00e9m orgulhoso do trabalho feito pela equipe com rela\u00e7\u00e3o \u00e0s atualiza\u00e7\u00f5es.<\/p>\n\n\n\n<p class=\"wp-block-paragraph\">O piloto<strong> #77<\/strong> tamb\u00e9m alcan\u00e7ou a d\u00e9cima largada consecutiva entre as dez primeiras posi\u00e7\u00f5es no <strong>Hungaroring<\/strong>, seu melhor retrospecto nas pistas que formam o calend\u00e1rio da <strong>F\u00f3rmula 1<\/strong>.\u00a0<\/p>\n\n\n\n<p class=\"wp-block-paragraph\">&#8220;Eu me sinto um pouco surpreso, mas de uma forma positiva. Tivemos um desempenho forte durante toda a classifica\u00e7\u00e3o, com todos os tipos de pneus, ent\u00e3o acredito que o layout da pista mostra os pontos fortes do nosso carro e evidencia as virtudes do nosso pacote de atualiza\u00e7\u00f5es. Estou muito orgulhoso de todo o time hoje\u201d afirmou Bottas.<\/p>\n\n\n\n<p class=\"wp-block-paragraph\"><strong>\u25b6\ufe0f&nbsp;Inscreva-se nos dois canais do GRANDE PR\u00caMIO no YouTube:&nbsp;<a href=\"https:\/\/www.youtube.com\/channel\/UC9OlHEgxoaY6QY6nWPoiqQg?sub_confirmation=1\" target=\"_blank\" rel=\"noreferrer noopener\" class=\"ek-link\">GP<\/a>&nbsp;|&nbsp;<a href=\"https:\/\/www.youtube.com\/channel\/UC9csiS6q_C3C0FYhyr1rnFA?sub_confirmation=1\" target=\"_blank\" rel=\"noreferrer noopener\" class=\"ek-link\">GP2<\/a><\/strong><\/p>\n\n\n\n<figure class=\"wp-block-image size-large\"><img decoding=\"async\" src=\"https:\/\/www.grandepremio.com\/br\/wp-content\/uploads\/2023\/07\/f1-2023-hungria-treinoslivres-alfaromeo-valtteribottas-01-1-1024x683.jpg\" alt=\"\" class=\"wp-image-709266\"\/><figcaption class=\"wp-element-caption\">Valtteri Bottas ficou na s\u00e9tima coloca\u00e7\u00e3o da classifica\u00e7\u00e3o na Hungria (Foto: Alfa Romeo)<\/figcaption><\/figure>\n\n\n\n<p class=\"wp-block-paragraph\"><strong>\u25b6\ufe0f\u00a0Inscreva-se nos dois canais do GRANDE PR\u00caMIO no YouTube:\u00a0<a href=\"https:\/\/www.youtube.com\/channel\/UC9OlHEgxoaY6QY6nWPoiqQg?sub_confirmation=1\" target=\"_blank\" rel=\"noreferrer noopener\">GP<\/a>\u00a0|\u00a0<a href=\"https:\/\/www.youtube.com\/channel\/UC9csiS6q_C3C0FYhyr1rnFA?sub_confirmation=1\" target=\"_blank\" rel=\"noreferrer noopener\">GP2<\/a><\/strong><br><strong>\u25b6\ufe0f\u00a0<a href=\"https:\/\/www.twitch.tv\/grandepremio\" target=\"_blank\" rel=\"noreferrer noopener\">Conhe\u00e7a o canal do GRANDE PR\u00caMIO na Twitch clicando aqui!<\/a><\/strong><\/p>\n\n\n\n<p class=\"wp-block-paragraph\">J\u00e1 pensando na prova deste domingo, o piloto de 33 anos entende que, por Hungaroring ter uma pista estreita, \u00e9 poss\u00edvel que a Alfa Romeo marque uma boa quantidade de pontos, devido as chances de ultrapassagem serem menores.<\/p>\n\n\n\n<p class=\"wp-block-paragraph\">\u201cMeu ritmo de corrida n\u00e3o parece estar t\u00e3o ruim. Obviamente hoje estava muito mais frio do que estar\u00e1 amanh\u00e3, por\u00e9m, aqui n\u00e3o \u00e9 uma pista em que a ultrapassagem \u00e9 muito f\u00e1cil, ent\u00e3o essa boa posi\u00e7\u00e3o de largada pode nos ajudar a marcar muitos pontos\u201d, concluiu.&nbsp;<\/p>\n\n\n\n<p class=\"wp-block-paragraph\">A&nbsp;<strong><a href=\"https:\/\/www.grandepremio.com\/formula-1\/\" target=\"_blank\" rel=\"noreferrer noopener\">F\u00f3rmula 1<\/a><\/strong>&nbsp;retorna neste domingo (23) para a disputa do GP da Hungria, com largada prevista para as 10h (de Bras\u00edlia, GMT-3). O&nbsp;<strong>GRANDE PR\u00caMIO<\/strong>&nbsp;acompanha todas as atividades da temporada 2023&nbsp;<strong>AO VIVO&nbsp;<\/strong>e em&nbsp;<strong><a href=\"https:\/\/www.grandepremio.com\/br\/ao-vivo\/\" target=\"_blank\" rel=\"noreferrer noopener\">TEMPO REAL<\/a><\/strong>. Antes, a partir das 9h40, o&nbsp;<strong>GP&nbsp;<\/strong>abre a&nbsp;<a href=\"https:\/\/formula1aovivo.com\/\" target=\"_blank\" rel=\"noreferrer noopener\">transmiss\u00e3o<\/a>&nbsp;em segunda tela no canal 1 do&nbsp;<strong>YouTube,&nbsp;<\/strong>em parceria com a&nbsp;<strong>Voz do Esporte<\/strong>.<\/p>\n\n\n\n<figure class=\"wp-block-embed is-type-video is-provider-youtube wp-block-embed-youtube wp-embed-aspect-16-9 wp-has-aspect-ratio\"><div class=\"wp-block-embed__wrapper\">\n<iframe loading=\"lazy\" title=\"F1 2023: HAMILTON POLE na HUNGRIA. VERSTAPPEN 2\u00ba | Briefing\" width=\"500\" height=\"281\" src=\"https:\/\/www.youtube.com\/embed\/mdZXQBmfJrQ?feature=oembed\" frameborder=\"0\" allow=\"accelerometer; autoplay; clipboard-write; encrypted-media; gyroscope; picture-in-picture; web-share\" referrerpolicy=\"strict-origin-when-cross-origin\" allowfullscreen><\/iframe>\n<\/div><\/figure>\n","protected":false},"excerpt":{"rendered":"<p>Valtteri Bottas disse que est\u00e1 orgulhoso com todo o trabalho da Alfa Romeo durante o final de semana e se mostrou confiante para marcar muitos pontos no GP da Hungria<\/p>\n","protected":false},"author":0,"featured_media":1000709896,"comment_status":"closed","ping_status":"closed","sticky":false,"template":"","format":"standard","meta":{"42wp_featured_image_caption":"","42wp_featured_image_credits":"","42wp_featured_video":"","42wp_featured_image_hidden":false,"42wp_authors_list":[],"footnotes":""},"categories":[2],"tags":[457,147,1647,35831,28685,32098,219,28285,612],"42wp_author":[47157],"class_list":["post-100924","post","type-post","status-publish","format-standard","has-post-thumbnail","hentry","category-f1","tag-alfa-romeo","tag-f1","tag-gp-da-hungria","tag-gp-da-hungria-2023","tag-gp-da-hungria-de-f1","tag-gp-da-hungria-de-formula-1","tag-grande-prmio","tag-grandepremio","tag-valtteri-bottas","42wp_author-jonas-souza"],"_links":{"self":[{"href":"https:\/\/grandepremio.com\/br\/wp-json\/wp\/v2\/posts\/100924","targetHints":{"allow":["GET"]}}],"collection":[{"href":"https:\/\/grandepremio.com\/br\/wp-json\/wp\/v2\/posts"}],"about":[{"href":"https:\/\/grandepremio.com\/br\/wp-json\/wp\/v2\/types\/post"}],"replies":[{"embeddable":true,"href":"https:\/\/grandepremio.com\/br\/wp-json\/wp\/v2\/comments?post=100924"}],"version-history":[{"count":0,"href":"https:\/\/grandepremio.com\/br\/wp-json\/wp\/v2\/posts\/100924\/revisions"}],"wp:featuredmedia":[{"embeddable":true,"href":"https:\/\/grandepremio.com\/br\/wp-json\/wp\/v2\/media\/1000709896"}],"wp:attachment":[{"href":"https:\/\/grandepremio.com\/br\/wp-json\/wp\/v2\/media?parent=100924"}],"wp:term":[{"taxonomy":"category","embeddable":true,"href":"https:\/\/grandepremio.com\/br\/wp-json\/wp\/v2\/categories?post=100924"},{"taxonomy":"post_tag","embeddable":true,"href":"https:\/\/grandepremio.com\/br\/wp-json\/wp\/v2\/tags?post=100924"},{"taxonomy":"42wp_author","embeddable":true,"href":"https:\/\/grandepremio.com\/br\/wp-json\/wp\/v2\/42wp_author?post=100924"}],"curies":[{"name":"wp","href":"https:\/\/api.w.org\/{rel}","templated":true}]}}