{"id":100925,"date":"2023-07-22T15:17:00","date_gmt":"2023-07-22T18:17:00","guid":{"rendered":"https:\/\/grandepremio.com\/br\/noticias\/f3-decide-encurtar-corrida-2-hungria-razoes-seguranca-pneus\/"},"modified":"2023-07-22T15:22:12","modified_gmt":"2023-07-22T18:22:12","slug":"f3-decide-encurtar-corrida-2-hungria-razoes-seguranca-pneus","status":"publish","type":"post","link":"https:\/\/grandepremio.com\/br\/f3\/f3-decide-encurtar-corrida-2-hungria-razoes-seguranca-pneus\/","title":{"rendered":"F3 decide encurtar corrida 2 na Hungria por &#8220;raz\u00f5es de seguran\u00e7a&#8221; com pneus"},"content":{"rendered":"\n<p class=\"wp-block-paragraph\">A <strong>F\u00f3rmula 3 <\/strong>resolveu encurtar a dura\u00e7\u00e3o da corrida principal da <strong>Hungria<\/strong>, que acontece neste domingo (23), de 24 para 19 voltas. A decis\u00e3o &#8220;por raz\u00f5es de seguran\u00e7a&#8221; veio ap\u00f3s o pr\u00f3prio relat\u00f3rio da Pirelli, fornecedora de pneus da categoria, recomendar a redu\u00e7\u00e3o da prova por conta do alto n\u00edvel no desgaste da borracha.<\/p>\n\n\n\n<p class=\"wp-block-paragraph\">Durante a corrida deste s\u00e1bado, v\u00e1rios pilotos reclamaram bastante do desgaste excessivo dos compostos. <a href=\"https:\/\/www.grandepremio.com\/br\/f3\/noticias\/gabriele-mini-vence-sprint-f3-hungria-gabriel-bortoleto-supera-nikita-bedrin-ultima-curva-2o\/\" class=\"ek-link\">Vencedor da corrida<\/a>,<strong> Gabriele Min\u00ec<\/strong> explicou ap\u00f3s a prova que o ritmo de todos caiu consideravelmente por culpa dos pneus. &#8220;No final, est\u00e1vamos 5s ou 6s mais lentos que no in\u00edcio, ent\u00e3o d\u00e1 para imaginar o qu\u00e3o alto foi o desgaste, e pilotar assim at\u00e9 o fim foi uma quest\u00e3o&#8221;, salientou o piloto da <strong>Hitech<\/strong>.<\/p>\n\n\n\n<p class=\"wp-block-paragraph\">Ap\u00f3s avalia\u00e7\u00e3o, a categoria decidiu ent\u00e3o encurtar a dura\u00e7\u00e3o para 19 voltas \u2014 mesmo n\u00famero da sprint \u2014, ou 45 minutos mais uma volta, caso a corrida tenha de ser encerrada no limite de tempo. <\/p>\n\n\n\n<p class=\"wp-block-paragraph\"><strong>\u25b6\ufe0f\u00a0Inscreva-se nos dois canais do GRANDE PR\u00caMIO no YouTube:\u00a0<a href=\"https:\/\/www.youtube.com\/channel\/UC9OlHEgxoaY6QY6nWPoiqQg?sub_confirmation=1\" target=\"_blank\" rel=\"noreferrer noopener\">GP<\/a>\u00a0|\u00a0<a href=\"https:\/\/www.youtube.com\/channel\/UC9csiS6q_C3C0FYhyr1rnFA?sub_confirmation=1\" target=\"_blank\" rel=\"noreferrer noopener\">GP2<\/a><\/strong><br><strong>\u25b6\ufe0f\u00a0<a href=\"https:\/\/www.twitch.tv\/grandepremio\" target=\"_blank\" rel=\"noreferrer noopener\">Conhe\u00e7a o canal do GRANDE PR\u00caMIO na Twitch clicando aqui!<\/a><\/strong><\/p>\n\n\n\n<figure class=\"wp-block-image size-large\"><img decoding=\"async\" src=\"https:\/\/www.grandepremio.com\/br\/wp-content\/uploads\/2023\/07\/Gabriele-Mini-F3-na-Hungria-1024x576.jpg\" alt=\"\" class=\"wp-image-709605\"\/><figcaption class=\"wp-element-caption\">Os pneus desgastados de Min\u00ec durante a sprint da F3 na Hungria (Foto: reprodu\u00e7\u00e3o\/F1 TV)<\/figcaption><\/figure>\n\n\n\n<p class=\"wp-block-paragraph\">&#8220;Os comiss\u00e1rios receberam relat\u00f3rio do fornecedor oficial de pneus recomendando que a corrida 2 da F\u00f3rmula 3 fosse limitada a n\u00e3o mais que 19 voltas por conta do n\u00edvel de desgaste experimentado durante a corrida 1&#8221;, come\u00e7ou a nota oficial da Federa\u00e7\u00e3o Internacional de Automobilismo (FIA).<\/p>\n\n\n\n<p class=\"wp-block-paragraph\">&#8220;Tendo considerado o assunto extensivamente e ap\u00f3s consultar o diretor de prova e o delegado t\u00e9cnico, ficou decidido modificar a dura\u00e7\u00e3o da corrida 2 para 19 voltas por raz\u00f5es de seguran\u00e7a, de acordo com o artigo 5.3 do Regulamento Esportivo da F3 e sob o poder concedido a eles nos artigos 11.9.3. b) e 11.9.3. o) do C\u00f3digo Esportivo Internacional da FIA de 2023&#8221;, acrescentou.<\/p>\n\n\n\n<p class=\"wp-block-paragraph\">&#8220;Os Comiss\u00e1rios solicitam ao promotor do evento que tome nota do novo n\u00famero de voltas e elabore uma nova programa\u00e7\u00e3o&#8221;, finalizou o texto.<\/p>\n\n\n\n<p class=\"wp-block-paragraph\">A F\u00f3rmula 3 retorna a\u00a0<strong><a href=\"https:\/\/www.grandepremio.com\/br\/circuito\/hungaroring\/\" target=\"_blank\" rel=\"noreferrer noopener\">Hungaroring<\/a>\u00a0<\/strong>neste domingo, a partir das\u00a0<strong>3h25\u00a0<\/strong>(de Bras\u00edlia, GMT-3), para a largada da\u00a0<strong>corrida 2<\/strong>\u00a0da rodada da Hungria. O<strong>\u00a0GRANDE PR\u00caMIO<\/strong>\u00a0acompanha todas as atividades da temporada 2023.<\/p>\n\n\n\n<figure class=\"wp-block-embed is-type-video is-provider-youtube wp-block-embed-youtube wp-embed-aspect-16-9 wp-has-aspect-ratio\"><div class=\"wp-block-embed__wrapper\">\n<iframe loading=\"lazy\" title=\"Hitech na F1 \u00e9 frescor para pilotos da base que sonham com categoria | GP \u00e0s 10\" width=\"500\" height=\"281\" src=\"https:\/\/www.youtube.com\/embed\/GTfDoP20Dnc?feature=oembed\" frameborder=\"0\" allow=\"accelerometer; autoplay; clipboard-write; encrypted-media; gyroscope; picture-in-picture; web-share\" referrerpolicy=\"strict-origin-when-cross-origin\" allowfullscreen><\/iframe>\n<\/div><\/figure>\n","protected":false},"excerpt":{"rendered":"<p>A Pirelli solicitou que a corrida principal da rodada da Hungria da F\u00f3rmula 3 fosse encurtada, tendo o mesmo n\u00famero de voltas da sprint. Atitude veio ap\u00f3s o alto desgaste dos pneus durante a prova deste s\u00e1bado (22)<\/p>\n","protected":false},"author":0,"featured_media":1000709606,"comment_status":"closed","ping_status":"closed","sticky":false,"template":"","format":"standard","meta":{"42wp_featured_image_caption":"","42wp_featured_image_credits":"","42wp_featured_video":"","42wp_featured_image_hidden":false,"42wp_authors_list":[],"footnotes":""},"categories":[10],"tags":[29655,31948,5921,1008,32564,8057,32563,1491,28285,35181,4122,35792,32105,3967,35791,32104,1126,1128,21254,35790,33331],"42wp_author":[47147],"class_list":["post-100925","post","type-post","status-publish","format-standard","has-post-thumbnail","hentry","category-f3","tag-calendario-f3","tag-classificacao-f3","tag-corrida-sprint","tag-f3","tag-f3-2023","tag-formula-3","tag-formula-3-2023","tag-grande-premio","tag-grandepremio","tag-horarios-f3","tag-hungaroring","tag-hungaroring-2023","tag-hungaroring-f3","tag-hungria","tag-hungria-2023","tag-hungria-f3","tag-pirelli","tag-pneus","tag-pneus-pirelli","tag-rodada-da-hungria","tag-temporada-2023-f3","42wp_author-luana-marino"],"_links":{"self":[{"href":"https:\/\/grandepremio.com\/br\/wp-json\/wp\/v2\/posts\/100925","targetHints":{"allow":["GET"]}}],"collection":[{"href":"https:\/\/grandepremio.com\/br\/wp-json\/wp\/v2\/posts"}],"about":[{"href":"https:\/\/grandepremio.com\/br\/wp-json\/wp\/v2\/types\/post"}],"replies":[{"embeddable":true,"href":"https:\/\/grandepremio.com\/br\/wp-json\/wp\/v2\/comments?post=100925"}],"version-history":[{"count":0,"href":"https:\/\/grandepremio.com\/br\/wp-json\/wp\/v2\/posts\/100925\/revisions"}],"wp:featuredmedia":[{"embeddable":true,"href":"https:\/\/grandepremio.com\/br\/wp-json\/wp\/v2\/media\/1000709606"}],"wp:attachment":[{"href":"https:\/\/grandepremio.com\/br\/wp-json\/wp\/v2\/media?parent=100925"}],"wp:term":[{"taxonomy":"category","embeddable":true,"href":"https:\/\/grandepremio.com\/br\/wp-json\/wp\/v2\/categories?post=100925"},{"taxonomy":"post_tag","embeddable":true,"href":"https:\/\/grandepremio.com\/br\/wp-json\/wp\/v2\/tags?post=100925"},{"taxonomy":"42wp_author","embeddable":true,"href":"https:\/\/grandepremio.com\/br\/wp-json\/wp\/v2\/42wp_author?post=100925"}],"curies":[{"name":"wp","href":"https:\/\/api.w.org\/{rel}","templated":true}]}}