{"id":100928,"date":"2023-07-22T14:45:00","date_gmt":"2023-07-22T17:45:00","guid":{"rendered":"https:\/\/grandepremio.com\/br\/noticias\/sergio-perez-minimiza-9o-lugar-grid-hungria-o-que-importa-e-corrida\/"},"modified":"2023-07-22T14:55:35","modified_gmt":"2023-07-22T17:55:35","slug":"sergio-perez-minimiza-9o-lugar-grid-hungria-o-que-importa-e-corrida","status":"publish","type":"post","link":"https:\/\/grandepremio.com\/br\/f1\/sergio-perez-minimiza-9o-lugar-grid-hungria-o-que-importa-e-corrida\/","title":{"rendered":"P\u00e9rez minimiza 9\u00ba lugar no grid do GP da Hungria: &#8220;O que importa \u00e9 a corrida&#8221;"},"content":{"rendered":"\n<p class=\"wp-block-paragraph\"><strong>Sergio P\u00e9rez<\/strong> quebrou a sequ\u00eancia de cinco corridas sem ir ao Q3 durante uma classifica\u00e7\u00e3o e vai largar de nono lugar no <strong>GP da Hungria<\/strong> no domingo. O resultado, no entanto, ainda deixa a desejar. Afinal, o companheiro de equipe <strong>Max Verstappen<\/strong> vai largar da segunda posi\u00e7\u00e3o, logo <a href=\"https:\/\/www.grandepremio.com\/br\/f1\/noticias\/lewis-hamilton-encerra-jejum-conquista-pole-gp-hungria-max-verstappen-0s003\/\" class=\"ek-link\">atr\u00e1s do pole Lewis Hamilton<\/a>. Mas o mexicano n\u00e3o deu muita bola para o que aconteceu neste s\u00e1bado (22), e disse que o que realmente importa \u00e9 a corrida.<\/p>\n\n\n\n<p class=\"wp-block-paragraph\">Depois de justificar as performances ruins nos \u00faltimos GPs \u00e0 <a href=\"https:\/\/www.grandepremio.com\/br\/f1\/noticias\/sergio-perez-confessa-perdeu-confianca-apos-batida-monaco-momento-dificil\/\" class=\"ek-link\">falta de confian\u00e7a no carro da <strong>Red Bul<\/strong>l,<\/a> P\u00e9rez parece estar voltando a se entender com o <strong>RB19<\/strong> durante o fim de semana do GP da Hungria. Em uma sess\u00e3o vista como \u201cbem apertada\u201d, \u2018Checo\u2019 acredita que era poss\u00edvel conseguir um quarto lugar, n\u00e3o fosse o erro cometido no primeiro setor.<\/p>\n\n\n\n<p class=\"wp-block-paragraph\"><strong>\u25b6\ufe0f&nbsp;Inscreva-se nos dois canais do GRANDE PR\u00caMIO no YouTube:&nbsp;<a href=\"https:\/\/www.youtube.com\/channel\/UC9OlHEgxoaY6QY6nWPoiqQg?sub_confirmation=1\" target=\"_blank\" rel=\"noreferrer noopener\">GP<\/a>&nbsp;|&nbsp;<a href=\"https:\/\/www.youtube.com\/channel\/UC9csiS6q_C3C0FYhyr1rnFA?sub_confirmation=1\" target=\"_blank\" rel=\"noreferrer noopener\">GP2<\/a><\/strong><br><strong>\u25b6\ufe0f&nbsp;<a href=\"https:\/\/www.twitch.tv\/grandepremio\" target=\"_blank\" rel=\"noreferrer noopener\">Conhe\u00e7a o canal do GRANDE PR\u00caMIO na Twitch clicando aqui!<\/a><\/strong><\/p>\n\n\n\n<figure class=\"wp-block-image size-large\"><img decoding=\"async\" src=\"https:\/\/www.grandepremio.com\/br\/wp-content\/uploads\/2023\/07\/f1-2023-hungria-treinoslivres-redbull-sergioperez-afp-01-1024x662.jpg\" alt=\"\" class=\"wp-image-709674\"\/><figcaption class=\"wp-element-caption\">Sergio P\u00e9rez espera uma boa corrida de recupera\u00e7\u00e3o no domingo (Foto: AFP) <\/figcaption><\/figure>\n\n\n\n<p class=\"wp-block-paragraph\">\u201cFoi uma classifica\u00e7\u00e3o bem apertada, especialmente precisando utilizar todos os compostos. No fim, est\u00e1vamos com os macios e, na \u00faltima tentativa, no primeiro setor, perdi cerca de 0s1 que poderia ter nos colocado no quarto lugar\u201d, lamentou P\u00e9rez.<\/p>\n\n\n\n<p class=\"wp-block-paragraph\">Embora esteja largando no meio do pelot\u00e3o, o titular da Red Bull acredita que vai ser poss\u00edvel realizar uma prova de recupera\u00e7\u00e3o no domingo. Afinal, o ritmo de corrida \u00e9 bom e isso deve se traduzir em algumas ultrapassagens.<\/p>\n\n\n\n<p class=\"wp-block-paragraph\">\u201cTemos um bom carro para a corrida. Depois do TL3 encontramos um bom ritmo e estamos focados no domingo para fazer valer esse bom ritmo. O que importa mesmo \u00e9 amanh\u00e3 e acredito que podemos lutar por resultados melhores\u201d, finalizou.<\/p>\n\n\n\n<p class=\"wp-block-paragraph\">A&nbsp;<strong><a href=\"https:\/\/www.grandepremio.com\/formula-1\/\" target=\"_blank\" rel=\"noreferrer noopener\">F\u00f3rmula 1<\/a><\/strong>&nbsp;retorna neste domingo para a disputa do GP da Hungria, com largada prevista para as 10h (de Bras\u00edlia, GMT-3). O&nbsp;<strong>GRANDE PR\u00caMIO<\/strong>&nbsp;acompanha todas as atividades da temporada 2023&nbsp;<strong>AO VIVO&nbsp;<\/strong>e em&nbsp;<strong><a href=\"https:\/\/www.grandepremio.com\/br\/ao-vivo\/\" target=\"_blank\" rel=\"noreferrer noopener\">TEMPO REAL<\/a><\/strong>. Antes, a partir das 9h40, o&nbsp;<strong>GP&nbsp;<\/strong>abre a&nbsp;<a href=\"https:\/\/formula1aovivo.com\/\" target=\"_blank\" rel=\"noreferrer noopener\">transmiss\u00e3o<\/a>&nbsp;em segunda tela no canal 1 do&nbsp;<strong>YouTube,&nbsp;<\/strong>em parceria com a&nbsp;<strong>Voz do Esporte<\/strong>.<\/p>\n\n\n\n<figure class=\"wp-block-embed is-type-rich is-provider-incorporar-manipulador wp-block-embed-incorporar-manipulador wp-embed-aspect-16-9 wp-has-aspect-ratio\"><div class=\"wp-block-embed__wrapper\">\n<iframe loading=\"lazy\" title=\"F1 2023: HAMILTON POLE na HUNGRIA. VERSTAPPEN 2\u00ba | Briefing\" width=\"500\" height=\"281\" src=\"https:\/\/www.youtube.com\/embed\/mdZXQBmfJrQ?feature=oembed\" frameborder=\"0\" allow=\"accelerometer; autoplay; clipboard-write; encrypted-media; gyroscope; picture-in-picture; web-share\" referrerpolicy=\"strict-origin-when-cross-origin\" allowfullscreen><\/iframe>\n<\/div><\/figure>\n","protected":false},"excerpt":{"rendered":"<p>Sergio P\u00e9rez acredita que o in\u00edcio da corrida no meio do pelot\u00e3o n\u00e3o vai ser um problema, visto que a Red Bull tem, de novo, um bom ritmo de corrida em Hungaroring<\/p>\n","protected":false},"author":0,"featured_media":1000709840,"comment_status":"closed","ping_status":"closed","sticky":false,"template":"","format":"standard","meta":{"42wp_featured_image_caption":"","42wp_featured_image_credits":"","42wp_featured_video":"","42wp_featured_image_hidden":false,"42wp_authors_list":[],"footnotes":""},"categories":[2],"tags":[147,180,1491,28285,4122,35792,27382,28012,33169,204,3132],"42wp_author":[47149],"class_list":["post-100928","post","type-post","status-publish","format-standard","has-post-thumbnail","hentry","category-f1","tag-f1","tag-formula-1","tag-grande-premio","tag-grandepremio","tag-hungaroring","tag-hungaroring-2023","tag-perez","tag-perez-na-red-bull","tag-rb19","tag-red-bull","tag-sergio-perez","42wp_author-bernardo-castro"],"_links":{"self":[{"href":"https:\/\/grandepremio.com\/br\/wp-json\/wp\/v2\/posts\/100928","targetHints":{"allow":["GET"]}}],"collection":[{"href":"https:\/\/grandepremio.com\/br\/wp-json\/wp\/v2\/posts"}],"about":[{"href":"https:\/\/grandepremio.com\/br\/wp-json\/wp\/v2\/types\/post"}],"replies":[{"embeddable":true,"href":"https:\/\/grandepremio.com\/br\/wp-json\/wp\/v2\/comments?post=100928"}],"version-history":[{"count":0,"href":"https:\/\/grandepremio.com\/br\/wp-json\/wp\/v2\/posts\/100928\/revisions"}],"wp:featuredmedia":[{"embeddable":true,"href":"https:\/\/grandepremio.com\/br\/wp-json\/wp\/v2\/media\/1000709840"}],"wp:attachment":[{"href":"https:\/\/grandepremio.com\/br\/wp-json\/wp\/v2\/media?parent=100928"}],"wp:term":[{"taxonomy":"category","embeddable":true,"href":"https:\/\/grandepremio.com\/br\/wp-json\/wp\/v2\/categories?post=100928"},{"taxonomy":"post_tag","embeddable":true,"href":"https:\/\/grandepremio.com\/br\/wp-json\/wp\/v2\/tags?post=100928"},{"taxonomy":"42wp_author","embeddable":true,"href":"https:\/\/grandepremio.com\/br\/wp-json\/wp\/v2\/42wp_author?post=100928"}],"curies":[{"name":"wp","href":"https:\/\/api.w.org\/{rel}","templated":true}]}}