{"id":100930,"date":"2023-07-22T14:29:18","date_gmt":"2023-07-22T17:29:18","guid":{"rendered":"https:\/\/grandepremio.com\/br\/noticias\/carlos-sainz-se-diz-frustrado-cair-q2-hungria-admite-sofri-com-pneus-medios\/"},"modified":"2023-07-22T14:30:30","modified_gmt":"2023-07-22T17:30:30","slug":"carlos-sainz-se-diz-frustrado-cair-q2-hungria-admite-sofri-com-pneus-medios","status":"publish","type":"post","link":"https:\/\/grandepremio.com\/br\/f1\/carlos-sainz-se-diz-frustrado-cair-q2-hungria-admite-sofri-com-pneus-medios\/","title":{"rendered":"Sainz se diz frustrado por cair no Q2 na Hungria e admite: &#8220;Sofri com pneus m\u00e9dios&#8221;"},"content":{"rendered":"\n<p class=\"wp-block-paragraph\"><strong>Carlos Sainz<\/strong> foi outro piloto que sofreu com a nova classifica\u00e7\u00e3o da <strong>F\u00f3rmula 1<\/strong> neste s\u00e1bado (22) na <strong>Hungria<\/strong>. Por apenas dois mil\u00e9simos, o ferrarista ficou no Q2 e <a href=\"https:\/\/www.grandepremio.com\/br\/f1\/noticias\/lewis-hamilton-encerra-jejum-conquista-pole-gp-hungria-max-verstappen-0s003\/\" class=\"ek-link\">vai largar apenas em 11\u00ba na corrida<\/a>, sua pior posi\u00e7\u00e3o no grid na temporada.<\/p>\n\n\n\n<p class=\"wp-block-paragraph\">Chateado, o espanhol tentou buscar respostas na performance mediana em Hungaroring e admitiu que sofreu demais com os pneus m\u00e9dios em sua <strong>Ferrari<\/strong>. &#8220;Se baixasse meu tempo em um d\u00e9cimo teria me colocado mais \u00e0 frente. Mas \u00e9 assim, infelizmente, foi uma pena fazer o Q2 com esses compostos, n\u00e3o me senti bem em todas as atividades&#8221;, analisou.<\/p>\n\n\n\n<p class=\"wp-block-paragraph\">Carlos criticou o formato de classifica\u00e7\u00e3o para a etapa h\u00fangara. Para ele, fazer v\u00e1rias sess\u00f5es com pneus diferentes n\u00e3o d\u00e1 um par\u00e2metro de qual \u00e9 o real estado do <strong>F1-75<\/strong> no fim de semana. &#8220;Em uma qualifica\u00e7\u00e3o normal, podia ter feito melhor. O desconforto com esta nova configura\u00e7\u00e3o de treino \u00e9 evidente, embora saibamos que nosso equil\u00edbrio n\u00e3o \u00e9 o ideal&#8221;.<\/p>\n\n\n\n<figure class=\"wp-block-image size-large\"><img decoding=\"async\" src=\"https:\/\/www.grandepremio.com\/br\/wp-content\/uploads\/2023\/07\/f1-2023-hungria-treinoslivres-ferrari-carlossainz-01-3-1024x683.jpg\" alt=\"\" class=\"wp-image-709641\"\/><figcaption class=\"wp-element-caption\">Sainz vai largar em 11\u00ba no GP da Hungria (Foto: Ferrari)<\/figcaption><\/figure>\n\n\n\n<p class=\"wp-block-paragraph\">Sainz acredita que as equipes est\u00e3o bem mais pr\u00f3ximas em 2023 e, por isso, sabe que ter\u00e1 muitas dificuldades de construir um grande resultado na Hungria.<\/p>\n\n\n\n<p class=\"wp-block-paragraph\"><strong>\u25b6\ufe0f\u00a0Inscreva-se nos dois canais do GRANDE PR\u00caMIO no YouTube:\u00a0<a href=\"https:\/\/www.youtube.com\/channel\/UC9OlHEgxoaY6QY6nWPoiqQg?sub_confirmation=1\" target=\"_blank\" rel=\"noreferrer noopener\">GP<\/a>\u00a0|\u00a0<a href=\"https:\/\/www.youtube.com\/channel\/UC9csiS6q_C3C0FYhyr1rnFA?sub_confirmation=1\" target=\"_blank\" rel=\"noreferrer noopener\">GP2<\/a><\/strong><br><strong>\u25b6\ufe0f\u00a0<a href=\"https:\/\/www.twitch.tv\/grandepremio\" target=\"_blank\" rel=\"noreferrer noopener\">Conhe\u00e7a o canal do GRANDE PR\u00caMIO na Twitch clicando aqui!<\/a><\/strong><\/p>\n\n\n\n<p class=\"wp-block-paragraph\">&#8220;O grid evoluiu muito desde o ano passado, basta olhar as performances de <strong>McLaren<\/strong> e <strong>Alfa Romeo<\/strong>. Hoje tem muito vento, curvas longas, por isso, com tudo muito apertado, ficar fora por apenas dois mil\u00e9simos \u00e9 muito pouco&#8221;, completou o piloto.<\/p>\n\n\n\n<p class=\"wp-block-paragraph\">A&nbsp;<strong><a href=\"https:\/\/www.grandepremio.com\/formula-1\/\" target=\"_blank\" rel=\"noreferrer noopener\">F\u00f3rmula 1<\/a><\/strong>&nbsp;retorna neste domingo para a disputa do GP da Hungria, com largada prevista para as 10h (de Bras\u00edlia, GMT-3). O&nbsp;<strong>GRANDE PR\u00caMIO<\/strong>&nbsp;acompanha todas as atividades da temporada 2023&nbsp;<strong>AO VIVO&nbsp;<\/strong>e em&nbsp;<strong><a href=\"https:\/\/www.grandepremio.com\/br\/ao-vivo\/\" target=\"_blank\" rel=\"noreferrer noopener\">TEMPO REAL<\/a><\/strong>. Antes, a partir das 9h40, o&nbsp;<strong>GP&nbsp;<\/strong>abre a&nbsp;<a href=\"https:\/\/formula1aovivo.com\/\" target=\"_blank\" rel=\"noreferrer noopener\">transmiss\u00e3o<\/a>&nbsp;em segunda tela no canal 1 do&nbsp;<strong>YouTube,&nbsp;<\/strong>em parceria com a&nbsp;<strong>Voz do Esporte<\/strong>.<\/p>\n","protected":false},"excerpt":{"rendered":"<p>O piloto da Ferrari vai largar em 11\u00ba em Hungaroring e se sentiu prejudicado pelo novo formato de classifica\u00e7\u00e3o testado neste s\u00e1bado, embora saiba que o ritmo da F1-75 tamb\u00e9m esteja longe do ideal<\/p>\n","protected":false},"author":0,"featured_media":1000709901,"comment_status":"closed","ping_status":"closed","sticky":false,"template":"","format":"standard","meta":{"42wp_featured_image_caption":"","42wp_featured_image_credits":"","42wp_featured_video":"","42wp_featured_image_hidden":false,"42wp_authors_list":[],"footnotes":""},"categories":[2],"tags":[457,546,6533,207,180,35831,4122,3967,90],"42wp_author":[47128],"class_list":["post-100930","post","type-post","status-publish","format-standard","has-post-thumbnail","hentry","category-f1","tag-alfa-romeo","tag-carlos-sainz","tag-f1-2023","tag-ferrari","tag-formula-1","tag-gp-da-hungria-2023","tag-hungaroring","tag-hungria","tag-mclaren","42wp_author-guilherme-bloisi"],"_links":{"self":[{"href":"https:\/\/grandepremio.com\/br\/wp-json\/wp\/v2\/posts\/100930","targetHints":{"allow":["GET"]}}],"collection":[{"href":"https:\/\/grandepremio.com\/br\/wp-json\/wp\/v2\/posts"}],"about":[{"href":"https:\/\/grandepremio.com\/br\/wp-json\/wp\/v2\/types\/post"}],"replies":[{"embeddable":true,"href":"https:\/\/grandepremio.com\/br\/wp-json\/wp\/v2\/comments?post=100930"}],"version-history":[{"count":0,"href":"https:\/\/grandepremio.com\/br\/wp-json\/wp\/v2\/posts\/100930\/revisions"}],"wp:featuredmedia":[{"embeddable":true,"href":"https:\/\/grandepremio.com\/br\/wp-json\/wp\/v2\/media\/1000709901"}],"wp:attachment":[{"href":"https:\/\/grandepremio.com\/br\/wp-json\/wp\/v2\/media?parent=100930"}],"wp:term":[{"taxonomy":"category","embeddable":true,"href":"https:\/\/grandepremio.com\/br\/wp-json\/wp\/v2\/categories?post=100930"},{"taxonomy":"post_tag","embeddable":true,"href":"https:\/\/grandepremio.com\/br\/wp-json\/wp\/v2\/tags?post=100930"},{"taxonomy":"42wp_author","embeddable":true,"href":"https:\/\/grandepremio.com\/br\/wp-json\/wp\/v2\/42wp_author?post=100930"}],"curies":[{"name":"wp","href":"https:\/\/api.w.org\/{rel}","templated":true}]}}