{"id":100936,"date":"2023-07-22T13:25:55","date_gmt":"2023-07-22T16:25:55","guid":{"rendered":"https:\/\/grandepremio.com\/br\/noticias\/lewis-hamilton-quebra-jejum-quase-20-meses-sem-poles-f1-gp-da-hungria-2023\/"},"modified":"2023-07-22T13:30:00","modified_gmt":"2023-07-22T16:30:00","slug":"lewis-hamilton-quebra-jejum-quase-20-meses-sem-poles-f1-gp-da-hungria-2023","status":"publish","type":"post","link":"https:\/\/grandepremio.com\/br\/f1\/lewis-hamilton-quebra-jejum-quase-20-meses-sem-poles-f1-gp-da-hungria-2023\/","title":{"rendered":"Hamilton quebra jejum de quase 20 meses sem poles na F1 no GP da Hungria de 2023"},"content":{"rendered":"\n<p class=\"wp-block-paragraph\"><strong>Lewis Hamilton<\/strong> <a href=\"https:\/\/www.grandepremio.com\/br\/f1\/noticias\/lewis-hamilton-encerra-jejum-conquista-pole-gp-hungria-max-verstappen-0s003\/\" class=\"ek-link\">garantiu a 104\u00aa pole<\/a> na <strong>F1 <\/strong>e encerrou o jejum mais longo da carreira. Neste s\u00e1bado (22), o heptacampe\u00e3o achou uma volta m\u00e1gica para interromper o dom\u00ednio de <strong>Max Verstappen<\/strong> na classifica\u00e7\u00e3o do <strong>GP da Hungria<\/strong> e garantiu o primeiro lugar no grid de largada.<\/p>\n\n\n\n<p class=\"wp-block-paragraph\">Foram nada menos que 594 dias sem poles para Hamilton na F1, a maior seca da carreira do piloto mais vencedor e recordista de poles de todos os tempos. Em outra perspectiva, foram praticamente 20 meses sem partir da primeira coloca\u00e7\u00e3o do grid para Lewis.<\/p>\n\n\n\n<figure class=\"wp-block-image size-large\"><img decoding=\"async\" src=\"https:\/\/www.grandepremio.com\/br\/wp-content\/uploads\/2023\/07\/f1-2023-hungria-classificacao-mercedes-lewishamilton-afp-03-e1690041783166-1024x801.jpg\" alt=\"\" class=\"wp-image-709908\"\/><figcaption class=\"wp-element-caption\">Lewis Hamilton sai na pole na Hungria (Foto: AFP) <\/figcaption><\/figure>\n\n\n\n<p class=\"wp-block-paragraph\">A \u00faltima vez de Hamilton em primeiro no grid tinha sido o <strong>GP da Ar\u00e1bia Saudita<\/strong> de 2021, em meio \u00e0 guerra particular com Verstappen pela disputa do t\u00edtulo daquela temporada.<\/p>\n\n\n\n<p class=\"wp-block-paragraph\">Com a quebra do jejum, Hamilton atingiu um recorde: fez a nona pole no <strong>Hungaroring<\/strong>, algo que nenhum outro piloto conseguiu em qualquer pista que seja. O dom\u00ednio do ingl\u00eas \u00e9 impressionante em <strong>Budapeste<\/strong>: caso ven\u00e7a, ser\u00e1 o primeiro piloto a ter nove vit\u00f3rias em qualquer circuito.<\/p>\n\n\n\n<figure class=\"wp-block-video\"><video class=\"video-js vjs-big-play-centered\" data-gp-vjs=\"1\" controls src=\"https:\/\/www.grandepremio.com\/br\/wp-content\/uploads\/2023\/07\/ntu6pcmCJIFwvcNc.mp4\"><\/video><\/figure>\n\n\n\n<p class=\"wp-block-paragraph\">A&nbsp;<strong><a href=\"https:\/\/www.grandepremio.com\/formula-1\/\" target=\"_blank\" rel=\"noreferrer noopener\">F\u00f3rmula 1<\/a><\/strong>&nbsp;retorna neste domingo para a disputa do GP da Hungria, com largada prevista para as 10h (de Bras\u00edlia, GMT-3). O&nbsp;<strong>GRANDE PR\u00caMIO<\/strong>&nbsp;acompanha todas as atividades da temporada 2023&nbsp;<strong>AO VIVO&nbsp;<\/strong>e em&nbsp;<strong><a href=\"https:\/\/www.grandepremio.com\/br\/ao-vivo\/\" target=\"_blank\" rel=\"noreferrer noopener\">TEMPO REAL<\/a><\/strong>. Antes, a partir das 9h40, o&nbsp;<strong>GP&nbsp;<\/strong>abre a&nbsp;<a href=\"https:\/\/formula1aovivo.com\/\" target=\"_blank\" rel=\"noreferrer noopener\">transmiss\u00e3o<\/a>&nbsp;em segunda tela no canal 1 do&nbsp;<strong>YouTube,&nbsp;<\/strong>em parceria com a&nbsp;<strong>Voz do Esporte<\/strong>.<\/p>\n\n\n\n<p class=\"wp-block-paragraph\"><strong>\u25b6\ufe0f\u00a0Inscreva-se nos dois canais do GRANDE PR\u00caMIO no YouTube:\u00a0<a href=\"https:\/\/www.youtube.com\/channel\/UC9OlHEgxoaY6QY6nWPoiqQg?sub_confirmation=1\" target=\"_blank\" rel=\"noreferrer noopener\">GP<\/a>\u00a0|\u00a0<a href=\"https:\/\/www.youtube.com\/channel\/UC9csiS6q_C3C0FYhyr1rnFA?sub_confirmation=1\" target=\"_blank\" rel=\"noreferrer noopener\">GP2<\/a><\/strong><br><strong>\u25b6\ufe0f\u00a0<a href=\"https:\/\/www.twitch.tv\/grandepremio\" target=\"_blank\" rel=\"noreferrer noopener\">Conhe\u00e7a o canal do GRANDE PR\u00caMIO na Twitch clicando aqui!<\/a><\/strong><\/p>\n\n\n\n<figure class=\"wp-block-embed is-type-video is-provider-youtube wp-block-embed-youtube wp-embed-aspect-16-9 wp-has-aspect-ratio\"><div class=\"wp-block-embed__wrapper\">\n<iframe loading=\"lazy\" title=\"F1 2023: HAMILTON POLE na HUNGRIA. VERSTAPPEN 2\u00ba | Briefing\" width=\"500\" height=\"281\" src=\"https:\/\/www.youtube.com\/embed\/mdZXQBmfJrQ?feature=oembed\" frameborder=\"0\" allow=\"accelerometer; autoplay; clipboard-write; encrypted-media; gyroscope; picture-in-picture; web-share\" referrerpolicy=\"strict-origin-when-cross-origin\" allowfullscreen><\/iframe>\n<\/div><\/figure>\n","protected":false},"excerpt":{"rendered":"<p>Lewis Hamilton cravou a pole do GP da Hungria e, assim, encerrou uma seca de quase 600 dias sem partir da posi\u00e7\u00e3o de honra na F1<\/p>\n","protected":false},"author":0,"featured_media":1000709664,"comment_status":"closed","ping_status":"closed","sticky":false,"template":"","format":"standard","meta":{"42wp_featured_image_caption":"","42wp_featured_image_credits":"","42wp_featured_video":"","42wp_featured_image_hidden":false,"42wp_authors_list":[],"footnotes":""},"categories":[2],"tags":[457,524,20491,309,546,209,211,302,6533,642,176,207,30722,800,1647,1491,26123,30103,28285,3746,119,117,485,547,87,25553,203,90,82,1521,35129,2916,676,1126,204,3132,612,215,597],"42wp_author":[47117],"class_list":["post-100936","post","type-post","status-publish","format-standard","has-post-thumbnail","hentry","category-f1","tag-alfa-romeo","tag-alphatauri","tag-alpine","tag-aston-martin","tag-carlos-sainz","tag-charles-leclerc","tag-daniel-ricciardo","tag-esteban-ocon","tag-f1-2023","tag-f1-ao-vivo","tag-fernando-alonso","tag-ferrari","tag-formula-1-2023","tag-george-russell","tag-gp-da-hungria","tag-grande-premio","tag-grande-premio-ao-vivo","tag-grande-premio-f1","tag-grandepremio","tag-guanyu-zhou","tag-haas","tag-kevin-magnussen","tag-lance-stroll","tag-lando-norris","tag-lewis-hamilton","tag-logan-sargeant","tag-max-verstappen","tag-mclaren","tag-mercedes","tag-nico-hulkenberg","tag-onde-assistir-f1","tag-oscar-piastri","tag-pierre-gasly","tag-pirelli","tag-red-bull","tag-sergio-perez","tag-valtteri-bottas","tag-williams","tag-yuki-tsunoda","42wp_author-gabriel-curty"],"_links":{"self":[{"href":"https:\/\/grandepremio.com\/br\/wp-json\/wp\/v2\/posts\/100936","targetHints":{"allow":["GET"]}}],"collection":[{"href":"https:\/\/grandepremio.com\/br\/wp-json\/wp\/v2\/posts"}],"about":[{"href":"https:\/\/grandepremio.com\/br\/wp-json\/wp\/v2\/types\/post"}],"replies":[{"embeddable":true,"href":"https:\/\/grandepremio.com\/br\/wp-json\/wp\/v2\/comments?post=100936"}],"version-history":[{"count":0,"href":"https:\/\/grandepremio.com\/br\/wp-json\/wp\/v2\/posts\/100936\/revisions"}],"wp:featuredmedia":[{"embeddable":true,"href":"https:\/\/grandepremio.com\/br\/wp-json\/wp\/v2\/media\/1000709664"}],"wp:attachment":[{"href":"https:\/\/grandepremio.com\/br\/wp-json\/wp\/v2\/media?parent=100936"}],"wp:term":[{"taxonomy":"category","embeddable":true,"href":"https:\/\/grandepremio.com\/br\/wp-json\/wp\/v2\/categories?post=100936"},{"taxonomy":"post_tag","embeddable":true,"href":"https:\/\/grandepremio.com\/br\/wp-json\/wp\/v2\/tags?post=100936"},{"taxonomy":"42wp_author","embeddable":true,"href":"https:\/\/grandepremio.com\/br\/wp-json\/wp\/v2\/42wp_author?post=100936"}],"curies":[{"name":"wp","href":"https:\/\/api.w.org\/{rel}","templated":true}]}}