{"id":100940,"date":"2023-07-22T12:51:21","date_gmt":"2023-07-22T15:51:21","guid":{"rendered":"https:\/\/grandepremio.com\/br\/noticias\/max-verstappen-culpa-falta-equilibrio-rb19-2o-hungria-senti-confianca\/"},"modified":"2023-07-22T12:59:44","modified_gmt":"2023-07-22T15:59:44","slug":"max-verstappen-culpa-falta-equilibrio-rb19-2o-hungria-senti-confianca","status":"publish","type":"post","link":"https:\/\/grandepremio.com\/br\/f1\/max-verstappen-culpa-falta-equilibrio-rb19-2o-hungria-senti-confianca\/","title":{"rendered":"Verstappen culpa falta de equil\u00edbrio do RB19 ap\u00f3s 2\u00ba na Hungria: &#8220;N\u00e3o senti confian\u00e7a&#8221;"},"content":{"rendered":"\n<p class=\"wp-block-paragraph\">Ap\u00f3s cinco corridas seguidas largando em primeiro, <strong>Max Verstappen<\/strong> <a href=\"https:\/\/www.grandepremio.com\/br\/f1\/noticias\/lewis-hamilton-encerra-jejum-conquista-pole-gp-hungria-max-verstappen-0s003\/\" class=\"ek-link\">teve de se contentar com o segundo lugar na primeira fila<\/a> para o <strong>GP da Hungria<\/strong>, ap\u00f3s a classifica\u00e7\u00e3o deste s\u00e1bado (22). Foi por somente 0s003, mas o bicampe\u00e3o come\u00e7ar\u00e1 a corrida de domingo atr\u00e1s de <strong>Lewis Hamilton<\/strong>. Por\u00e9m, mais do que n\u00e3o conseguir largar da ponta do grid, o que realmente incomodou o piloto da <strong>Red Bull<\/strong> foi a falta de equil\u00edbrio e ritmo de seu <strong>RB19<\/strong>.<\/p>\n\n\n\n<p class=\"wp-block-paragraph\">Verstappen n\u00e3o largava fora da primeira posi\u00e7\u00e3o desde o <strong>GP de Miami<\/strong>, quinta etapa do Mundial 2023. O piloto n\u00e3o escondeu que sofreu com a falta de confian\u00e7a durante toda a classifica\u00e7\u00e3o em Hungaroring.\u00a0<\/p>\n\n\n\n<p class=\"wp-block-paragraph\">&#8220;Tenho lutado o fim de semana inteiro para encontrar um bom equil\u00edbrio, todas as sess\u00f5es tiveram altos e baixos. Hoje tamb\u00e9m na classifica\u00e7\u00e3o, foi muito dif\u00edcil. Durante o Q1 e o Q2 n\u00e3o sentia confian\u00e7a ao atacar as curvas\u201d, explicou o holand\u00eas durante a transmiss\u00e3o da F1.<\/p>\n\n\n\n<p class=\"wp-block-paragraph\"><strong>\u25b6\ufe0f&nbsp;Inscreva-se nos dois canais do GRANDE PR\u00caMIO no YouTube:&nbsp;<a href=\"https:\/\/www.youtube.com\/channel\/UC9OlHEgxoaY6QY6nWPoiqQg?sub_confirmation=1\" target=\"_blank\" rel=\"noreferrer noopener\">GP<\/a>&nbsp;|&nbsp;<a href=\"https:\/\/www.youtube.com\/channel\/UC9csiS6q_C3C0FYhyr1rnFA?sub_confirmation=1\" target=\"_blank\" rel=\"noreferrer noopener\">GP2<\/a><\/strong><br><strong>\u25b6\ufe0f&nbsp;<a href=\"https:\/\/www.twitch.tv\/grandepremio\" target=\"_blank\" rel=\"noreferrer noopener\">Conhe\u00e7a o canal do GRANDE PR\u00caMIO na Twitch clicando aqui!<\/a><\/strong><\/p>\n\n\n\n<p class=\"wp-block-paragraph\">&#8220;Achei que minha primeira volta no Q3 foi muito boa, mas na segunda, novamente a sensa\u00e7\u00e3o n\u00e3o era boa. Tentei for\u00e7ar um pouco mais, a\u00ed ou perdia a traseira ou a dianteira\u201d, descreveu.<\/p>\n\n\n\n<figure class=\"wp-block-image size-large\"><img decoding=\"async\" src=\"https:\/\/www.grandepremio.com\/br\/wp-content\/uploads\/2023\/07\/f1-2023-hungria-classificacao-redbull-maxverstappen-01-1024x683.jpg\" alt=\"\" class=\"wp-image-709835\"\/><figcaption class=\"wp-element-caption\">Verstappen afirmou que n\u00e3o se entendeu com o carro durante toda a classifica\u00e7\u00e3o (Foto: Red Bull Content Pool)<\/figcaption><\/figure>\n\n\n\n<p class=\"wp-block-paragraph\">O atual l\u00edder do campeonato ainda enfatizou que, com a fase que a equipe austr\u00edaca vive atualmente, o objetivo \u00e9 estar na ponta em todas as provas. &#8220;Ainda estamos em segundo, mas acho que dever\u00edamos estar na frente com o carro que temos, mas at\u00e9 agora, neste fim de semana, n\u00e3o estivemos nessa posi\u00e7\u00e3o.\u201d<\/p>\n\n\n\n<p class=\"wp-block-paragraph\">O holand\u00eas ainda foi questionado sobre o funcionamento das atualiza\u00e7\u00f5es que a Red Bull levou para a pista h\u00fangara e se elas tiveram o efeito desejado. &#8220;Acho que as atualiza\u00e7\u00f5es funcionam, mas n\u00e3o conseguimos configurar tudo corretamente, ou seja, n\u00e3o \u00e9 exatamente onde quer\u00edamos estar&#8221;, finalizou Verstappen.<\/p>\n\n\n\n<p class=\"wp-block-paragraph\">A&nbsp;<strong>F\u00f3rmula 1<\/strong>&nbsp;retorna neste domingo (23) para a disputa do GP da Hungria, com largada prevista para as 10h (de Bras\u00edlia, GMT-3). O&nbsp;<strong>GRANDE PR\u00caMIO<\/strong>&nbsp;acompanha todas as atividades da temporada 2023&nbsp;<strong>AO VIVO&nbsp;<\/strong>e em&nbsp;<strong>TEMPO REAL<\/strong>. Antes, a partir das 9h40, o&nbsp;<strong>GP&nbsp;<\/strong>abre a transmiss\u00e3o em segunda tela no canal 1 do&nbsp;<strong>YouTube,&nbsp;<\/strong>em parceria com a&nbsp;<strong>Voz do Esporte<\/strong>.<\/p>\n\n\n\n<figure class=\"wp-block-embed is-type-video is-provider-youtube wp-block-embed-youtube wp-embed-aspect-16-9 wp-has-aspect-ratio\"><div class=\"wp-block-embed__wrapper\">\n<iframe loading=\"lazy\" title=\"F1 2023: HAMILTON POLE na HUNGRIA. VERSTAPPEN 2\u00ba | Briefing\" width=\"500\" height=\"281\" src=\"https:\/\/www.youtube.com\/embed\/mdZXQBmfJrQ?feature=oembed\" frameborder=\"0\" allow=\"accelerometer; autoplay; clipboard-write; encrypted-media; gyroscope; picture-in-picture; web-share\" referrerpolicy=\"strict-origin-when-cross-origin\" allowfullscreen><\/iframe>\n<\/div><\/figure>\n\n\n\n<p class=\"wp-block-paragraph\"><\/p>\n","protected":false},"excerpt":{"rendered":"<p>Max Verstappen foi apenas 0s003 mais lento que Lewis Hamilton, mas reclamou que n\u00e3o conseguiu se entender com o carro da Red Bull durante a classifica\u00e7\u00e3o na Hungria<\/p>\n","protected":false},"author":0,"featured_media":1000709837,"comment_status":"closed","ping_status":"closed","sticky":false,"template":"","format":"standard","meta":{"42wp_featured_image_caption":"","42wp_featured_image_credits":"","42wp_featured_video":"","42wp_featured_image_hidden":false,"42wp_authors_list":[],"footnotes":""},"categories":[2],"tags":[85,147,1647,35831,28685,32098,219,1491,25533,35840,35837,30103,28285,28288,203,204,25911],"42wp_author":[47157],"class_list":["post-100940","post","type-post","status-publish","format-standard","has-post-thumbnail","hentry","category-f1","tag-frmula-1","tag-f1","tag-gp-da-hungria","tag-gp-da-hungria-2023","tag-gp-da-hungria-de-f1","tag-gp-da-hungria-de-formula-1","tag-grande-prmio","tag-grande-premio","tag-grande-premio-da-hungria","tag-grande-premio-da-hungria-2023","tag-grande-premio-da-hungria-de-f1","tag-grande-premio-f1","tag-grandepremio","tag-grandepremio-2","tag-max-verstappen","tag-red-bull","tag-red-bull-max-verstappen","42wp_author-jonas-souza"],"_links":{"self":[{"href":"https:\/\/grandepremio.com\/br\/wp-json\/wp\/v2\/posts\/100940","targetHints":{"allow":["GET"]}}],"collection":[{"href":"https:\/\/grandepremio.com\/br\/wp-json\/wp\/v2\/posts"}],"about":[{"href":"https:\/\/grandepremio.com\/br\/wp-json\/wp\/v2\/types\/post"}],"replies":[{"embeddable":true,"href":"https:\/\/grandepremio.com\/br\/wp-json\/wp\/v2\/comments?post=100940"}],"version-history":[{"count":0,"href":"https:\/\/grandepremio.com\/br\/wp-json\/wp\/v2\/posts\/100940\/revisions"}],"wp:featuredmedia":[{"embeddable":true,"href":"https:\/\/grandepremio.com\/br\/wp-json\/wp\/v2\/media\/1000709837"}],"wp:attachment":[{"href":"https:\/\/grandepremio.com\/br\/wp-json\/wp\/v2\/media?parent=100940"}],"wp:term":[{"taxonomy":"category","embeddable":true,"href":"https:\/\/grandepremio.com\/br\/wp-json\/wp\/v2\/categories?post=100940"},{"taxonomy":"post_tag","embeddable":true,"href":"https:\/\/grandepremio.com\/br\/wp-json\/wp\/v2\/tags?post=100940"},{"taxonomy":"42wp_author","embeddable":true,"href":"https:\/\/grandepremio.com\/br\/wp-json\/wp\/v2\/42wp_author?post=100940"}],"curies":[{"name":"wp","href":"https:\/\/api.w.org\/{rel}","templated":true}]}}