{"id":100946,"date":"2023-07-22T10:08:16","date_gmt":"2023-07-22T13:08:16","guid":{"rendered":"https:\/\/grandepremio.com\/br\/noticias\/dennis-hauger-passeia-hungria-vence-corrida-sprint-formula-2-enzo-fittipaldi-11o\/"},"modified":"2023-07-22T15:28:04","modified_gmt":"2023-07-22T18:28:04","slug":"dennis-hauger-passeia-hungria-vence-corrida-sprint-formula-2-enzo-fittipaldi-11o","status":"publish","type":"post","link":"https:\/\/grandepremio.com\/br\/f2\/dennis-hauger-passeia-hungria-vence-corrida-sprint-formula-2-enzo-fittipaldi-11o\/","title":{"rendered":"Hauger passeia na Hungria e vence corrida sprint da F\u00f3rmula 2. Fittipaldi \u00e9 11\u00ba"},"content":{"rendered":"\n<p class=\"wp-block-paragraph\"><strong>Dennis Hauger<\/strong> aproveitou a \u00f3tima largada e ditou o ritmo da <strong>corrida sprint<\/strong> da <strong>F\u00f3rmula 2<\/strong> na <strong>Hungria<\/strong>, realizada neste s\u00e1bado (22). O piloto da <strong>MP <\/strong>manteve-se com mais de 1s de vantagem \u00e0 frente de <strong>Ayumu Iwasa <\/strong>durante todo o tempo recebeu a bandeirada em primeiro com mais de 5s de frente.<\/p>\n\n\n\n<p class=\"wp-block-paragraph\">A corrida sprint foi sem grandes acidentes, contando apenas com uma r\u00e1pida interven\u00e7\u00e3o do safety-car virtual na metade da prova. Apesar do j\u00e1 costumeiro trem do DRS, os pilotos encontraram bons caminhos no sinuoso tra\u00e7ado h\u00fangaro e proporcionaram \u00f3timos pegas na parte final, com destaque para <strong>Th\u00e9o Pourchaire <\/strong>e <strong>Oliver Bearman<\/strong>, que travaram \u00f3timo duelo pelo p\u00f3dio. O novato da <strong>Prema <\/strong>levou a melhor sobre o vice-l\u00edder da temporada, que terminou em quarto.<\/p>\n\n\n\n<p class=\"wp-block-paragraph\"><strong>Jehan Daruvala<\/strong> completou em quinto, com <strong>Kush Maini <\/strong>resistindo \u00e0 frente de <strong>Victor Martins <\/strong>com os pneus completamente desgastados. <strong>Isack Hadjar <\/strong>fechou o grupo dos oito que pontuam. <strong>Frederik Vesti<\/strong>, l\u00edder do campeonato, ficou em nono, com <strong>Enzo Fittipaldi<\/strong> completando em 11\u00ba.<\/p>\n\n\n\n<p class=\"wp-block-paragraph\"><strong>ATUALIZA\u00c7\u00c3O: <\/strong>Ap\u00f3s a corrida, <strong>Cl\u00e9ment Novalak<\/strong> tomou <strong>cinco posi\u00e7\u00f5es no grid <\/strong>por bater em <strong>Ralph Boschung<\/strong>, levando o su\u00ed\u00e7o ao abandono da sprint. Com isso, o piloto da <strong>Trident <\/strong>cai de 15\u00ba para 20\u00ba no grid de domingo. Juan Manuel Correa, Arthur Leclerc, Jak Crawford, Roy Nissany e Amaury Cordeel ganham uma posi\u00e7\u00e3o cada.<\/p>\n\n\n\n<p class=\"wp-block-paragraph\">A <strong>F\u00f3rmula 2<\/strong> retorna neste domingo, a partir das <strong>5h05 <\/strong>(de Bras\u00edlia, GMT-3), para a disputa da corrida 2 da rodada da Hungria. O <strong>GRANDE PR\u00caMIO <\/strong>acompanha todas as atividades da<strong> temporada 2023<\/strong>.<\/p>\n\n\n\n<p class=\"wp-block-paragraph\"><strong>\u25b6\ufe0f&nbsp;Inscreva-se nos dois canais do GRANDE PR\u00caMIO no YouTube:&nbsp;<a href=\"https:\/\/www.youtube.com\/channel\/UC9OlHEgxoaY6QY6nWPoiqQg?sub_confirmation=1\" target=\"_blank\" rel=\"noreferrer noopener\">GP<\/a>&nbsp;|&nbsp;<a href=\"https:\/\/www.youtube.com\/channel\/UC9csiS6q_C3C0FYhyr1rnFA?sub_confirmation=1\" target=\"_blank\" rel=\"noreferrer noopener\">GP2<\/a><\/strong><br><strong>\u25b6\ufe0f&nbsp;<a href=\"https:\/\/www.twitch.tv\/grandepremio\" target=\"_blank\" rel=\"noreferrer noopener\" class=\"ek-link\">Conhe\u00e7a o canal do GRANDE PR\u00caMIO na Twitch clicando aqui!<\/a><\/strong><\/p>\n\n\n\n<figure class=\"wp-block-image size-large\"><img decoding=\"async\" src=\"https:\/\/www.grandepremio.com\/br\/wp-content\/uploads\/2023\/07\/Largada-sprint-F2-Hungria-1024x576.jpg\" alt=\"\" class=\"wp-image-709742\"\/><figcaption class=\"wp-element-caption\">Largada da corrida sprint da F2 na Hungria (Foto: reprodu\u00e7\u00e3o\/F1 TV)<\/figcaption><\/figure>\n\n\n\n<p class=\"wp-block-paragraph\"><strong>Confira como foi a corrida sprint da F2 na Hungria:<\/strong><\/p>\n\n\n\n<p class=\"wp-block-paragraph\">Os pilotos da F2 tiveram de encarar o asfalto de <strong>Hungaroring <\/strong>j\u00e1 atingindo os 48,1\u00b0C de temperatura, configura\u00e7\u00e3o que faria do gerenciamento de pneus um fator que poderia fazer diferen\u00e7a na briga pela vit\u00f3ria. <\/p>\n\n\n\n<p class=\"wp-block-paragraph\">No grid, Maini alinhou na pole-position e fechou a porta para cima de Hauger, tentando pegar a linha de dentro, s\u00f3 que o noruegu\u00eas se manteve no tra\u00e7ado ideal e conseguiu contornar a curva 1 na lideran\u00e7a. O indiano da <strong>Campos <\/strong>ainda perdeu o segundo posto para Iwasa, em \u00f3tima largada, e, depois, o terceiro para Bearman. Fittipaldi, por sua vez, aparecia em 11\u00ba, enquanto o l\u00edder do campeonato, Vesti, ca\u00eda dois postos, fechando a volta 1 em d\u00e9cimo, fora da zona de pontua\u00e7\u00e3o da sprint.<\/p>\n\n\n\n<p class=\"wp-block-paragraph\">Na abertura do segundo giro, Hauger liderava, seguido por Iwasa, Bearman, Maini, Pourchaire, ganhando duas posi\u00e7\u00f5es, Daruvala, Martins e Hadjar, fechando o top-8 dos que pontuam. Oliver, ent\u00e3o, foi surpreendido pelo contra-ataque de Maini, que conseguiu recuperar ao menos um posto.<\/p>\n\n\n\n<p class=\"wp-block-paragraph\">Quatro voltas completadas, Hauger abria 1s4 para Iwasa, enquanto Maini buscava recupera\u00e7\u00e3o, assinalando a melhor volta e encurtando a dist\u00e2ncia para 1s7 atr\u00e1s do piloto da <strong>DAMS<\/strong>. No giro 6, por\u00e9m, Martins foi o mais r\u00e1pido, ficando agora a 0s4 de Daruvala na briga pela sexta posi\u00e7\u00e3o.<\/p>\n\n\n\n<p class=\"wp-block-paragraph\">Volta 8, Pourchaire come\u00e7ou a for\u00e7ar Bearman a fazer um tra\u00e7ado mais defensivo, apenas 0s4 atr\u00e1s do piloto da Prema \u2014 uma disputa interessante do ponto de vista do campeonato, j\u00e1 que o l\u00edder Vesti, principal rival do representante da ART, tamb\u00e9m \u00e9 piloto da equipe italiana. Contudo, o #8 levava vantagem por estar a menos de 1s de Maini, podendo usar o DRS para impedir o ataque do franc\u00eas.<\/p>\n\n\n\n<p class=\"wp-block-paragraph\">Exceto Hauger, com 1s6 de vantagem na lideran\u00e7a, ali\u00e1s, as diferen\u00e7as entre todos os pilotos do segundo colocado, Iwasa, at\u00e9 Richard Verschoor, 13\u00ba, eram de 0s4 a 0s8 \u2014 exatamente o que se costuma chamar de &#8216;trem do DRS&#8217;, em que ningu\u00e9m passa ningu\u00e9m. Fittipaldi era um dos que formavam o trenzinho, em 11\u00ba, sem conseguir atacar Vesti \u00e0 sua frente, por\u00e9m sustentando a posi\u00e7\u00e3o no embate contra o companheiro de equipe, <strong>Zane Maloney<\/strong>, logo atr\u00e1s.<\/p>\n\n\n\n<p class=\"wp-block-paragraph\"> Giro 12, e <strong>Cl\u00e9ment Novalak <\/strong>perdeu totalmente o controle do carro ao contornar a curva e acertou em cheio a lateral do carro de <strong>Ralph Boschung<\/strong>. O incidente rendeu o safety-car virtual, apenas, mas foi providencial para abrir a janela que Pourchaire precisava para ganhar o quarto lugar de Bearman. O brit\u00e2nico ainda chiou, alegando que teria sido ultrapassado sob bandeira amarela, fato que n\u00e3o aconteceu.<\/p>\n\n\n\n<p class=\"wp-block-paragraph\">16 voltas completadas, Hauger j\u00e1 abria 2s4 sobre Iwasa, seguro na lideran\u00e7a. Enquanto isso, o trem do DRS permanecia, por\u00e9m Bearman surgia com pouco mais de 1s de dist\u00e2ncia para Pourchaire. J\u00e1 o franc\u00eas, determinado a buscar o p\u00f3dio, ensaiou um ataque para cima de Maini, por\u00e9m passou por cima de zebra al\u00e9m da conta e quase p\u00f4s tudo a perder.<\/p>\n\n\n\n<p class=\"wp-block-paragraph\">Quem conseguia efetuar a ultrapassagem era Vesti sobre <a href=\"https:\/\/www.grandepremio.com\/br\/f2\/noticias\/jack-doohan-desencanta-conquista-pole-corrida-2-f2-hungria-enzo-fittipaldi-11o\/\" class=\"ek-link\">o pole-position da corrida principal, Jack Doohan<\/a>, em briga que valeu o nono lugar, num belo mergulho por dentro ao final da reta principal, na curva 1. O australiano chegou a sair da pista, mas n\u00e3o perdeu posi\u00e7\u00e3o para Fittipaldi, que vinha atr\u00e1s em 11\u00ba.<\/p>\n\n\n\n<p class=\"wp-block-paragraph\">O pneus, ent\u00e3o, come\u00e7aram a roubar a cena, sobretudo no carro de Kush Maini, que perdeu posi\u00e7\u00e3o tamb\u00e9m para o compatriota Daruvala e quase para Martins, mas conseguiu se defender do franc\u00eas da ART at\u00e9 a bandeirada. Bearman, por sua vez, deu o troco sobre Pourchaire na abertura do giro 26, recuperando o p\u00f3dio em bela manobra sobre o rival franc\u00eas.<\/p>\n\n\n\n<p class=\"wp-block-paragraph\"><strong>F\u00f3rmula 2 2023, rodada da Hungria, Hungaroring, corrida sprint:<\/strong><\/p>\n\n\n\n<figure class=\"wp-block-table\"><table><tbody><tr><td>1<\/td><td>D HAUGER<\/td><td>MP<\/td><td>28 voltas<\/td><td>&nbsp;<\/td><\/tr><tr><td>2<\/td><td>A IWASA<\/td><td>DAMS<\/td><td>+4.230<\/td><td>&nbsp;<\/td><\/tr><tr><td>3<\/td><td>O BEARMAN<\/td><td>Prema<\/td><td>+14.196<\/td><td>&nbsp;<\/td><\/tr><tr><td>4<\/td><td>T POURCHAIRE<\/td><td>ART<\/td><td>+16.592<\/td><td>&nbsp;<\/td><\/tr><tr><td>5<\/td><td>J DARUVALA<\/td><td>MP<\/td><td>+20.760<\/td><td>&nbsp;<\/td><\/tr><tr><td>6<\/td><td>K MAINI<\/td><td>Campos<\/td><td>+24.054<\/td><td>&nbsp;<\/td><\/tr><tr><td>7<\/td><td>V MARTINS<\/td><td>ART<\/td><td>+24.388<\/td><td>&nbsp;<\/td><\/tr><tr><td>8<\/td><td>I HADJAR<\/td><td>Hitech<\/td><td>+24.660<\/td><td>&nbsp;<\/td><\/tr><tr><td>9<\/td><td>F VESTI<\/td><td>Prema<\/td><td>+25.316<\/td><td>&nbsp;<\/td><\/tr><tr><td>10<\/td><td>J DOOHAN<\/td><td>Virtuosi<\/td><td>+25.714<\/td><td>&nbsp;<\/td><\/tr><tr><td>11<\/td><td>E FITTIPALDI<\/td><td>Carlin<\/td><td>+26.060<\/td><td>&nbsp;<\/td><\/tr><tr><td>12<\/td><td>Z MALONEY<\/td><td>Carlin<\/td><td>+26.592<\/td><td>&nbsp;<\/td><\/tr><tr><td>13<\/td><td>R VERSCHOOR<\/td><td>Van Amersfoort<\/td><td>+26.840<\/td><td>&nbsp;<\/td><\/tr><tr><td>14<\/td><td>J CRAWFORD<\/td><td>Hitech<\/td><td>+27.122<\/td><td>&nbsp;<\/td><\/tr><tr><td>15<\/td><td>A LECLERC<\/td><td>DAMS<\/td><td>+27.486<\/td><td>&nbsp;<\/td><\/tr><tr><td>16<\/td><td>R STANEK<\/td><td>Trident<\/td><td>+28.035<\/td><td>&nbsp;<\/td><\/tr><tr><td>17<\/td><td>R NISSANY<\/td><td>PHM<\/td><td>+32.986<\/td><td>&nbsp;<\/td><\/tr><tr><td>18<\/td><td>B BENAVIDES<\/td><td>PHM<\/td><td>+37.389<\/td><td>&nbsp;<\/td><\/tr><tr><td>19<\/td><td>A CORDEEL<\/td><td>Virtuosi<\/td><td>+38.013<\/td><td>&nbsp;<\/td><\/tr><tr><td>20<\/td><td>J CORREA<\/td><td>Van Amersfoort<\/td><td>+1 volta<\/td><td>&nbsp;<\/td><\/tr><tr><td>&nbsp;<\/td><td>R BOSCHUNG<\/td><td>Campos<\/td><td>NC<\/td><td>&nbsp;<\/td><\/tr><tr><td>&nbsp;<\/td><td>C NOVALAK<\/td><td>Trident<\/td><td>NC<\/td><td>&nbsp;<\/td><\/tr><\/tbody><\/table><\/figure>\n","protected":false},"excerpt":{"rendered":"<p>Dennis Hauger se valeu da \u00f3tima largada, controlou a vantagem sobre Ayumu Iwasa e venceu a corrida sprint da F2 na Hungria. Oliver Bearman completou o p\u00f3dio<\/p>\n","protected":false},"author":0,"featured_media":1000709743,"comment_status":"closed","ping_status":"closed","sticky":false,"template":"","format":"standard","meta":{"42wp_featured_image_caption":"","42wp_featured_image_credits":"","42wp_featured_video":"","42wp_featured_image_hidden":false,"42wp_authors_list":[],"footnotes":""},"categories":[9],"tags":[30624,6086,33170,3158,30246,25741,5921,1581,409,29651,2208,1318,1491,3967,35791,596,2971,107,32107,4606,29923,32749,349,2205,26543,799,31651,25479,2204,33975,486,30312,28107],"42wp_author":[47147],"class_list":["post-100946","post","type-post","status-publish","format-standard","has-post-thumbnail","hentry","category-f2","tag-amaury-cordeel","tag-art","tag-brad-benavides","tag-campos","tag-classificacao-f2","tag-clement-novalak","tag-corrida-sprint","tag-dennis-hauger","tag-enzo-fittipaldi","tag-f2-2022","tag-formula-2","tag-frederik-vesti","tag-grande-premio","tag-hungria","tag-hungria-2023","tag-jack-doohan","tag-jehan-daruvala","tag-juan-manuel-correa","tag-kush-maini","tag-mp","tag-oliver-bearman","tag-phm","tag-prema","tag-ralph-boschung","tag-roman-stanek","tag-roy-nissany","tag-temporada-2022-f2","tag-theo-pourchaire","tag-trident","tag-van-amersfoot","tag-victor-martins","tag-virtuosi","tag-zane-maloney","42wp_author-luana-marino"],"_links":{"self":[{"href":"https:\/\/grandepremio.com\/br\/wp-json\/wp\/v2\/posts\/100946","targetHints":{"allow":["GET"]}}],"collection":[{"href":"https:\/\/grandepremio.com\/br\/wp-json\/wp\/v2\/posts"}],"about":[{"href":"https:\/\/grandepremio.com\/br\/wp-json\/wp\/v2\/types\/post"}],"replies":[{"embeddable":true,"href":"https:\/\/grandepremio.com\/br\/wp-json\/wp\/v2\/comments?post=100946"}],"version-history":[{"count":0,"href":"https:\/\/grandepremio.com\/br\/wp-json\/wp\/v2\/posts\/100946\/revisions"}],"wp:featuredmedia":[{"embeddable":true,"href":"https:\/\/grandepremio.com\/br\/wp-json\/wp\/v2\/media\/1000709743"}],"wp:attachment":[{"href":"https:\/\/grandepremio.com\/br\/wp-json\/wp\/v2\/media?parent=100946"}],"wp:term":[{"taxonomy":"category","embeddable":true,"href":"https:\/\/grandepremio.com\/br\/wp-json\/wp\/v2\/categories?post=100946"},{"taxonomy":"post_tag","embeddable":true,"href":"https:\/\/grandepremio.com\/br\/wp-json\/wp\/v2\/tags?post=100946"},{"taxonomy":"42wp_author","embeddable":true,"href":"https:\/\/grandepremio.com\/br\/wp-json\/wp\/v2\/42wp_author?post=100946"}],"curies":[{"name":"wp","href":"https:\/\/api.w.org\/{rel}","templated":true}]}}