{"id":100977,"date":"2023-07-21T14:51:59","date_gmt":"2023-07-21T17:51:59","guid":{"rendered":"https:\/\/grandepremio.com\/br\/noticias\/kalle-rovanpera-termina-sexta-rali-estonia-lideranca-thierry-neuville-proximo\/"},"modified":"2023-07-21T14:54:51","modified_gmt":"2023-07-21T17:54:51","slug":"kalle-rovanpera-termina-sexta-rali-estonia-lideranca-thierry-neuville-proximo","status":"publish","type":"post","link":"https:\/\/grandepremio.com\/br\/rally\/kalle-rovanpera-termina-sexta-rali-estonia-lideranca-thierry-neuville-proximo\/","title":{"rendered":"Rovanper\u00e4 termina sexta-feira do Rali da Est\u00f4nia na lideran\u00e7a com Neuville pr\u00f3ximo"},"content":{"rendered":"\n<p class=\"wp-block-paragraph\"><strong>Kalle Rovanper\u00e4<\/strong> come\u00e7ou bem o<strong> Rali da Est\u00f4nia<\/strong>, oitava etapa do <strong>WRC<\/strong>. O finland\u00eas, que busca sua terceira vit\u00f3ria consecutiva no pa\u00eds do leste europeu, liderou a competi\u00e7\u00e3o nesta sexta-feira (21) com uma vantagem de 3s sobre <strong>Thierry Neuville<\/strong>.<\/p>\n\n\n\n<p class=\"wp-block-paragraph\">O piloto da <strong>Toyota <\/strong>abriu essa diferen\u00e7a ap\u00f3s vencer as duas primeiras especiais do come\u00e7o da tarde estoniana. Rovanper\u00e4 sobreviveu a um momento tenso no \u00faltimo est\u00e1gio do dia, quando chegou a sair da pista ap\u00f3s um salto, mas ainda assim foi 0s8 mais r\u00e1pido que Neuville no curto trecho de 7,5km.<\/p>\n\n\n\n<p class=\"wp-block-paragraph\">&#8220;Foi o \u00fanico momento tenso do dia, ent\u00e3o n\u00e3o foi ruim no geral&#8221;, disse Rovanper\u00e4. &#8220;Estou um pouco decepcionado por ter perdido muito tempo ao sair da pista, mas n\u00e3o foi t\u00e3o ruim. Tentei pressionar um pouco mais na primeira volta, o que nunca \u00e9 f\u00e1cil. Foi um dia bastante bom&#8221;, acrescentou.<\/p>\n\n\n\n<p class=\"wp-block-paragraph\"><strong>\u25b6\ufe0f&nbsp;Inscreva-se nos dois canais do GRANDE PR\u00caMIO no YouTube:&nbsp;<a href=\"https:\/\/www.youtube.com\/channel\/UC9OlHEgxoaY6QY6nWPoiqQg?sub_confirmation=1\" target=\"_blank\" rel=\"noreferrer noopener\">GP<\/a>&nbsp;|&nbsp;<a href=\"https:\/\/www.youtube.com\/channel\/UC9csiS6q_C3C0FYhyr1rnFA?sub_confirmation=1\" target=\"_blank\" rel=\"noreferrer noopener\">GP2<\/a><\/strong><br><strong>\u25b6\ufe0f&nbsp;<a href=\"https:\/\/www.twitch.tv\/grandepremio\" target=\"_blank\" rel=\"noreferrer noopener\">Conhe\u00e7a o canal do GRANDE PR\u00caMIO na Twitch clicando aqui!<\/a><\/strong><\/p>\n\n\n\n<p class=\"wp-block-paragraph\">J\u00e1 Neuville, da <strong>Hyundai<\/strong>, quinto na classifica\u00e7\u00e3o do Mundial, estava muito satisfeito com seu desempenho ao longo do dia. &#8220;Estamos felizes pelo nosso ritmo, isso \u00e9 o mais importante para n\u00f3s. E tamb\u00e9m estamos com uma boa sensa\u00e7\u00e3o no carro, ent\u00e3o esses foram os pontos positivos de hoje. Devemos ter uma boa posi\u00e7\u00e3o na estrada, ent\u00e3o estou ansioso pela batalha com os outros\u201d, afirmou o belga.<\/p>\n\n\n\n<figure class=\"wp-block-image size-large\"><img decoding=\"async\" src=\"https:\/\/www.grandepremio.com\/br\/wp-content\/uploads\/2023\/07\/210723_AT-Thierry-Neuville_Estonia_01_6c7f0_frz_1400x788-1024x576.jpeg\" alt=\"\" class=\"wp-image-709395\"\/><figcaption class=\"wp-element-caption\">Neuville liderou durante toda a manh\u00e3 na Est\u00f4nia (Foto: WRC)<\/figcaption><\/figure>\n\n\n\n<p class=\"wp-block-paragraph\">Com 9s2 de dist\u00e2ncia para seu companheiro de equipe, <strong>Esapekka Lappi<\/strong> fechou o dia em terceiro lugar e ter\u00e1 uma dura disputa com <strong>Elfyn Evans<\/strong>, da Toyota, nas pr\u00f3ximas especiais, que est\u00e1 apenas 1s9 atr\u00e1s do <strong>#4<\/strong>. Lappi teve problemas na parte da manh\u00e3 ao perder a fun\u00e7\u00e3o h\u00edbrida em sua primeira etapa, mas conseguiu se manter pr\u00f3ximo e depois ultrapassar o brit\u00e2nico durante as etapas realizadas \u00e0 tarde.<\/p>\n\n\n\n<p class=\"wp-block-paragraph\">O outro Hyundai na prova, guiado por <strong>Teemu Suninen<\/strong>, manteve a quinta posi\u00e7\u00e3o ao longo do dia, fechando quase 20s atr\u00e1s de Evans, mas com 15s de vantagem sobre <strong>Pierre-Louis Loubet<\/strong>, o sexto colocado, que conseguiu aumentar seu ritmo durante a tarde para se distanciar ainda mais do terceiro piloto da Toyota, <strong>Takamoto Katsuta<\/strong>.<\/p>\n\n\n\n<p class=\"wp-block-paragraph\">O companheiro de equipe de Loubet, o piloto da casa <strong>Ott T\u00e4nak<\/strong>, conquistou cinco vit\u00f3rias nos sete est\u00e1gios percorridos nesta sexta, ap\u00f3s tamb\u00e9m ter vencido na noite de quinta-feira. Mas uma puni\u00e7\u00e3o por troca de motor o deixou quase cinco minutos atr\u00e1s de Rovanper\u00e4, na 11\u00aa posi\u00e7\u00e3o geral. N\u00e3o fosse a san\u00e7\u00e3o, o estoniano lideraria com uma vantagem de 13s.<\/p>\n\n\n\n<p class=\"wp-block-paragraph\">&#8220;Obviamente, se voc\u00ea n\u00e3o est\u00e1 lutando pela vit\u00f3ria no rally, fica complicado&#8221;, admitiu T\u00e4nak. &#8220;Foi dif\u00edcil, digamos, o in\u00edcio do dia, e meu humor n\u00e3o estava dos melhores. Mas aos poucos, estou me acostumando, ent\u00e3o n\u00e3o est\u00e1 t\u00e3o ruim no momento. O apoio \u00e9 enorme, e \u00e9 por isso que continuamos pressionando.&#8221;<\/p>\n\n\n\n<p class=\"wp-block-paragraph\"><strong>Andreas Mikkelsen<\/strong>, com um <strong>Skoda<\/strong>, liderou a categoria WRC2, seguido pelo seu companheiro de equipe <strong>Sami Pajari<\/strong> que ficou a 10s9 de dist\u00e2ncia. <strong>Emil Lindholm<\/strong>, da Hyundai, completou em terceiro com 41s8 de diferen\u00e7a ap\u00f3s sofrer um problema intermitente na dire\u00e7\u00e3o hidr\u00e1ulica.<\/p>\n\n\n\n<p class=\"wp-block-paragraph\">O Rali da Est\u00f4nia continua no s\u00e1bado com o nono est\u00e1gio come\u00e7ando \u00e0s 2h (de Bras\u00edlia, GMT-3).<\/p>\n","protected":false},"excerpt":{"rendered":"<p>Kalle Rovanper\u00e4 come\u00e7ou a buscar sua terceira vit\u00f3ria consecutiva na Est\u00f4nia liderando a sexta-feira, mas Thierry Neuville est\u00e1 pr\u00f3ximo do finland\u00eas<\/p>\n","protected":false},"author":0,"featured_media":1000709389,"comment_status":"closed","ping_status":"closed","sticky":false,"template":"","format":"standard","meta":{"42wp_featured_image_caption":"","42wp_featured_image_credits":"","42wp_featured_video":"","42wp_featured_image_hidden":false,"42wp_authors_list":[],"footnotes":""},"categories":[5],"tags":[219,1491,28597,33507],"42wp_author":[47157],"class_list":["post-100977","post","type-post","status-publish","format-standard","has-post-thumbnail","hentry","category-rally","tag-grande-prmio","tag-grande-premio","tag-kalle-rovanpera-2","tag-wrc-2023","42wp_author-jonas-souza"],"_links":{"self":[{"href":"https:\/\/grandepremio.com\/br\/wp-json\/wp\/v2\/posts\/100977","targetHints":{"allow":["GET"]}}],"collection":[{"href":"https:\/\/grandepremio.com\/br\/wp-json\/wp\/v2\/posts"}],"about":[{"href":"https:\/\/grandepremio.com\/br\/wp-json\/wp\/v2\/types\/post"}],"replies":[{"embeddable":true,"href":"https:\/\/grandepremio.com\/br\/wp-json\/wp\/v2\/comments?post=100977"}],"version-history":[{"count":0,"href":"https:\/\/grandepremio.com\/br\/wp-json\/wp\/v2\/posts\/100977\/revisions"}],"wp:featuredmedia":[{"embeddable":true,"href":"https:\/\/grandepremio.com\/br\/wp-json\/wp\/v2\/media\/1000709389"}],"wp:attachment":[{"href":"https:\/\/grandepremio.com\/br\/wp-json\/wp\/v2\/media?parent=100977"}],"wp:term":[{"taxonomy":"category","embeddable":true,"href":"https:\/\/grandepremio.com\/br\/wp-json\/wp\/v2\/categories?post=100977"},{"taxonomy":"post_tag","embeddable":true,"href":"https:\/\/grandepremio.com\/br\/wp-json\/wp\/v2\/tags?post=100977"},{"taxonomy":"42wp_author","embeddable":true,"href":"https:\/\/grandepremio.com\/br\/wp-json\/wp\/v2\/42wp_author?post=100977"}],"curies":[{"name":"wp","href":"https:\/\/api.w.org\/{rel}","templated":true}]}}