{"id":100978,"date":"2023-07-21T14:39:53","date_gmt":"2023-07-21T17:39:53","guid":{"rendered":"https:\/\/grandepremio.com\/br\/noticias\/sergio-perez-lamenta-acidente-tl1-gp-hungria-erro-meu\/"},"modified":"2023-07-21T15:21:38","modified_gmt":"2023-07-21T18:21:38","slug":"sergio-perez-lamenta-acidente-tl1-gp-hungria-erro-meu","status":"publish","type":"post","link":"https:\/\/grandepremio.com\/br\/f1\/sergio-perez-lamenta-acidente-tl1-gp-hungria-erro-meu\/","title":{"rendered":"P\u00e9rez lamenta acidente no TL1 do GP da Hungria e assume: &#8220;Erro meu&#8221;"},"content":{"rendered":"\n<p class=\"wp-block-paragraph\"><strong>Sergio P\u00e9rez<\/strong> voltou a ter problemas com o <strong>RB19<\/strong> durante os treinos livres do <strong>GP da Hungria<\/strong>, realizados na manh\u00e3 desta sexta-feira (21). Depois de dizer que <a href=\"https:\/\/www.grandepremio.com\/br\/f1\/noticias\/sergio-perez-confessa-perdeu-confianca-apos-batida-monaco-momento-dificil\/\" class=\"ek-link\">perdeu a confian\u00e7a no carro da Red Bull<\/a>, o #11 beliscou a grama nos minutos iniciais do <strong>TL1<\/strong> e acabou abandonando a sess\u00e3o de forma precoce <a href=\"https:\/\/www.grandepremio.com\/br\/f1\/noticias\/sergio-perez-perde-controle-curva-5-bate-barreira-pneus-tl1-hungria\/\" class=\"ek-link\">ap\u00f3s bater no muro<\/a>. Ap\u00f3s ficar num <a href=\"https:\/\/www.grandepremio.com\/br\/f1\/noticias\/charles-leclerc-poe-ferrari-bolo-lidera-tl2-gp-da-hungria-formula-1-max-verstappen-11\/\" class=\"ek-link\">modest\u00edssimo 18\u00ba lugar<\/a> no <strong>TL2<\/strong>, o mexicano admitiu o erro cometido mais cedo.<\/p>\n\n\n\n<p class=\"wp-block-paragraph\">O incidente, que deixou a frente do carro consideravelmente danificada, quase impediu que \u2018Checo\u2019 participasse da segunda sess\u00e3o de testes. Os mec\u00e2nicos, no entanto, trabalharam de forma eficiente e o mexicano teve tempo de ir para a pista.<\/p>\n\n\n\n<p class=\"wp-block-paragraph\"><strong>\u25b6\ufe0f&nbsp;Inscreva-se nos dois canais do GRANDE PR\u00caMIO no YouTube:&nbsp;<a href=\"https:\/\/www.youtube.com\/channel\/UC9OlHEgxoaY6QY6nWPoiqQg?sub_confirmation=1\" target=\"_blank\" rel=\"noreferrer noopener\">GP<\/a>&nbsp;|&nbsp;<a href=\"https:\/\/www.youtube.com\/channel\/UC9csiS6q_C3C0FYhyr1rnFA?sub_confirmation=1\" target=\"_blank\" rel=\"noreferrer noopener\">GP2<\/a><\/strong><br><strong>\u25b6\ufe0f&nbsp;<a href=\"https:\/\/www.twitch.tv\/grandepremio\" target=\"_blank\" rel=\"noreferrer noopener\">Conhe\u00e7a o canal do GRANDE PR\u00caMIO na Twitch clicando aqui!<\/a><\/strong><\/p>\n\n\n\n<p class=\"wp-block-paragraph\">\u201cFoi um erro meu. Mas os mec\u00e2nicos fizeram um tremendo trabalho para deixar o carro no jeito para conseguirmos participar do TL2. Conseguimos alguns bons dados para analisar para amanh\u00e3\u201d, agradeceu P\u00e9rez.<\/p>\n\n\n\n<figure class=\"wp-block-video\"><video class=\"video-js vjs-big-play-centered\" data-gp-vjs=\"1\" controls poster=\"https:\/\/www.grandepremio.com\/br\/wp-content\/uploads\/2023\/07\/Perez-batida-TL1-Hungria-completo-poster.jpeg\" src=\"https:\/\/www.grandepremio.com\/br\/wp-content\/uploads\/2023\/07\/Perez-batida-TL1-Hungria-completo.mp4\"><\/video><figcaption class=\"wp-element-caption\">Sergio P\u00e9rez erra no in\u00edcio do TL1 da Hungria (V\u00eddeo: Reprodu\u00e7\u00e3o\/F1 TV\/DAZN)<\/figcaption><\/figure>\n\n\n\n<p class=\"wp-block-paragraph\">A <strong>F\u00f3rmula 1<\/strong> vai experimentar um novo formato de classifica\u00e7\u00e3o durante o GP da Hungria, que consiste no uso dos pneus duros no Q1, m\u00e9dios no Q2 e macios no Q3. Por isso, P\u00e9rez afirmou que ainda n\u00e3o \u00e9 poss\u00edvel saber o verdadeiro potencial das <a href=\"https:\/\/www.grandepremio.com\/br\/f1\/noticias\/red-bull-redesenha-entrada-de-ar-e-promove-atualizacao-dos-sidepods-do-rb19-na-hungria\/\" class=\"ek-link\">atualiza\u00e7\u00f5es da Red Bull<\/a>, uma vez que o foco est\u00e1 em entender o rendimento do carro com todos os compostos.<\/p>\n\n\n\n<p class=\"wp-block-paragraph\">\u201cCom o novo formato do uso de pneus para esse fim de semana, \u00e9 importante termos um bom ritmo com todos os compostos porque durante a classifica\u00e7\u00e3o vamos ser obrigados a utilizar todos eles. Mas acho que coletamos boas informa\u00e7\u00f5es\u201d, seguiu. Ainda \u00e9 muito cedo para dizer o qu\u00e3o boa \u00e9 a atualiza\u00e7\u00e3o por causa do formato deste fim de semana. Acho que teremos uma no\u00e7\u00e3o melhor amanh\u00e3\u201d, finalizou \u2018Checo\u2019.<\/p>\n\n\n\n<p class=\"wp-block-paragraph\">O\u00a0<strong>GRANDE PR\u00caMIO<\/strong>\u00a0acompanha\u00a0<strong><a href=\"https:\/\/www.grandepremio.com\/br\/ao-vivo\/f1\/\" target=\"_blank\" rel=\"noreferrer noopener\">AO VIVO e EM\u00a0<\/a><a href=\"https:\/\/www.grandepremio.com\/br\/ao-vivo\/\" target=\"_blank\" rel=\"noreferrer noopener\">TEMPO REAL<\/a><\/strong>\u00a0todas as atividades do GP da Hungria de\u00a0<a href=\"https:\/\/www.grandepremio.com\/formula-1\/\" target=\"_blank\" rel=\"noreferrer noopener\" class=\"ek-link\">F\u00f3rmula 1. No s\u00e1bado, o TL3 est\u00e1 marcado para as 7h30, seguido pela classifica\u00e7\u00e3o, marcada para as 11h. A largada fica para as 10h do domingo.<\/a><\/p>\n\n\n\n<figure class=\"wp-block-embed is-type-video is-provider-youtube wp-block-embed-youtube wp-embed-aspect-16-9 wp-has-aspect-ratio\"><div class=\"wp-block-embed__wrapper\">\n<iframe loading=\"lazy\" title=\"F1 2023: P\u00e9rez BATE DE NOVO, Leclerc LIDERA os treinos na HUNGRIA | Briefing\" width=\"500\" height=\"281\" src=\"https:\/\/www.youtube.com\/embed\/oRnP7SoA3Sc?feature=oembed\" frameborder=\"0\" allow=\"accelerometer; autoplay; clipboard-write; encrypted-media; gyroscope; picture-in-picture; web-share\" referrerpolicy=\"strict-origin-when-cross-origin\" allowfullscreen><\/iframe>\n<\/div><\/figure>\n","protected":false},"excerpt":{"rendered":"<p>Sergio P\u00e9rez come\u00e7ou o fim de semana do GP da Hungria com o p\u00e9 esquerdo ap\u00f3s estampar o carro no muro e ficar de fora do TL1 ainda nos minutos iniciais<\/p>\n","protected":false},"author":0,"featured_media":1000706688,"comment_status":"closed","ping_status":"closed","sticky":false,"template":"","format":"standard","meta":{"42wp_featured_image_caption":"","42wp_featured_image_credits":"","42wp_featured_video":"","42wp_featured_image_hidden":false,"42wp_authors_list":[],"footnotes":""},"categories":[2],"tags":[147,180,1491,28285,27382,28012,33169,204,3132],"42wp_author":[47149],"class_list":["post-100978","post","type-post","status-publish","format-standard","has-post-thumbnail","hentry","category-f1","tag-f1","tag-formula-1","tag-grande-premio","tag-grandepremio","tag-perez","tag-perez-na-red-bull","tag-rb19","tag-red-bull","tag-sergio-perez","42wp_author-bernardo-castro"],"_links":{"self":[{"href":"https:\/\/grandepremio.com\/br\/wp-json\/wp\/v2\/posts\/100978","targetHints":{"allow":["GET"]}}],"collection":[{"href":"https:\/\/grandepremio.com\/br\/wp-json\/wp\/v2\/posts"}],"about":[{"href":"https:\/\/grandepremio.com\/br\/wp-json\/wp\/v2\/types\/post"}],"replies":[{"embeddable":true,"href":"https:\/\/grandepremio.com\/br\/wp-json\/wp\/v2\/comments?post=100978"}],"version-history":[{"count":0,"href":"https:\/\/grandepremio.com\/br\/wp-json\/wp\/v2\/posts\/100978\/revisions"}],"wp:featuredmedia":[{"embeddable":true,"href":"https:\/\/grandepremio.com\/br\/wp-json\/wp\/v2\/media\/1000706688"}],"wp:attachment":[{"href":"https:\/\/grandepremio.com\/br\/wp-json\/wp\/v2\/media?parent=100978"}],"wp:term":[{"taxonomy":"category","embeddable":true,"href":"https:\/\/grandepremio.com\/br\/wp-json\/wp\/v2\/categories?post=100978"},{"taxonomy":"post_tag","embeddable":true,"href":"https:\/\/grandepremio.com\/br\/wp-json\/wp\/v2\/tags?post=100978"},{"taxonomy":"42wp_author","embeddable":true,"href":"https:\/\/grandepremio.com\/br\/wp-json\/wp\/v2\/42wp_author?post=100978"}],"curies":[{"name":"wp","href":"https:\/\/api.w.org\/{rel}","templated":true}]}}