{"id":100981,"date":"2023-07-21T13:02:35","date_gmt":"2023-07-21T16:02:35","guid":{"rendered":"https:\/\/grandepremio.com\/br\/noticias\/charles-leclerc-poe-ferrari-bolo-lidera-tl2-gp-da-hungria-formula-1-max-verstappen-11\/"},"modified":"2023-07-21T13:19:02","modified_gmt":"2023-07-21T16:19:02","slug":"charles-leclerc-poe-ferrari-bolo-lidera-tl2-gp-da-hungria-formula-1-max-verstappen-11","status":"publish","type":"post","link":"https:\/\/grandepremio.com\/br\/f1\/charles-leclerc-poe-ferrari-bolo-lidera-tl2-gp-da-hungria-formula-1-max-verstappen-11\/","title":{"rendered":"Leclerc p\u00f5e Ferrari no bolo e lidera TL2 do GP da Hungria de F1. Verstappen \u00e9 11\u00ba"},"content":{"rendered":"\n<p class=\"wp-block-paragraph\">O <strong>segundo treino livre<\/strong> para o <strong>GP da Hungria<\/strong> de <strong><a href=\"https:\/\/www.grandepremio.com\/br\/f1\/\" class=\"ek-link\">F\u00f3rmula 1<\/a><\/strong>, realizado no come\u00e7o da tarde desta sexta-feira (21), ofereceu pista seca na maior parte do tempo, diferente do que tinha acontecido pela manh\u00e3. E deu a chance de testes mais efetivo e da soma de mais quilometragem por parte de pilotos e equipes. Dentro dessa realidade, quem aproveitou melhor o quesito tempo de volta foi <strong>Charles Leclerc<\/strong>, que terminou com a lideran\u00e7a.<\/p>\n\n\n\n<p class=\"wp-block-paragraph\"><strong>\u25b6\ufe0f\u00a0Inscreva-se nos dois canais do GRANDE PR\u00caMIO no YouTube:\u00a0<a href=\"https:\/\/www.youtube.com\/channel\/UC9OlHEgxoaY6QY6nWPoiqQg?sub_confirmation=1\" target=\"_blank\" rel=\"noreferrer noopener\">GP<\/a>\u00a0|\u00a0<a href=\"https:\/\/www.youtube.com\/channel\/UC9csiS6q_C3C0FYhyr1rnFA?sub_confirmation=1\" target=\"_blank\" rel=\"noreferrer noopener\">GP2<\/a><\/strong><br><strong>\u25b6\ufe0f\u00a0<a href=\"https:\/\/www.twitch.tv\/grandepremio\" target=\"_blank\" rel=\"noreferrer noopener\">Conhe\u00e7a o canal do GRANDE PR\u00caMIO na Twitch clicando aqui!<\/a><\/strong><\/p>\n\n\n\n<p class=\"wp-block-paragraph\">Leclerc anotou 1min17s686, registrado com menos de 20 minutos para o fim da atividade, na primeira volta r\u00e1pida que deu com os pneus macios \u2014 que, nesta semana, s\u00e3o os C5, mais macios de toda a gama da Pirelli para a temporada. O suficiente para lan\u00e7ar a <strong>Ferrari<\/strong> como capaz de desafiar ao menos em ritmo de classifica\u00e7\u00e3o. Tanto Leclerc quanto <strong>Carlos Sainz<\/strong> n\u00e3o deram tantas voltas em compara\u00e7\u00e3o com outras equipes.<\/p>\n\n\n\n<p class=\"wp-block-paragraph\">Tentar entender a ordem de for\u00e7as da F1 na Hungria ainda \u00e9 viver envolto em certo grau de n\u00e9voa. Atr\u00e1s de Leclerc, <strong>Lando Norris<\/strong>, numa <strong>McLaren<\/strong> que disse para Deus e o mundo que n\u00e3o vai render em Hungaroring. Mas Norris ficou somente 0s015 atr\u00e1s. <strong>Pierre Gasly e Yuki Tsunoda<\/strong>, com <strong>Alpine e AlphaTauri<\/strong>, vieram em seguida.<\/p>\n\n\n\n<p class=\"wp-block-paragraph\">O top-10 ainda foi conclu\u00eddo com <strong>Esteban Ocon, Nico H\u00fclkenberg, Valtteri Bottas, Fernando Alonso, Guanyu Zhou e Sainz<\/strong>. <strong>Max Verstappen<\/strong> foi somente 11\u00ba colocado e fez acender a luz amarela de aten\u00e7\u00e3o para o novo sidepod e outras mudan\u00e7as que os taurinos fizeram para a Hungria.<strong> Sergio P\u00e9rez<\/strong> foi somente 18\u00ba \u2014 A <strong>Mercedes<\/strong>, ali\u00e1s, tamb\u00e9m sequer se aproximou.<\/p>\n\n\n\n<p class=\"wp-block-paragraph\">O\u00a0<strong>GRANDE PR\u00caMIO<\/strong>\u00a0acompanha\u00a0<strong><a href=\"https:\/\/www.grandepremio.com\/br\/ao-vivo\/f1\/\">AO VIVO e EM\u00a0<\/a><a href=\"https:\/\/www.grandepremio.com\/br\/ao-vivo\/\" target=\"_blank\" rel=\"noreferrer noopener\">TEMPO REAL<\/a><\/strong>\u00a0todas as atividades do GP da Hungria de\u00a0<a href=\"https:\/\/www.grandepremio.com\/formula-1\/\" target=\"_blank\" rel=\"noreferrer noopener\">F\u00f3rmula 1<\/a>. No s\u00e1bado, o TL3 est\u00e1 marcado para as 7h30 (de Bras\u00edlia, GMT-3), seguido pela classifica\u00e7\u00e3o, marcada para as 11h. A largada fica para as 10h do domingo.<\/p>\n\n\n\n<figure class=\"wp-block-image size-large\"><img decoding=\"async\" src=\"https:\/\/www.grandepremio.com\/br\/wp-content\/uploads\/2023\/07\/f1-2023-hungria-treinoslivres-ferrari-charlesleclerc-03-1024x682.jpg\" alt=\"\" class=\"wp-image-709338\"\/><figcaption class=\"wp-element-caption\">Charles Leclerc foi o mais r\u00e1pido do dia na Hungria (Foto: Ferrari)<\/figcaption><\/figure>\n\n\n\n<p class=\"wp-block-paragraph\"><strong>Confira como foi o TL2:<\/strong><\/p>\n\n\n\n<p class=\"wp-block-paragraph\">Nada de chuva! Ap\u00f3s um primeiro treino livre bastante molhado para a F\u00f3rmula 1 abrir os trabalhos em Hungaroring, a segunda sess\u00e3o vinha sem chuva aparente nos arredores da pista ap\u00f3s as defini\u00e7\u00f5es de grid de F3 e F2 secarem a pista no intervalo. A temperatura ambiente era de 23\u00b0C, com o asfalto batendo 33\u00b0C.<\/p>\n\n\n\n<p class=\"wp-block-paragraph\">E dava para esperar um treino com bastante movimentos na pista, uma vez que as condi\u00e7\u00f5es acabaram tirando quilometragem de todos os pilotos. Especialmente para Sergio P\u00e9rez e Carlos Sainz, que bateram e causaram bandeira vermelha. O acidente sobretudo de P\u00e9rez foi forte, mas estava tudo pronto na Red Bull para colocar o carro #11 na pista.<\/p>\n\n\n\n<p class=\"wp-block-paragraph\">Com bandeira verde, uma fila de carros j\u00e1 abria os trabalhos e n\u00e3o apenas para voltas de instala\u00e7\u00e3o: os dois pilotos da Williams, j\u00e1 de pneus macios, cravaram volta r\u00e1pida. Como no TL1, Logan Sargeant na frente de Alexander Albon. A gama de pilotos oferecida pela Pirelli para o fim de semana, \u00e9 bom lembrar, \u00e9 a mais macia poss\u00edvel: C3, C4 e C5.<\/p>\n\n\n\n<p class=\"wp-block-paragraph\">Dentre os v\u00e1rios carros que logo foram ao tra\u00e7ado, n\u00e3o estavam Max Verstappen, Lewis Hamilton ou ambas as Ferrari, nos primeiros dez minutos.<\/p>\n\n\n\n<p class=\"wp-block-paragraph\">Mais gente dava voltas velozes, entretanto, como Lando Norris. O ingl\u00eas, por\u00e9m, tinha outras preocupa\u00e7\u00f5es e avisou que o carro pulava muito nas ondula\u00e7\u00f5es da pista h\u00fangara. De qualquer forma, somente a Williams andava de pneus macios e, assim, Albon e Sargeant trocavam voltas mais r\u00e1pidas.<\/p>\n\n\n\n<p class=\"wp-block-paragraph\">Era Sargeant, com 1min18s836, na frente quando Verstappen e P\u00e9rez apareceram de pneus macios para a Red Bull. Inicialmente, Max fez o segundo tempo, mas quem passou mesmo, novamente, foi Albon. Isso at\u00e9 que mais gente, com cerca de 30 minutos pela frente, come\u00e7ou a colocar mais pneus macios.<\/p>\n\n\n\n<figure class=\"wp-block-image size-large\"><img decoding=\"async\" src=\"https:\/\/www.grandepremio.com\/br\/wp-content\/uploads\/2023\/07\/f1-2023-hungria-treinoslivres-redbull-sergioperez-03-1-1024x683.jpg\" alt=\"\" class=\"wp-image-709319\"\/><figcaption class=\"wp-element-caption\">Sergio P\u00e9rez n\u00e3o bateu no TL2, mas resultado ainda preocupa (Foto: Red Bull Content Pool)<\/figcaption><\/figure>\n\n\n\n<p class=\"wp-block-paragraph\">A partir desse ponto, as melhoras nos tempos de volta se multiplicaram. Nico H\u00fclkenberg assumiu a dianteira por um instante, at\u00e9 que Yuki Tsunoda foi mais veloz. Em seguida, Pierre Gasly passou o ex-companheiro. A\u00ed, Norris, com 1min17s701.<\/p>\n\n\n\n<p class=\"wp-block-paragraph\">Com 25 minutos pela frente, ap\u00f3s a chuva de voltas velozes, Norris liderava com Gasly logo atr\u00e1s. Tsunoda, Esteban Ocon, H\u00fclkenberg, Valtteri Bottas, Fernando Alonso, Guanyu Zhou, Verstappen e Lance Stroll fechavam o top-10.<\/p>\n\n\n\n<p class=\"wp-block-paragraph\">P\u00e9rez surgia somente na 16\u00aa posi\u00e7\u00e3o, o mais lento entre os que haviam registrado tempo com pneus macios. E ainda travava os pneus para provavelmente estragar um jogo. As Ferrari s\u00f3 ent\u00e3o partiam para os testes com pneus de faixa vermelha. Na primeira oportunidade, Charles Leclerc foi para 1min17s686 e tomou a ponteira.<\/p>\n\n\n\n<p class=\"wp-block-paragraph\">A disparada por voltas velozes diminuiu bastante nos minutos seguintes. A informa\u00e7\u00e3o vinda da McLaren era que Oscar Piastri, segundo colocado no treino da manh\u00e3, tinha um dano no assoalho e estava parado nos boxes.<\/p>\n\n\n\n<p class=\"wp-block-paragraph\">L\u00edder do treino, Leclerc passou por um susto enquanto sa\u00eda da garagem. Foi liberado pela Ferrari e precisou catar no freio metros depois, quando se deparou com Ocon saindo da garagem da Alpine. Do tipo de incidente que rende multa.<\/p>\n\n\n\n<p class=\"wp-block-paragraph\">Sem muita novidade do ponto de vista de informa\u00e7\u00f5es vis\u00edveis a olho nu, o que era poss\u00edvel tirar da bastante quilometragem acumulada no fim do TL2? Por exemplo, que a Mercedes, conforme avisou, trabalhou somente em simula\u00e7\u00f5es de corrida. Mesmo assim, \u00e9 para olhar com cautela o fato de Hamilton ficar com a 16\u00ba coloca\u00e7\u00e3o, enquanto George Russell foi o \u00faltimo. <\/p>\n\n\n\n<p class=\"wp-block-paragraph\">E Daniel Ricciardo? Reestreando no grid da F1 e finalmente tocando o carro da AlphaTauri, conseguiu emplacar um 14\u00ba lugar: 0s699 atr\u00e1s de Leclerc e cerca de 0s450 mais lento que o companheiro de equipe Tsunoda. Mas competitivo. Era apenas isso, por\u00e9m. Charles liderou realmente para a Ferrari, com Verstappen na 11\u00ba posi\u00e7\u00e3o.<\/p>\n\n\n\n<p class=\"wp-block-paragraph\"><strong>F1 2023, GP da Hungria, Hungaroring, TL2: <\/strong><\/p>\n\n\n\n<figure class=\"wp-block-table\"><table><tbody><tr><td>1<\/td><td>C LECLERC<\/td><td>Ferrari<\/td><td>1:17.686<\/td><td>&nbsp;<\/td><td>20<\/td><\/tr><tr><td>2<\/td><td>L NORRIS<\/td><td>McLaren Mercedes<\/td><td>1:17.701<\/td><td>+0.015<\/td><td>30<\/td><\/tr><tr><td>3<\/td><td>P GASLY<\/td><td>Alpine<\/td><td>1:17.918<\/td><td>+0.232<\/td><td>26<\/td><\/tr><tr><td>4<\/td><td>Y TSUNODA<\/td><td>AlphaTauri Honda<\/td><td>1:17.934<\/td><td>+0.248<\/td><td>31<\/td><\/tr><tr><td>5<\/td><td>E OCON<\/td><td>Alpine<\/td><td>1:18.045<\/td><td>+0.359<\/td><td>30<\/td><\/tr><tr><td>6<\/td><td>N H\u00dcLKENBERG<\/td><td>Haas Ferrari<\/td><td>1:18.058<\/td><td>+0.372<\/td><td>29<\/td><\/tr><tr><td>7<\/td><td>V BOTTAS<\/td><td>Alfa Romeo Ferrari<\/td><td>1:18.085<\/td><td>+0.399<\/td><td>29<\/td><\/tr><tr><td>8<\/td><td>F ALONSO<\/td><td>Aston Martin Mercedes<\/td><td>1:18.105<\/td><td>+0.419<\/td><td>32<\/td><\/tr><tr><td>9<\/td><td>G ZHOU<\/td><td>Alfa Romeo Ferrari<\/td><td>1:18.108<\/td><td>+0.422<\/td><td>31<\/td><\/tr><tr><td>10<\/td><td>C SAINZ<\/td><td>Ferrari<\/td><td>1:18.182<\/td><td>+0.496<\/td><td>20<\/td><\/tr><tr><td>11<\/td><td>M VERSTAPPEN<\/td><td>Red Bull Honda<\/td><td>1:18.279<\/td><td>+0.593<\/td><td>18<\/td><\/tr><tr><td>12<\/td><td>L STROLL<\/td><td>Aston Martin Mercedes<\/td><td>1:18.319<\/td><td>+0.633<\/td><td>33<\/td><\/tr><tr><td>13<\/td><td>A ALBON<\/td><td>Williams Mercedes<\/td><td>1:18.377<\/td><td>+0.691<\/td><td>32<\/td><\/tr><tr><td>14<\/td><td>D RICCIARDO<\/td><td>AlphaTauri Honda<\/td><td>1:18.385<\/td><td>+0.699<\/td><td>30<\/td><\/tr><tr><td>15<\/td><td>K MAGNUSSEN<\/td><td>Haas Ferrari<\/td><td>1:18.504<\/td><td>+0.818<\/td><td>27<\/td><\/tr><tr><td>16<\/td><td>L HAMILTON<\/td><td>Mercedes<\/td><td>1:18.746<\/td><td>+1.060<\/td><td>28<\/td><\/tr><tr><td>17<\/td><td>L SARGEANT<\/td><td>Williams Mercedes<\/td><td>1:18.836<\/td><td>+1.150<\/td><td>30<\/td><\/tr><tr><td>18<\/td><td>S P\u00c9REZ<\/td><td>Red Bull Honda<\/td><td>1:18.978<\/td><td>+1.292<\/td><td>14<\/td><\/tr><tr><td>19<\/td><td>O PIASTRI<\/td><td>McLaren Mercedes<\/td><td>1:19.117<\/td><td>+1.431<\/td><td>18<\/td><\/tr><tr><td>20<\/td><td>G RUSSELL<\/td><td>Mercedes<\/td><td>1:19.175<\/td><td>+1.489<\/td><td>23<\/td><\/tr><\/tbody><\/table><\/figure>\n\n\n\n<figure class=\"wp-block-embed is-type-video is-provider-youtube wp-block-embed-youtube wp-embed-aspect-16-9 wp-has-aspect-ratio\"><div class=\"wp-block-embed__wrapper\">\n<iframe loading=\"lazy\" title=\"F1 2023: P\u00e9rez BATE DE NOVO, Leclerc LIDERA os treinos na HUNGRIA | Briefing\" width=\"500\" height=\"281\" src=\"https:\/\/www.youtube.com\/embed\/oRnP7SoA3Sc?feature=oembed\" frameborder=\"0\" allow=\"accelerometer; autoplay; clipboard-write; encrypted-media; gyroscope; picture-in-picture; web-share\" referrerpolicy=\"strict-origin-when-cross-origin\" allowfullscreen><\/iframe>\n<\/div><figcaption class=\"wp-element-caption\">\ud83d\udd34AO VIVO! F1 2023: P\u00e9rez BATE DE NOVO, Leclerc LIDERA os treinos na HUNGRIA | Briefing<\/figcaption><\/figure>\n","protected":false},"excerpt":{"rendered":"<p>Charles Leclerc terminou o treino de pista seca da F\u00f3rmula 1 no Hungaroring na frente da competi\u00e7\u00e3o. Importante passo para a Ferrari na sexta-feira (21)<\/p>\n","protected":false},"author":0,"featured_media":1000709326,"comment_status":"closed","ping_status":"closed","sticky":false,"template":"","format":"standard","meta":{"42wp_featured_image_caption":"","42wp_featured_image_credits":"","42wp_featured_video":"","42wp_featured_image_hidden":false,"42wp_authors_list":[],"footnotes":""},"categories":[2],"tags":[1417,457,524,20491,309,546,209,211,302,6533,642,35827,29116,25564,176,207,30722,800,1647,35826,1491,26123,30103,28285,3746,119,117,485,547,87,25553,203,90,82,1521,35129,2916,676,204,3132,612,215,597],"42wp_author":[47120],"class_list":["post-100981","post","type-post","status-publish","format-standard","has-post-thumbnail","hentry","category-f1","tag-alex-albon","tag-alfa-romeo","tag-alphatauri","tag-alpine","tag-aston-martin","tag-carlos-sainz","tag-charles-leclerc","tag-daniel-ricciardo","tag-esteban-ocon","tag-f1-2023","tag-f1-ao-vivo","tag-f1-budapeste","tag-f1-grande-premio","tag-f1-hungria","tag-fernando-alonso","tag-ferrari","tag-formula-1-2023","tag-george-russell","tag-gp-da-hungria","tag-gp-em-hungaroring","tag-grande-premio","tag-grande-premio-ao-vivo","tag-grande-premio-f1","tag-grandepremio","tag-guanyu-zhou","tag-haas","tag-kevin-magnussen","tag-lance-stroll","tag-lando-norris","tag-lewis-hamilton","tag-logan-sargeant","tag-max-verstappen","tag-mclaren","tag-mercedes","tag-nico-hulkenberg","tag-onde-assistir-f1","tag-oscar-piastri","tag-pierre-gasly","tag-red-bull","tag-sergio-perez","tag-valtteri-bottas","tag-williams","tag-yuki-tsunoda","42wp_author-pedro-henrique-marum"],"_links":{"self":[{"href":"https:\/\/grandepremio.com\/br\/wp-json\/wp\/v2\/posts\/100981","targetHints":{"allow":["GET"]}}],"collection":[{"href":"https:\/\/grandepremio.com\/br\/wp-json\/wp\/v2\/posts"}],"about":[{"href":"https:\/\/grandepremio.com\/br\/wp-json\/wp\/v2\/types\/post"}],"replies":[{"embeddable":true,"href":"https:\/\/grandepremio.com\/br\/wp-json\/wp\/v2\/comments?post=100981"}],"version-history":[{"count":0,"href":"https:\/\/grandepremio.com\/br\/wp-json\/wp\/v2\/posts\/100981\/revisions"}],"wp:featuredmedia":[{"embeddable":true,"href":"https:\/\/grandepremio.com\/br\/wp-json\/wp\/v2\/media\/1000709326"}],"wp:attachment":[{"href":"https:\/\/grandepremio.com\/br\/wp-json\/wp\/v2\/media?parent=100981"}],"wp:term":[{"taxonomy":"category","embeddable":true,"href":"https:\/\/grandepremio.com\/br\/wp-json\/wp\/v2\/categories?post=100981"},{"taxonomy":"post_tag","embeddable":true,"href":"https:\/\/grandepremio.com\/br\/wp-json\/wp\/v2\/tags?post=100981"},{"taxonomy":"42wp_author","embeddable":true,"href":"https:\/\/grandepremio.com\/br\/wp-json\/wp\/v2\/42wp_author?post=100981"}],"curies":[{"name":"wp","href":"https:\/\/api.w.org\/{rel}","templated":true}]}}