{"id":100991,"date":"2023-07-21T08:59:55","date_gmt":"2023-07-21T11:59:55","guid":{"rendered":"https:\/\/grandepremio.com\/br\/noticias\/sergio-perez-perde-controle-curva-5-bate-barreira-pneus-tl1-hungria\/"},"modified":"2023-07-21T11:32:39","modified_gmt":"2023-07-21T14:32:39","slug":"sergio-perez-perde-controle-curva-5-bate-barreira-pneus-tl1-hungria","status":"publish","type":"post","link":"https:\/\/grandepremio.com\/br\/f1\/sergio-perez-perde-controle-curva-5-bate-barreira-pneus-tl1-hungria\/","title":{"rendered":"P\u00e9rez perde controle na curva 5 e bate na barreira de pneus no TL1 da Hungria"},"content":{"rendered":"\n<p class=\"wp-block-paragraph\">O TL1 do <strong>GP da Hungria<\/strong> mal come\u00e7ou, e <strong>Sergio P\u00e9rez<\/strong> j\u00e1 fez quest\u00e3o de acionar a primeira bandeira vermelha da sess\u00e3o. Isso porque o mexicano rodou sozinho e foi parar na barreira de pneus. <\/p>\n\n\n\n<p class=\"wp-block-paragraph\">Em tr\u00eas minutos de sess\u00e3o, o piloto do carro #11 estava com os m\u00e9dios e acabou perdendo a traseira na curva 5. Ele estava bem, mas seu RB19 sofreu danos consider\u00e1veis logo no primeiro treino da etapa h\u00fangara. <\/p>\n\n\n\n<p class=\"wp-block-paragraph\"><strong>\u25b6\ufe0f\u00a0Inscreva-se nos dois canais do GRANDE PR\u00caMIO no YouTube:\u00a0<a href=\"https:\/\/www.youtube.com\/channel\/UC9OlHEgxoaY6QY6nWPoiqQg?sub_confirmation=1\" target=\"_blank\" rel=\"noreferrer noopener\">GP<\/a>\u00a0|\u00a0<a href=\"https:\/\/www.youtube.com\/channel\/UC9csiS6q_C3C0FYhyr1rnFA?sub_confirmation=1\" target=\"_blank\" rel=\"noreferrer noopener\">GP2<\/a><\/strong><br><strong>\u25b6\ufe0f\u00a0<a href=\"https:\/\/www.twitch.tv\/grandepremio\" target=\"_blank\" rel=\"noreferrer noopener\">Conhe\u00e7a o canal do GRANDE PR\u00caMIO na Twitch clicando aqui!<\/a><\/strong><\/p>\n\n\n\n<figure class=\"wp-block-video\"><video class=\"video-js vjs-big-play-centered\" data-gp-vjs=\"1\" controls src=\"https:\/\/www.grandepremio.com\/br\/wp-content\/uploads\/2023\/07\/Perez-batida-TL1-Hungria-completo.mp4\"><\/video><figcaption class=\"wp-element-caption\">Sergio P\u00e9rez erra no in\u00edcio do TL1 da Hungria (V\u00eddeo: Reprodu\u00e7\u00e3o\/F1 TV\/DAZN)<\/figcaption><\/figure>\n\n\n\n<p class=\"wp-block-paragraph\">Quando a sess\u00e3o foi reiniciada, a chuva deu as caras e, por isso, os pilotos alguns pilotos j\u00e1 optaram pelos intermedi\u00e1rios. <\/p>\n\n\n\n<p class=\"wp-block-paragraph\">O\u00a0<strong>GRANDE PR\u00caMIO<\/strong>\u00a0acompanha\u00a0<strong><a href=\"https:\/\/www.grandepremio.com\/br\/ao-vivo\/f1\/\" target=\"_blank\" rel=\"noreferrer noopener\">AO VIVO e EM\u00a0<\/a><a href=\"https:\/\/www.grandepremio.com\/br\/ao-vivo\/\" target=\"_blank\" rel=\"noreferrer noopener\">TEMPO REAL<\/a><\/strong>\u00a0todas as atividades do GP da Hungria de\u00a0<a href=\"https:\/\/www.grandepremio.com\/formula-1\/\" target=\"_blank\" rel=\"noreferrer noopener\">F\u00f3rmula 1<\/a>. Logo mais, o TL2 est\u00e1 marcado para as 12h (de Bras\u00edlia, GMT-3). No s\u00e1bado, o TL3 est\u00e1 marcado para as 7h30, seguido pela classifica\u00e7\u00e3o, marcada para as 11h. A largada fica para as 10h do domingo.<\/p>\n","protected":false},"excerpt":{"rendered":"<p>Sergio P\u00e9rez foi quem acionou a primeira bandeira vermelha da sess\u00e3o. Isso porque o mexicano rodou sozinho e foi parar na barreira de pneus<\/p>\n","protected":false},"author":0,"featured_media":1000709109,"comment_status":"closed","ping_status":"closed","sticky":false,"template":"","format":"standard","meta":{"42wp_featured_image_caption":"","42wp_featured_image_credits":"","42wp_featured_video":"","42wp_featured_image_hidden":false,"42wp_authors_list":[],"footnotes":""},"categories":[2],"tags":[147,6533,180,30722,1647,1491,30103,28285,4122,31447],"42wp_author":[47139],"class_list":["post-100991","post","type-post","status-publish","format-standard","has-post-thumbnail","hentry","category-f1","tag-f1","tag-f1-2023","tag-formula-1","tag-formula-1-2023","tag-gp-da-hungria","tag-grande-premio","tag-grande-premio-f1","tag-grandepremio","tag-hungaroring","tag-temporada-2023-f1","42wp_author-ana-cerveira"],"_links":{"self":[{"href":"https:\/\/grandepremio.com\/br\/wp-json\/wp\/v2\/posts\/100991","targetHints":{"allow":["GET"]}}],"collection":[{"href":"https:\/\/grandepremio.com\/br\/wp-json\/wp\/v2\/posts"}],"about":[{"href":"https:\/\/grandepremio.com\/br\/wp-json\/wp\/v2\/types\/post"}],"replies":[{"embeddable":true,"href":"https:\/\/grandepremio.com\/br\/wp-json\/wp\/v2\/comments?post=100991"}],"version-history":[{"count":0,"href":"https:\/\/grandepremio.com\/br\/wp-json\/wp\/v2\/posts\/100991\/revisions"}],"wp:featuredmedia":[{"embeddable":true,"href":"https:\/\/grandepremio.com\/br\/wp-json\/wp\/v2\/media\/1000709109"}],"wp:attachment":[{"href":"https:\/\/grandepremio.com\/br\/wp-json\/wp\/v2\/media?parent=100991"}],"wp:term":[{"taxonomy":"category","embeddable":true,"href":"https:\/\/grandepremio.com\/br\/wp-json\/wp\/v2\/categories?post=100991"},{"taxonomy":"post_tag","embeddable":true,"href":"https:\/\/grandepremio.com\/br\/wp-json\/wp\/v2\/tags?post=100991"},{"taxonomy":"42wp_author","embeddable":true,"href":"https:\/\/grandepremio.com\/br\/wp-json\/wp\/v2\/42wp_author?post=100991"}],"curies":[{"name":"wp","href":"https:\/\/api.w.org\/{rel}","templated":true}]}}