{"id":101026,"date":"2023-07-19T14:45:13","date_gmt":"2023-07-19T17:45:13","guid":{"rendered":"https:\/\/grandepremio.com\/br\/noticias\/tt-gp-105-como-formula-1-punir-quem-quebrar-teto-gastos\/"},"modified":"2023-07-19T18:13:44","modified_gmt":"2023-07-19T21:13:44","slug":"tt-gp-105-como-formula-1-punir-quem-quebrar-teto-gastos","status":"publish","type":"post","link":"https:\/\/grandepremio.com\/br\/f1\/tt-gp-105-como-formula-1-punir-quem-quebrar-teto-gastos\/","title":{"rendered":"TT GP #105: Como F1 vai punir quem quebrar o teto de gastos?\u00a0"},"content":{"rendered":"\n<figure class=\"wp-block-embed is-type-video is-provider-youtube wp-block-embed-youtube wp-embed-aspect-16-9 wp-has-aspect-ratio\"><div class=\"wp-block-embed__wrapper\">\n<iframe loading=\"lazy\" title=\"F1 vai PUNIR quem quebrar o TETO DE GASTOS? | TT GP #105\" width=\"500\" height=\"281\" src=\"https:\/\/www.youtube.com\/embed\/pdFS1vqeVVY?feature=oembed\" frameborder=\"0\" allow=\"accelerometer; autoplay; clipboard-write; encrypted-media; gyroscope; picture-in-picture; web-share\" referrerpolicy=\"strict-origin-when-cross-origin\" allowfullscreen><\/iframe>\n<\/div><\/figure>\n\n\n\n<p class=\"wp-block-paragraph\">A <strong>F\u00f3rmula 1<\/strong> se aproxima da metade da temporada 2023 e chega o momento das equipes implementarem mais atualiza\u00e7\u00f5es em seus carros, o que pode implicar no estouro do teto or\u00e7ament\u00e1rio, que neste ano \u00e9 de US$ 145,3 milh\u00f5es \u2014 R$ 727,3 milh\u00f5es. A <strong>Red Bull<\/strong> publicamente extrapolou o limite em 2021 e teve uma puni\u00e7\u00e3o considerada branda. O que fazer com as equipes que ultrapassarem esse limite em 2023? \u00c9 o tema do <strong>TT GP<\/strong> desta quarta-feira.<\/p>\n\n\n\n<p class=\"wp-block-paragraph\">E mais: o programa vai discutir a amizade de <strong>Lewis Hamilton e Sebastian Vettel<\/strong>, <strong><a href=\"https:\/\/www.grandepremio.com\/br\/f1\/noticias\/lewis-hamilton-valoriza-parceria-sebastian-vettel-revela-disse-algumas-equipes-eram-racistas\/\" class=\"ek-link\">que se aproximaram nas retas finais de suas carreiras<\/a><\/strong>, muito por conta dos entendimentos de vida que ambos adquiriram ao longo do tempo. Pautas como combate ao racismo, preserva\u00e7\u00e3o do meio ambiente s\u00e3o alguns dos temas que os unem.<\/p>\n\n\n\n<p class=\"wp-block-paragraph\"><strong>Pedro Henrique Marum<\/strong> conduz o programa com os coment\u00e1rios de <strong>Jo\u00e3o Pedro Nascimento e Guilherme Bloisi<\/strong>, com a produ\u00e7\u00e3o de <strong>Rodrigo Berton<\/strong>.<\/p>\n\n\n\n<p class=\"wp-block-paragraph\"><strong>\u25b6\ufe0f\u00a0Inscreva-se nos dois canais do GRANDE PR\u00caMIO no YouTube:\u00a0<a href=\"https:\/\/www.youtube.com\/channel\/UC9OlHEgxoaY6QY6nWPoiqQg?sub_confirmation=1\" target=\"_blank\" rel=\"noreferrer noopener\">GP<\/a>\u00a0|\u00a0<a href=\"https:\/\/www.youtube.com\/channel\/UC9csiS6q_C3C0FYhyr1rnFA?sub_confirmation=1\" target=\"_blank\" rel=\"noreferrer noopener\">GP2<\/a><\/strong><br><strong>\u25b6\ufe0f\u00a0<a href=\"https:\/\/www.twitch.tv\/grandepremio\" target=\"_blank\" rel=\"noreferrer noopener\">Conhe\u00e7a o canal do GRANDE PR\u00caMIO na Twitch clicando aqui!<\/a><\/strong><\/p>\n","protected":false},"excerpt":{"rendered":"<p>TT GP desta quarta-feira (19) debate a ideia da F\u00f3rmula 1 para manter a integridade do teto or\u00e7ament\u00e1rio nos pr\u00f3ximos anos <\/p>\n","protected":false},"author":0,"featured_media":1000708821,"comment_status":"closed","ping_status":"closed","sticky":false,"template":"","format":"standard","meta":{"42wp_featured_image_caption":"","42wp_featured_image_credits":"","42wp_featured_video":"","42wp_featured_image_hidden":false,"42wp_authors_list":[],"footnotes":""},"categories":[2],"tags":[6533,30722,1491,30103,28285,1541,30267,87,32087,570,204,210,1287,24943,27402],"42wp_author":[47120],"class_list":["post-101026","post","type-post","status-publish","format-standard","has-post-thumbnail","hentry","category-f1","tag-f1-2023","tag-formula-1-2023","tag-grande-premio","tag-grande-premio-f1","tag-grandepremio","tag-guilherme-bloisi","tag-joao-pedro-nascimento","tag-lewis-hamilton","tag-onde-assistir","tag-pedro-henrique-marum","tag-red-bull","tag-sebastian-vettel","tag-teto-de-gastos","tag-teto-orcamentario","tag-tt-gp","42wp_author-pedro-henrique-marum"],"_links":{"self":[{"href":"https:\/\/grandepremio.com\/br\/wp-json\/wp\/v2\/posts\/101026","targetHints":{"allow":["GET"]}}],"collection":[{"href":"https:\/\/grandepremio.com\/br\/wp-json\/wp\/v2\/posts"}],"about":[{"href":"https:\/\/grandepremio.com\/br\/wp-json\/wp\/v2\/types\/post"}],"replies":[{"embeddable":true,"href":"https:\/\/grandepremio.com\/br\/wp-json\/wp\/v2\/comments?post=101026"}],"version-history":[{"count":0,"href":"https:\/\/grandepremio.com\/br\/wp-json\/wp\/v2\/posts\/101026\/revisions"}],"wp:featuredmedia":[{"embeddable":true,"href":"https:\/\/grandepremio.com\/br\/wp-json\/wp\/v2\/media\/1000708821"}],"wp:attachment":[{"href":"https:\/\/grandepremio.com\/br\/wp-json\/wp\/v2\/media?parent=101026"}],"wp:term":[{"taxonomy":"category","embeddable":true,"href":"https:\/\/grandepremio.com\/br\/wp-json\/wp\/v2\/categories?post=101026"},{"taxonomy":"post_tag","embeddable":true,"href":"https:\/\/grandepremio.com\/br\/wp-json\/wp\/v2\/tags?post=101026"},{"taxonomy":"42wp_author","embeddable":true,"href":"https:\/\/grandepremio.com\/br\/wp-json\/wp\/v2\/42wp_author?post=101026"}],"curies":[{"name":"wp","href":"https:\/\/api.w.org\/{rel}","templated":true}]}}