{"id":101029,"date":"2023-07-19T11:29:27","date_gmt":"2023-07-19T14:29:27","guid":{"rendered":"https:\/\/grandepremio.com\/br\/noticias\/pascal-wehrlein-critica-ritmo-classificacao-porsche-descarta-titulo-chances-acabaram\/"},"modified":"2023-07-19T11:36:06","modified_gmt":"2023-07-19T14:36:06","slug":"pascal-wehrlein-critica-ritmo-classificacao-porsche-descarta-titulo-chances-acabaram","status":"publish","type":"post","link":"https:\/\/grandepremio.com\/br\/formula-e\/pascal-wehrlein-critica-ritmo-classificacao-porsche-descarta-titulo-chances-acabaram\/","title":{"rendered":"Wehrlein critica ritmo de classifica\u00e7\u00e3o da Porsche e descarta t\u00edtulo: &#8220;Chances acabaram&#8221;"},"content":{"rendered":"\n<p class=\"wp-block-paragraph\">O <strong>eP de Roma<\/strong> poderia ter marcado a remontada de <strong>Pascal Wehrlein <\/strong>em busca do t\u00edtulo mundial da <strong>F\u00f3rmula E<\/strong>, mas os planos do alem\u00e3o sa\u00edram muito diferentes do planejado no \u00faltimo fim de semana. Com um <strong>9\u00ba<\/strong> lugar na <a aria-label=\"corrida 1 (opens in a new tab)\" href=\"https:\/\/www.youtube.com\/watch?v=X2WcpgkC-3Y\" target=\"_blank\" rel=\"noreferrer noopener\" class=\"ek-link\">corrida 1<\/a> e o <strong>7\u00ba<\/strong> posto na <a aria-label=\"segunda prova (opens in a new tab)\" href=\"https:\/\/www.youtube.com\/watch?v=yFKJGl1N8UE\" target=\"_blank\" rel=\"noreferrer noopener\" class=\"ek-link\">segunda prova<\/a>, o piloto da <strong>Porsche <\/strong>j\u00e1 v\u00ea o l\u00edder <strong>Jake Dennis <\/strong>49 pontos \u00e0 frente e admite que as chances de t\u00edtulo foram embora. Ap\u00f3s a pen\u00faltima rodada dupla do ano, o quarto colocado do Mundial lamentou as dificuldades da equipe na classifica\u00e7\u00e3o, uma constante ao longo de todo o campeonato.<\/p>\n\n\n\n<p class=\"wp-block-paragraph\">&#8220;As chances de t\u00edtulo no Mundial de Pilotos provavelmente acabaram&#8221;, admitiu Wehrlein. &#8220;Voc\u00ea nunca sabe, mas, em primeiro lugar, precisamos melhorar nossa performance de classifica\u00e7\u00e3o. Isso foi realmente decisivo nas semanas mais recentes. Estamos focados no Mundial de Construtores agora&#8221;, revelou.<\/p>\n\n\n\n<p class=\"wp-block-paragraph\"><strong>\u25b6\ufe0f&nbsp;<a href=\"https:\/\/www.twitch.tv\/grandepremio\" target=\"_blank\" rel=\"noreferrer noopener\">Conhe\u00e7a o canal do GRANDE PR\u00caMIO na Twitch clicando aqui!<\/a><\/strong><\/p>\n\n\n\n<figure class=\"wp-block-image size-large\"><img decoding=\"async\" src=\"https:\/\/www.grandepremio.com\/br\/wp-content\/uploads\/2023\/07\/EPS913_132739SMG_8489-2048x2048-1-1024x683.jpg\" alt=\"\" class=\"wp-image-708392\"\/><figcaption class=\"wp-element-caption\">Mais uma vez, a Porsche n\u00e3o conseguiu se classificar bem na F\u00f3rmula E (Foto: F\u00f3rmula E)<\/figcaption><\/figure>\n\n\n\n<p class=\"wp-block-paragraph\">A corrida 1 tamb\u00e9m rendeu um dos acidentes mais visualmente impactantes da hist\u00f3ria da F\u00f3rmula E, ainda que todos os pilotos tenham conseguido sair ilesos. Wehrlein, que n\u00e3o conseguiu escapar dos detritos na pista, ainda sofreu uma les\u00e3o na m\u00e3o ap\u00f3s impacto com o volante, algo que tem se tornado normal nos acidentes da categoria.<\/p>\n\n\n\n<p class=\"wp-block-paragraph\"><strong>Robin Frijns <\/strong>chegou a perder v\u00e1rias corridas da temporada ap\u00f3s quebrar a m\u00e3o logo na primeira corrida do ano, na <strong><a href=\"https:\/\/www.grandepremio.com\/br\/formula-e\/noticias\/jake-dennis-sobra-estreia-era-gen3-ep-da-cidade-do-mexico-lucas-di-grassi-3o\/\" target=\"_blank\" aria-label=\" (opens in a new tab)\" rel=\"noreferrer noopener\" class=\"ek-link\">Cidade do M\u00e9xico<\/a><\/strong>, e <strong>S\u00e9bastian Buemi <\/strong>tamb\u00e9m sofreu les\u00e3o \u2014 um pouco menos severa \u2014 em batida no <strong><a href=\"https:\/\/www.youtube.com\/watch?v=-WetJmHLGXY\" target=\"_blank\" aria-label=\"eP de S\u00e3o Paulo (opens in a new tab)\" rel=\"noreferrer noopener\" class=\"ek-link\">eP de S\u00e3o Paulo<\/a><\/strong>.<\/p>\n\n\n\n<p class=\"wp-block-paragraph\">&#8220;A m\u00e3o d\u00f3i, \u00e9 claro, mas acho que est\u00e1 tudo bem. Eu coloquei bastante gelo&#8221;, disse Wehrlein. &#8220;S\u00f3 vi o engarrafamento [em cima], e n\u00e3o tive chance de desviar. O volante bateu na minha m\u00e3o, como j\u00e1 aconteceu v\u00e1rias vezes esse ano&#8221;, cutucou o alem\u00e3o.<\/p>\n\n\n\n<figure class=\"wp-block-image size-large\"><img decoding=\"async\" src=\"https:\/\/www.grandepremio.com\/br\/wp-content\/uploads\/2023\/03\/IMG_5678-1024x768.jpg\" alt=\"\" class=\"wp-image-665115\"\/><figcaption class=\"wp-element-caption\">Buemi foi outro a sofrer com uma les\u00e3o na m\u00e3o em 2023 (Foto: Pedro Prado\/Grande Pr\u00eamio)<\/figcaption><\/figure>\n\n\n\n<p class=\"wp-block-paragraph\"><strong>\u25b6\ufe0f&nbsp;Inscreva-se nos dois canais do GRANDE PR\u00caMIO no YouTube:&nbsp;<a href=\"https:\/\/www.youtube.com\/channel\/UC9OlHEgxoaY6QY6nWPoiqQg?sub_confirmation=1\" target=\"_blank\" rel=\"noreferrer noopener\">GP<\/a>&nbsp;|&nbsp;<a href=\"https:\/\/www.youtube.com\/channel\/UC9csiS6q_C3C0FYhyr1rnFA?sub_confirmation=1\" target=\"_blank\" rel=\"noreferrer noopener\">GP2<\/a><\/strong><\/p>\n\n\n\n<p class=\"wp-block-paragraph\">Por fim, Wehrlein n\u00e3o soube dizer se os pontos conquistados por ele em Roma ser\u00e3o importantes na briga da Porsche pelo t\u00edtulo do Mundial de Construtores. Ocupante das primeiras posi\u00e7\u00f5es ao longo de todo o campeonato, o alem\u00e3o disse que prefere esperar o encerramento da temporada para analisar o que foi feito de errado.<\/p>\n\n\n\n<p class=\"wp-block-paragraph\">&#8220;Veremos, no fim da temporada, o qu\u00e3o importante esses pontos foram&#8221;, analisou. &#8220;Sempre tento conquistar o m\u00e1ximo poss\u00edvel, mesmo que isso signifique voltar para casa com os pontos e um pouco de dor na m\u00e3o&#8221;, finalizou.<\/p>\n\n\n\n<p class=\"wp-block-paragraph\">A\u00a0<strong><a href=\"https:\/\/www.grandepremio.com\/br\/formula-e\/\" target=\"_blank\" rel=\"noreferrer noopener\">F\u00f3rmula E<\/a><\/strong>, agora, retorna para decidir o campeonato no fim do m\u00eas. Entre os dias\u00a0<strong>29<\/strong>\u00a0e\u00a0<strong>30\u00a0<\/strong>de julho, o\u00a0<strong>eP de\u00a0<a href=\"https:\/\/www.grandepremio.com\/br\/circuito\/londres\/\" target=\"_blank\" rel=\"noreferrer noopener\">Londres<\/a><\/strong>\u00a0vai, enfim, definir quem ser\u00e1 o\u00a0<strong>grande campe\u00e3o<\/strong>\u00a0da primeira temporada da\u00a0<strong>Era Gen3<\/strong>. O\u00a0<strong>GRANDE<\/strong>\u00a0<strong>PR\u00caMIO<\/strong>, emissora oficial da categoria no Brasil, transmite todas as atividades\u00a0<strong>AO VIVO e COM IMAGENS<\/strong>\u00a0no\u00a0<strong><a href=\"https:\/\/www.youtube.com\/c\/GrandePremioTV\" target=\"_blank\" rel=\"noreferrer noopener\">YouTube<\/a><\/strong>\u00a0e no\u00a0<strong><a href=\"https:\/\/kwai.com\/user\/@grandepremio\" target=\"_blank\" rel=\"noreferrer noopener\">Kwai<\/a><\/strong>.<\/p>\n\n\n\n<figure class=\"wp-block-embed is-type-video is-provider-youtube wp-block-embed-youtube wp-embed-aspect-16-9 wp-has-aspect-ratio\"><div class=\"wp-block-embed__wrapper\">\n<iframe loading=\"lazy\" title=\"F\u00d3RMULA E 2023 AO VIVO - eP DE ROMA | 14\u00aa etapa | Corrida\" width=\"500\" height=\"281\" src=\"https:\/\/www.youtube.com\/embed\/yFKJGl1N8UE?feature=oembed\" frameborder=\"0\" allow=\"accelerometer; autoplay; clipboard-write; encrypted-media; gyroscope; picture-in-picture; web-share\" referrerpolicy=\"strict-origin-when-cross-origin\" allowfullscreen><\/iframe>\n<\/div><\/figure>\n","protected":false},"excerpt":{"rendered":"<p>Em mais uma etapa na qual precisou sair do fundo do grid e recuperar posi\u00e7\u00f5es, Pascal Wehrlein reclamou do ritmo de classifica\u00e7\u00e3o da Porsche no eP de Roma e admitiu que dist\u00e2ncia para o l\u00edder Jake Dennis indica o fim do sonho de conquistar o t\u00edtulo da F\u00f3rmula E<\/p>\n","protected":false},"author":0,"featured_media":1000708427,"comment_status":"closed","ping_status":"closed","sticky":false,"template":"","format":"standard","meta":{"42wp_featured_image_caption":"","42wp_featured_image_credits":"","42wp_featured_video":"","42wp_featured_image_hidden":false,"42wp_authors_list":[],"footnotes":""},"categories":[19],"tags":[417,33214,28679,6853,5378,379,30779,840,31435,1601,1491,30103,28285,8928,1194,736],"42wp_author":[47142],"class_list":["post-101029","post","type-post","status-publish","format-standard","has-post-thumbnail","hentry","category-formula-e","tag-andretti","tag-calendario-fe","tag-calendario-formula-e","tag-classificacao-formula-e","tag-ep-de-roma","tag-fe","tag-fe-2023","tag-formula-e","tag-formula-e-2023","tag-gen3","tag-grande-premio","tag-grande-premio-f1","tag-grandepremio","tag-jake-dennis","tag-pascal-wehrlein","tag-porsche","42wp_author-jp-nascimento"],"_links":{"self":[{"href":"https:\/\/grandepremio.com\/br\/wp-json\/wp\/v2\/posts\/101029","targetHints":{"allow":["GET"]}}],"collection":[{"href":"https:\/\/grandepremio.com\/br\/wp-json\/wp\/v2\/posts"}],"about":[{"href":"https:\/\/grandepremio.com\/br\/wp-json\/wp\/v2\/types\/post"}],"replies":[{"embeddable":true,"href":"https:\/\/grandepremio.com\/br\/wp-json\/wp\/v2\/comments?post=101029"}],"version-history":[{"count":0,"href":"https:\/\/grandepremio.com\/br\/wp-json\/wp\/v2\/posts\/101029\/revisions"}],"wp:featuredmedia":[{"embeddable":true,"href":"https:\/\/grandepremio.com\/br\/wp-json\/wp\/v2\/media\/1000708427"}],"wp:attachment":[{"href":"https:\/\/grandepremio.com\/br\/wp-json\/wp\/v2\/media?parent=101029"}],"wp:term":[{"taxonomy":"category","embeddable":true,"href":"https:\/\/grandepremio.com\/br\/wp-json\/wp\/v2\/categories?post=101029"},{"taxonomy":"post_tag","embeddable":true,"href":"https:\/\/grandepremio.com\/br\/wp-json\/wp\/v2\/tags?post=101029"},{"taxonomy":"42wp_author","embeddable":true,"href":"https:\/\/grandepremio.com\/br\/wp-json\/wp\/v2\/42wp_author?post=101029"}],"curies":[{"name":"wp","href":"https:\/\/api.w.org\/{rel}","templated":true}]}}