{"id":101067,"date":"2023-07-17T12:06:49","date_gmt":"2023-07-17T15:06:49","guid":{"rendered":"https:\/\/grandepremio.com\/br\/noticias\/sebastian-vettel-formula-1-ameaca-mudancas-climaticas\/"},"modified":"2023-07-17T12:06:57","modified_gmt":"2023-07-17T15:06:57","slug":"sebastian-vettel-formula-1-ameaca-mudancas-climaticas","status":"publish","type":"post","link":"https:\/\/grandepremio.com\/br\/f1\/sebastian-vettel-formula-1-ameaca-mudancas-climaticas\/","title":{"rendered":"Vettel v\u00ea F1 sob &#8220;amea\u00e7a real&#8221; com mudan\u00e7as clim\u00e1ticas: &#8220;Canad\u00e1 quase foi cancelado&#8221;"},"content":{"rendered":"\n<p class=\"wp-block-paragraph\"><strong>Sebastian Vettel<\/strong> foi muito vocal em rela\u00e7\u00e3o \u00e0s mudan\u00e7as clim\u00e1ticas durante seus \u00faltimos anos na <strong>F\u00f3rmula 1<\/strong>. <a href=\"https:\/\/www.grandepremio.com\/br\/f1\/noticias\/sebastian-vettel-decide-deixar-formula-1-anuncia-aposentadoria-fim-temporada-2022\/\" class=\"ek-link\">Embora n\u00e3o esteja mais nas pistas<\/a>, o tetracampe\u00e3o segue ativo em suas manifesta\u00e7\u00f5es e se vale da maior flexibilidade no dia a dia para seguir lutando pela causa. Durante o Festival de <strong>Goodwood<\/strong>, que aconteceu entre os dias 13 e 16 de julho, o alem\u00e3o alertou que o esporte a motor pode estar em perigo caso n\u00e3o se torne mais sustent\u00e1vel.<\/p>\n\n\n\n<p class=\"wp-block-paragraph\">No evento, Vettel guiou os cl\u00e1ssicos <strong>Williams FW14B<\/strong> e <strong>McLaren MP4\/8<\/strong>, de 1992 e 1993, respectivamente. Por\u00e9m, para seguir fiel ao que acredita e promover o projeto \u201cRace without a trace\u201d (correr sem deixar marcas, em tradu\u00e7\u00e3o livre), os modelos foram abastecidos com combust\u00edveis sustent\u00e1veis.<\/p>\n\n\n\n<p class=\"wp-block-paragraph\"><strong>\u25b6\ufe0f&nbsp;Inscreva-se nos dois canais do GRANDE PR\u00caMIO no YouTube:&nbsp;<a href=\"https:\/\/www.youtube.com\/channel\/UC9OlHEgxoaY6QY6nWPoiqQg?sub_confirmation=1\" target=\"_blank\" rel=\"noreferrer noopener\">GP<\/a>&nbsp;|&nbsp;<a href=\"https:\/\/www.youtube.com\/channel\/UC9csiS6q_C3C0FYhyr1rnFA?sub_confirmation=1\" target=\"_blank\" rel=\"noreferrer noopener\">GP2<\/a><\/strong><br><strong>\u25b6\ufe0f&nbsp;<a href=\"https:\/\/www.twitch.tv\/grandepremio\" target=\"_blank\" rel=\"noreferrer noopener\">Conhe\u00e7a o canal do GRANDE PR\u00caMIO na Twitch clicando aqui!<\/a><\/strong><\/p>\n\n\n\n<figure class=\"wp-block-image size-large\"><img decoding=\"async\" src=\"https:\/\/www.grandepremio.com\/br\/wp-content\/uploads\/2022\/11\/GP2222_104938_U1A4334-scaled-e1669067501640-1024x887.jpg\" alt=\"\" class=\"wp-image-635500\"\/><figcaption class=\"wp-element-caption\">Sebastian Vettel acredita que o esporte a motor precisa ser ainda mais sustent\u00e1vel (Foto: Aston Martin)<\/figcaption><\/figure>\n\n\n\n<p class=\"wp-block-paragraph\">Durante o festival, \u2018Seb\u2019 falou sobre como as mudan\u00e7as clim\u00e1ticas j\u00e1 impactaram a F\u00f3rmula 1 em 2023. Como exemplo, foram citadas as <a href=\"https:\/\/www.grandepremio.com\/br\/f1\/noticias\/f1-cancela-gp-da-emilia-romanha-tudo-sobre-a-decisao-no-tt-gp\/\" class=\"ek-link\">inunda\u00e7\u00f5es que cancelaram o <strong>GP da Em\u00edlia-Romanha<\/strong><\/a> e as queimadas em Montreal, que <a href=\"https:\/\/www.grandepremio.com\/br\/f1\/noticias\/incendios-florestais-quebec-deixam-f1-alerta-realizacao-gp-canada\/\" class=\"ek-link\">quase comprometeram a realiza\u00e7\u00e3o do <strong>GP do Canad\u00e1<\/strong><\/a>.<\/p>\n\n\n\n<p class=\"wp-block-paragraph\">&#8220;\u00cdmola foi cancelada. Existe uma rela\u00e7\u00e3o direta entre o clima extremo e o mundo em mudan\u00e7a, o mundo em aquecimento. Acho que, desde que voc\u00ea n\u00e3o esteja olhando completamente para o outro lado, voc\u00ea v\u00ea que a crise clim\u00e1tica j\u00e1 tem um impacto em muitas pessoas hoje, em muitos lugares ao redor do mundo&#8221;, pontuou Vettel.<\/p>\n\n\n\n<p class=\"wp-block-paragraph\">&#8220;Tivemos a corrida em Miami [em risco] porque duas ou tr\u00eas semanas antes, novamente houve inunda\u00e7\u00f5es, e a pista estava submersa, ent\u00e3o a corrida poderia ter sido cancelada se acontecesse tr\u00eas semanas depois. Aconteceram os inc\u00eandios florestais no Canad\u00e1, com ventos diferentes durando mais tempo, [a corrida em] Montreal poderia ter sido retirada do calend\u00e1rio, ent\u00e3o \u00e9 uma amea\u00e7a real&#8221;, disse o tetracampe\u00e3o.<\/p>\n\n\n\n<p class=\"wp-block-paragraph\">O ex-piloto ainda fez um alerta. Em um momento em que os pa\u00edses \u2014 principalmente os da Europa \u2014 est\u00e3o passando por um plano de eletrifica\u00e7\u00e3o nos carros homologados para as ruas, o esporte a motor como conhecemos hoje pode estar em risco.<\/p>\n\n\n\n<p class=\"wp-block-paragraph\">&#8220;Em algum momento, os governos estar\u00e3o olhando para coisas que podem cortar e proibir. O automobilismo pode ser um deles, e, se isso acontecer, o esporte vai estar em perigo&#8221;, finalizou.<\/p>\n\n\n\n<p class=\"wp-block-paragraph\">A partir de <strong>2026<\/strong>, a F1 dar\u00e1 um passo importante em busca da sustentabilidade, com a introdu\u00e7\u00e3o da nova gera\u00e7\u00e3o de motores. As unidades de pot\u00eancia ter\u00e3o a parte el\u00e9trica ampliada e ser\u00e3o preparadas para funcionar com combust\u00edvel sustent\u00e1vel, por\u00e9m nem todos no grid se mostraram felizes ap\u00f3s os primeiros dados dos simuladores. A <strong>Red Bull<\/strong>, por exemplo, j\u00e1 pediu mudan\u00e7as antes mesmo da estreia do novo regulamento por temer que a aerodin\u00e2mica seja comprometida para compensar uma poss\u00edvel mudan\u00e7a de pot\u00eancia.<\/p>\n\n\n\n<p class=\"wp-block-paragraph\">A\u00a0<a href=\"https:\/\/www.grandepremio.com\/formula-1\/\" target=\"_blank\" rel=\"noreferrer noopener\"><\/a><a href=\"https:\/\/www.grandepremio.com\/formula-1\/\" target=\"_blank\" rel=\"noreferrer noopener\">F\u00f3rmula 1<\/a>\u00a0volta de 21 a 23 de julho, para a disputa do\u00a0<strong>GP da Hungria<\/strong>. O\u00a0<strong>GRANDE PR\u00caMIO<\/strong>\u00a0acompanha todas as atividades\u00a0<strong>AO VIVO<\/strong>\u00a0e\u00a0<strong>EM\u00a0<a href=\"https:\/\/www.grandepremio.com\/br\/ao-vivo\/\" target=\"_blank\" rel=\"noreferrer noopener\">TEMPO REAL<\/a><\/strong>.<\/p>\n","protected":false},"excerpt":{"rendered":"<p>Embora aposentado, Sebastian Vettel ainda se preocupa com os caminhos que o esporte a motor tem seguido e teme que competi\u00e7\u00f5es automobil\u00edsticas comecem a ser proibidas em alguns pa\u00edses<\/p>\n","protected":false},"author":0,"featured_media":1000635499,"comment_status":"closed","ping_status":"closed","sticky":false,"template":"","format":"standard","meta":{"42wp_featured_image_caption":"","42wp_featured_image_credits":"","42wp_featured_video":"","42wp_featured_image_hidden":false,"42wp_authors_list":[],"footnotes":""},"categories":[2],"tags":[147,219,28285,210,2588],"42wp_author":[47149],"class_list":["post-101067","post","type-post","status-publish","format-standard","has-post-thumbnail","hentry","category-f1","tag-f1","tag-grande-prmio","tag-grandepremio","tag-sebastian-vettel","tag-vettel","42wp_author-bernardo-castro"],"_links":{"self":[{"href":"https:\/\/grandepremio.com\/br\/wp-json\/wp\/v2\/posts\/101067","targetHints":{"allow":["GET"]}}],"collection":[{"href":"https:\/\/grandepremio.com\/br\/wp-json\/wp\/v2\/posts"}],"about":[{"href":"https:\/\/grandepremio.com\/br\/wp-json\/wp\/v2\/types\/post"}],"replies":[{"embeddable":true,"href":"https:\/\/grandepremio.com\/br\/wp-json\/wp\/v2\/comments?post=101067"}],"version-history":[{"count":0,"href":"https:\/\/grandepremio.com\/br\/wp-json\/wp\/v2\/posts\/101067\/revisions"}],"wp:featuredmedia":[{"embeddable":true,"href":"https:\/\/grandepremio.com\/br\/wp-json\/wp\/v2\/media\/1000635499"}],"wp:attachment":[{"href":"https:\/\/grandepremio.com\/br\/wp-json\/wp\/v2\/media?parent=101067"}],"wp:term":[{"taxonomy":"category","embeddable":true,"href":"https:\/\/grandepremio.com\/br\/wp-json\/wp\/v2\/categories?post=101067"},{"taxonomy":"post_tag","embeddable":true,"href":"https:\/\/grandepremio.com\/br\/wp-json\/wp\/v2\/tags?post=101067"},{"taxonomy":"42wp_author","embeddable":true,"href":"https:\/\/grandepremio.com\/br\/wp-json\/wp\/v2\/42wp_author?post=101067"}],"curies":[{"name":"wp","href":"https:\/\/api.w.org\/{rel}","templated":true}]}}