{"id":101077,"date":"2023-07-17T08:15:48","date_gmt":"2023-07-17T11:15:48","guid":{"rendered":"https:\/\/grandepremio.com\/br\/noticias\/formula-1-precisa-ser-editorialmente-cuidadosa-uso-monitor-cardiaco\/"},"modified":"2023-07-17T08:17:12","modified_gmt":"2023-07-17T11:17:12","slug":"formula-1-precisa-ser-editorialmente-cuidadosa-uso-monitor-cardiaco","status":"publish","type":"post","link":"https:\/\/grandepremio.com\/br\/f1\/formula-1-precisa-ser-editorialmente-cuidadosa-uso-monitor-cardiaco\/","title":{"rendered":"F\u00f3rmula 1 diz que precisa ser \u201ceditorialmente cuidadosa\u201d com uso de monitor card\u00edaco"},"content":{"rendered":"\n<p class=\"wp-block-paragraph\">Produtor-t\u00e9cnico da <strong>F\u00f3rmula 1<\/strong>, <strong>Justin Laurie <\/strong>avaliou que \u00e9 preciso ser \u201ceditorialmente cuidadoso\u201d antes de divulgar dados biom\u00e9tricos dos pilotos durante as corridas. Ainda assim, o produtor fez um balan\u00e7o positivo dos testes feitos com monitores card\u00edacos.<\/p>\n\n\n\n<p class=\"wp-block-paragraph\">Desde o GP da <strong>\u00c1ustria<\/strong>, a F1 testa monitores card\u00edacos nos pilotos da <strong>F\u00f3rmula 2<\/strong>. Os dados foram utilizados em um novo gr\u00e1fico, que indica n\u00edvel de intensidade. A categoria assume, por\u00e9m, que nem todos os pilotos podem se sentir confort\u00e1veis em ter os dados biom\u00e9tricos revelados ao p\u00fablico.<\/p>\n\n\n\n<figure class=\"wp-block-image size-full\"><img decoding=\"async\" src=\"https:\/\/www.grandepremio.com\/br\/wp-content\/uploads\/2023\/03\/Vesti-Bahrein.jpg\" alt=\"\" class=\"wp-image-659533\"\/><figcaption class=\"wp-element-caption\">Frederick Vesti foi um dos que testou monitor card\u00edaco na F2 (Foto: F2)<\/figcaption><\/figure>\n\n\n\n<p class=\"wp-block-paragraph\"><strong>\u25b6\ufe0f\u00a0<a href=\"https:\/\/www.twitch.tv\/grandepremio\" target=\"_blank\" rel=\"noreferrer noopener\">Conhe\u00e7a o canal do GRANDE PR\u00caMIO na Twitch clicando aqui!<\/a><\/strong><br><strong>\u25b6\ufe0f\u00a0Inscreva-se nos dois canais do GRANDE PR\u00caMIO no YouTube:\u00a0<a href=\"https:\/\/www.youtube.com\/channel\/UC9OlHEgxoaY6QY6nWPoiqQg?sub_confirmation=1\" target=\"_blank\" rel=\"noreferrer noopener\">GP<\/a>\u00a0|\u00a0<a href=\"https:\/\/www.youtube.com\/channel\/UC9csiS6q_C3C0FYhyr1rnFA?sub_confirmation=1\" target=\"_blank\" rel=\"noreferrer noopener\">GP2<\/a><\/strong><\/p>\n\n\n\n<p class=\"wp-block-paragraph\">\u201cObviamente, existe um elemento de que voc\u00ea precisa ser editorialmente cuidadoso com a forma como apresenta estes dados. Eles precisam ser apresentados da maneira certa e contar uma hist\u00f3ria\u201d, disse Laurie ao site Motorsport.com. \u201cCada piloto \u00e9 diferente, e todo mundo \u00e9 fisicamente diferente, ent\u00e3o temos de levar tudo isso em considera\u00e7\u00e3o quando estamos tomando decis\u00f5es sobre a maneira como vamos usar esses dados. Mas, fundamentalmente, \u00e9 uma nova e empolgante \u00e1rea para n\u00f3s. Isso \u00e9 o principal\u201d, seguiu.<\/p>\n\n\n\n<p class=\"wp-block-paragraph\">O produtor avaliou que a exibi\u00e7\u00e3o do monitoramento card\u00edaco pode, inclusive, impactar a competitividade da F\u00f3rmula 1.<\/p>\n\n\n\n<p class=\"wp-block-paragraph\">\u201cSuponho que sempre h\u00e1 potencial de que este seja o caso. Sei que as equipes ficam de olho nas telas e no que est\u00e1 acontecendo. Acho que tudo tem uma vantagem, ent\u00e3o qualquer informa\u00e7\u00e3o pode ser \u00fatil para uma equipe\u201d, observou Laurie. \u201cVamos ter de usar da maneira correta. Tomara que, editorialmente, a gente encontre a abordagem certa e o equil\u00edbrio certo. Mas acho que o principal \u00e9 dar \u00e0 audi\u00eancia uma nova vis\u00e3o de como o piloto est\u00e1 se sentindo. Vamos ver onde isso nos leva no futuro, principalmente na F1\u201d, continuou.<\/p>\n\n\n\n<p class=\"wp-block-paragraph\">\u201cO que se v\u00ea no pacote da <strong>F2 <\/strong>pode n\u00e3o ser o que ser\u00e1 de fato produzido para a F1. Ainda estamos desenvolvendo a tecnologia e os dados. Tomara que esse novo peda\u00e7o de informa\u00e7\u00e3o crie mais engajamento e empolga\u00e7\u00e3o para os momentos na pista\u201d, falou.<\/p>\n\n\n\n<p class=\"wp-block-paragraph\">O produtor destacou, tamb\u00e9m, que a F1 ficou encorajada com as primeiras rea\u00e7\u00f5es ao novo gr\u00e1fico.<\/p>\n\n\n\n<p class=\"wp-block-paragraph\">\u201cAcho que todos foram muito positivos. Internamente, trabalhamos muito para alcan\u00e7ar esse resultado. Tentamos com dois pilotos [<strong>Frederik Vesti <\/strong>e <strong>Theo Pourchaire<\/strong>]. Estamos vendo como aumentar isso na F2 se pudermos e a\u00ed preparar para a F1. Tomara que nos d\u00ea um bom momento para lan\u00e7armos isso na F1. No fim, \u00e9 a nossa meta\u201d, completou.<\/p>\n\n\n\n<p class=\"wp-block-paragraph\">L\u00edder da F1, Vesti testou a tecnologia na \u00c1ustria e avaliou que foi interessante ver o uso dos dados.<\/p>\n\n\n\n<p class=\"wp-block-paragraph\">\u201cAssisti 10s da corrida onde vi meus batimentos card\u00edacos subirem enquanto eu fazia uma ultrapassagem. Achei bem legal\u201d, contou Vesti. \u201cAcho que precisa desenvolver um pouco mais em rela\u00e7\u00e3o a maneira como voc\u00ea se sente quando est\u00e1 [com o monitor], mas \u00e9 um ponto de partida realmente bom\u201d, considerou.<\/p>\n\n\n\n<p class=\"wp-block-paragraph\">\u201cPara ser sincero, acho que \u00e9 uma boa adi\u00e7\u00e3o para os f\u00e3s. Eles podem ver o tipo de press\u00e3o a que voc\u00ea est\u00e1 sendo submetido. N\u00e3o \u00e9 s\u00f3 press\u00e3o f\u00edsica, \u00e9 tamb\u00e9m mental. E acho que isso \u00e9 mostrado muito bem\u201d, encerrou.<\/p>\n\n\n\n<p class=\"wp-block-paragraph\">A\u00a0<a href=\"https:\/\/www.grandepremio.com\/formula-1\/\" target=\"_blank\" rel=\"noreferrer noopener\"><\/a><a href=\"https:\/\/www.grandepremio.com\/formula-1\/\" target=\"_blank\" rel=\"noreferrer noopener\">F\u00f3rmula 1<\/a>\u00a0retorna entre os dias 21 e 23 de julho, com o\u00a0<strong>GP da Hungria<\/strong>, em\u00a0<strong><a href=\"https:\/\/www.grandepremio.com\/br\/circuito\/hungaroring\/\" target=\"_blank\" rel=\"noreferrer noopener\">Hungaroring<\/a><\/strong>, 11\u00aa etapa da temporada 2023. E o\u00a0<strong>GRANDE PR\u00caMIO<\/strong>\u00a0acompanha tudo.<\/p>\n\n\n\n<figure class=\"wp-block-embed is-type-video is-provider-youtube wp-block-embed-youtube wp-embed-aspect-16-9 wp-has-aspect-ratio\"><div class=\"wp-block-embed__wrapper\">\n<iframe loading=\"lazy\" title=\"Caso Red Bull alerta para falha da F\u00f3rmula 2 em preparar pilotos | GP \u00e0s 10\" width=\"500\" height=\"281\" src=\"https:\/\/www.youtube.com\/embed\/VyO4zK7At7Q?feature=oembed\" frameborder=\"0\" allow=\"accelerometer; autoplay; clipboard-write; encrypted-media; gyroscope; picture-in-picture; web-share\" referrerpolicy=\"strict-origin-when-cross-origin\" allowfullscreen><\/iframe>\n<\/div><\/figure>\n","protected":false},"excerpt":{"rendered":"<p>Produtor-t\u00e9cnico da F\u00f3rmula 1, Justin Laurie fez um balan\u00e7o positivo dos testes com o monitoramento card\u00edaco dos pilotos, mas avaliou que \u00e9 preciso cautela antes de expandir o uso na categoria m\u00e1xima do automobilismo<\/p>\n","protected":false},"author":0,"featured_media":1000706175,"comment_status":"closed","ping_status":"closed","sticky":false,"template":"","format":"standard","meta":{"42wp_featured_image_caption":"","42wp_featured_image_credits":"","42wp_featured_video":"","42wp_featured_image_hidden":false,"42wp_authors_list":[],"footnotes":""},"categories":[2],"tags":[147,6533,111,180,30722,33465,28285,33467],"42wp_author":[47113],"class_list":["post-101077","post","type-post","status-publish","format-standard","has-post-thumbnail","hentry","category-f1","tag-f1","tag-f1-2023","tag-f2","tag-formula-1","tag-formula-1-2023","tag-formula-1-classificacao-2023","tag-grandepremio","tag-onde-assistir-f1-2023","42wp_author-juliana-tesser"],"_links":{"self":[{"href":"https:\/\/grandepremio.com\/br\/wp-json\/wp\/v2\/posts\/101077","targetHints":{"allow":["GET"]}}],"collection":[{"href":"https:\/\/grandepremio.com\/br\/wp-json\/wp\/v2\/posts"}],"about":[{"href":"https:\/\/grandepremio.com\/br\/wp-json\/wp\/v2\/types\/post"}],"replies":[{"embeddable":true,"href":"https:\/\/grandepremio.com\/br\/wp-json\/wp\/v2\/comments?post=101077"}],"version-history":[{"count":0,"href":"https:\/\/grandepremio.com\/br\/wp-json\/wp\/v2\/posts\/101077\/revisions"}],"wp:featuredmedia":[{"embeddable":true,"href":"https:\/\/grandepremio.com\/br\/wp-json\/wp\/v2\/media\/1000706175"}],"wp:attachment":[{"href":"https:\/\/grandepremio.com\/br\/wp-json\/wp\/v2\/media?parent=101077"}],"wp:term":[{"taxonomy":"category","embeddable":true,"href":"https:\/\/grandepremio.com\/br\/wp-json\/wp\/v2\/categories?post=101077"},{"taxonomy":"post_tag","embeddable":true,"href":"https:\/\/grandepremio.com\/br\/wp-json\/wp\/v2\/tags?post=101077"},{"taxonomy":"42wp_author","embeddable":true,"href":"https:\/\/grandepremio.com\/br\/wp-json\/wp\/v2\/42wp_author?post=101077"}],"curies":[{"name":"wp","href":"https:\/\/api.w.org\/{rel}","templated":true}]}}