{"id":101081,"date":"2023-07-17T04:30:00","date_gmt":"2023-07-17T07:30:00","guid":{"rendered":"https:\/\/grandepremio.com\/br\/noticias\/daniel-ricciardo-ida-super-bowl-decisiva-vi-que-adoraria-competir-de-novo\/"},"modified":"2023-07-16T13:46:32","modified_gmt":"2023-07-16T16:46:32","slug":"daniel-ricciardo-ida-super-bowl-decisiva-vi-que-adoraria-competir-de-novo","status":"publish","type":"post","link":"https:\/\/grandepremio.com\/br\/f1\/daniel-ricciardo-ida-super-bowl-decisiva-vi-que-adoraria-competir-de-novo\/","title":{"rendered":"Ricciardo diz que ida ao Super Bowl foi decisiva: \u201cVi que adoraria competir de novo\u201d"},"content":{"rendered":"\n<p class=\"wp-block-paragraph\">A <strong>Super Bowl <\/strong>n\u00e3o foi decisivo apenas para a <strong>NFL <\/strong>em <strong>2023<\/strong>. Presente no <strong>Arizona <\/strong>para acompanhar a partida entre <strong>Philadelphia Eagles <\/strong>e <strong>Kansas City Chiefs<\/strong>, em fevereiro passado, <strong>Daniel Ricciardo <\/strong>percebeu ali que ainda tinha o desejo de competir na <strong>F\u00f3rmula 1<\/strong>.<\/p>\n\n\n\n<p class=\"wp-block-paragraph\">Ricciardo perdeu o posto de titular no fim do ano passado, quando foi dispensado pela <strong>McLaren<\/strong>. Desde ent\u00e3o, vinha atuando como terceiro piloto da <strong>Red Bull<\/strong>, mas agora <a href=\"https:\/\/www.grandepremio.com\/br\/f1\/noticias\/red-bull-confirma-demissao-nyck-de-vries-alphatauri-resgata-daniel-ricciardo-f1-2023\/\" class=\"ek-link\">vai voltar ao grid pela <strong>AlphaTauri<\/strong>, substituindo o demitido <strong>Nyck de Vries<\/strong><\/a>.<\/p>\n\n\n\n<figure class=\"wp-block-image size-large\"><img decoding=\"async\" src=\"https:\/\/www.grandepremio.com\/br\/wp-content\/uploads\/2022\/11\/SI202211230275_hires_jpeg_24bit_rgb-1024x682.jpg\" alt=\"\" class=\"wp-image-636200\"\/><figcaption class=\"wp-element-caption\">Daniel Ricciardo vinha atuando como reserva da Red Bull (Foto: Mark Thompson\/Getty Images)<\/figcaption><\/figure>\n\n\n\n<p class=\"wp-block-paragraph\"><strong>\u25b6\ufe0f&nbsp;<a href=\"https:\/\/www.twitch.tv\/grandepremio\" target=\"_blank\" rel=\"noreferrer noopener\">Conhe\u00e7a o canal do GRANDE PR\u00caMIO na Twitch clicando aqui!<\/a><\/strong><br><strong>\u25b6\ufe0f&nbsp;Inscreva-se nos dois canais do GRANDE PR\u00caMIO no YouTube:&nbsp;<a href=\"https:\/\/www.youtube.com\/channel\/UC9OlHEgxoaY6QY6nWPoiqQg?sub_confirmation=1\" target=\"_blank\" rel=\"noreferrer noopener\">GP<\/a>&nbsp;|&nbsp;<a href=\"https:\/\/www.youtube.com\/channel\/UC9csiS6q_C3C0FYhyr1rnFA?sub_confirmation=1\" target=\"_blank\" rel=\"noreferrer noopener\">GP2<\/a><\/strong><\/p>\n\n\n\n<p class=\"wp-block-paragraph\">\u201cFoi, provavelmente, no momento em que fui ao Super Bowl. Acho que estar em um ambiente competitivo outra vez \u2014 obviamente, eu n\u00e3o estava competindo \u2014, mas sentir aquilo, o esporte, e estar l\u00e1 naquele momento, acho que foi ali que comecei a recuperar aqueles sentimentos\u201d, disse Ricciardo em entrevista ao site da F\u00f3rmula 1. \u201cEu podia sentir e percebi que aquilo ainda n\u00e3o tinha desaparecido. A competi\u00e7\u00e3o, que eu adoraria estar ali e competir de novo. Foi, certamente, o momento em que tudo come\u00e7ou a mudar\u201d, revelou.<\/p>\n\n\n\n<p class=\"wp-block-paragraph\">Ricciardo explicou, ainda, como lidou com a sensa\u00e7\u00e3o de j\u00e1 ter sido o primeiro piloto e, depois, estar relegado ao cargo de terceiro piloto.<\/p>\n\n\n\n<p class=\"wp-block-paragraph\">\u201cAcho que ajudou seguir mantendo a chama acesa. A primeira corrida que fui foi a de Melbourne e foi legal, pois era a minha corrida de casa, um ambiente bem legal. Fiquei sentado no pit-wall, vendo todos os pilotos saindo dos boxes e pensei: \u2018Nossa, sinto falta dessa sensa\u00e7\u00e3o\u2019. Mas, por dentro, ainda estava deixando as coisas se reconstru\u00edrem\u201d, relatou. \u201cEm Melbourne, ainda n\u00e3o estava com a boca cheia d\u2019\u00e1gua, mas isso estava crescendo. Eu estava assistindo a classifica\u00e7\u00e3o \u2014 foi uma \u00f3tima classifica\u00e7\u00e3o, muito empolgante para um f\u00e3, muito especial \u2014 e fiquei pensando: \u2018Nossa, estar no carro aqui seria muito divertido\u2019\u201d, encerrou.<\/p>\n\n\n\n<p class=\"wp-block-paragraph\">A&nbsp;<a href=\"https:\/\/www.grandepremio.com\/formula-1\/\" target=\"_blank\" rel=\"noreferrer noopener\"><\/a><a href=\"https:\/\/www.grandepremio.com\/formula-1\/\" target=\"_blank\" rel=\"noreferrer noopener\">F\u00f3rmula 1<\/a>&nbsp;retorna entre os dias 21 e 23 de julho, com o&nbsp;<strong>GP da Hungria<\/strong>, em&nbsp;<strong><a href=\"https:\/\/www.grandepremio.com\/br\/circuito\/hungaroring\/\" target=\"_blank\" rel=\"noreferrer noopener\">Hungaroring<\/a><\/strong>, 11\u00aa etapa da temporada 2023. E o&nbsp;<strong>GRANDE PR\u00caMIO<\/strong>&nbsp;acompanha tudo.<\/p>\n\n\n\n<figure class=\"wp-block-embed is-type-video is-provider-youtube wp-block-embed-youtube wp-embed-aspect-16-9 wp-has-aspect-ratio\"><div class=\"wp-block-embed__wrapper\">\n<iframe loading=\"lazy\" title=\"Por que op\u00e7\u00e3o por RICCIARDO exp\u00f5e FALHA GRAVE da RED BULL na F1 | GP \u00e0s 10\" width=\"500\" height=\"281\" src=\"https:\/\/www.youtube.com\/embed\/99V-GX0Bn8E?feature=oembed\" frameborder=\"0\" allow=\"accelerometer; autoplay; clipboard-write; encrypted-media; gyroscope; picture-in-picture; web-share\" referrerpolicy=\"strict-origin-when-cross-origin\" allowfullscreen><\/iframe>\n<\/div><\/figure>\n","protected":false},"excerpt":{"rendered":"<p>Daniel Ricciardo contou que ir assistir ao Super Bowl, em fevereiro, foi decisivo na carreira, j\u00e1 que foi acompanhando o jogo entre Philadelphia Eagles e Kansas City Chiefs que percebeu o desejo de voltar a competir<\/p>\n","protected":false},"author":0,"featured_media":1000707771,"comment_status":"closed","ping_status":"closed","sticky":false,"template":"","format":"standard","meta":{"42wp_featured_image_caption":"","42wp_featured_image_credits":"","42wp_featured_video":"","42wp_featured_image_hidden":false,"42wp_authors_list":[],"footnotes":""},"categories":[2],"tags":[211,147,6533,180,30722,33465,28285,33467],"42wp_author":[47113],"class_list":["post-101081","post","type-post","status-publish","format-standard","has-post-thumbnail","hentry","category-f1","tag-daniel-ricciardo","tag-f1","tag-f1-2023","tag-formula-1","tag-formula-1-2023","tag-formula-1-classificacao-2023","tag-grandepremio","tag-onde-assistir-f1-2023","42wp_author-juliana-tesser"],"_links":{"self":[{"href":"https:\/\/grandepremio.com\/br\/wp-json\/wp\/v2\/posts\/101081","targetHints":{"allow":["GET"]}}],"collection":[{"href":"https:\/\/grandepremio.com\/br\/wp-json\/wp\/v2\/posts"}],"about":[{"href":"https:\/\/grandepremio.com\/br\/wp-json\/wp\/v2\/types\/post"}],"replies":[{"embeddable":true,"href":"https:\/\/grandepremio.com\/br\/wp-json\/wp\/v2\/comments?post=101081"}],"version-history":[{"count":0,"href":"https:\/\/grandepremio.com\/br\/wp-json\/wp\/v2\/posts\/101081\/revisions"}],"wp:featuredmedia":[{"embeddable":true,"href":"https:\/\/grandepremio.com\/br\/wp-json\/wp\/v2\/media\/1000707771"}],"wp:attachment":[{"href":"https:\/\/grandepremio.com\/br\/wp-json\/wp\/v2\/media?parent=101081"}],"wp:term":[{"taxonomy":"category","embeddable":true,"href":"https:\/\/grandepremio.com\/br\/wp-json\/wp\/v2\/categories?post=101081"},{"taxonomy":"post_tag","embeddable":true,"href":"https:\/\/grandepremio.com\/br\/wp-json\/wp\/v2\/tags?post=101081"},{"taxonomy":"42wp_author","embeddable":true,"href":"https:\/\/grandepremio.com\/br\/wp-json\/wp\/v2\/42wp_author?post=101081"}],"curies":[{"name":"wp","href":"https:\/\/api.w.org\/{rel}","templated":true}]}}