{"id":101099,"date":"2023-07-16T12:00:42","date_gmt":"2023-07-16T15:00:42","guid":{"rendered":"https:\/\/grandepremio.com\/br\/noticias\/jake-dennis-coloca-mao-taca-formula-e-vitoria-roma-confira-classificacao\/"},"modified":"2023-07-16T12:01:29","modified_gmt":"2023-07-16T15:01:29","slug":"jake-dennis-coloca-mao-taca-formula-e-vitoria-roma-confira-classificacao","status":"publish","type":"post","link":"https:\/\/grandepremio.com\/br\/formula-e\/jake-dennis-coloca-mao-taca-formula-e-vitoria-roma-confira-classificacao\/","title":{"rendered":"Dennis coloca m\u00e3o na ta\u00e7a da F\u00f3rmula E ap\u00f3s vit\u00f3ria em Roma. Confira classifica\u00e7\u00e3o"},"content":{"rendered":"\n<figure class=\"wp-block-video\"><video class=\"video-js vjs-big-play-centered\" data-gp-vjs=\"1\" controls src=\"https:\/\/www.grandepremio.com\/br\/wp-content\/uploads\/2023\/07\/evans-cassidy-ep-de-roma-2.mp4\"><\/video><figcaption class=\"wp-element-caption\">Evans escorrega e acerta Cassidy em Roma (V\u00eddeo: F\u00f3rmula E\/GRANDE PR\u00caMIO)<\/figcaption><\/figure>\n\n\n\n<p class=\"wp-block-paragraph\"><strong>Jake Dennis<\/strong> encaminhou o t\u00edtulo in\u00e9dito da <strong>F\u00f3rmula E<\/strong> neste domingo (16) <a href=\"https:\/\/www.grandepremio.com\/br\/formula-e\/noticias\/jake-dennis-aproveita-enrosco-mitch-evans-nick-cassidy-vence-ponta-a-ponta-ep-de-roma-2\/\" class=\"ek-link\">ap\u00f3s vencer a corrida 2<\/a> em <strong>Roma<\/strong>. Com o segundo triunfo do ano, o piloto da <strong>Andretti<\/strong> saltou para 195 e abriu 24 pontos de vantagem para seus principais concorrentes.<\/p>\n\n\n\n<p class=\"wp-block-paragraph\">O brit\u00e2nico tamb\u00e9m contou com uma grande colabora\u00e7\u00e3o de <strong>Nick Cassidy<\/strong> e <strong>Mitch Evans<\/strong>, que se enroscaram logo no in\u00edcio da prova italiana e estacionaram na segunda e terceira posi\u00e7\u00f5es com 171 e 151 pontos, respectivamente.<\/p>\n\n\n\n<p class=\"wp-block-paragraph\">Na quarta coloca\u00e7\u00e3o, <strong>Pascal Wehrlein<\/strong> est\u00e1, definitivamente, fora da briga pelo campeonato, com 146 pontos. Em quinto, <strong>Jean-\u00c9ric Vergne<\/strong> (107), da <strong>DS Penske<\/strong>, seis \u00e0 frente de <strong>Maximilian G\u00fcnther<\/strong> (101), da <strong>Maserati<\/strong>.<\/p>\n\n\n\n<figure class=\"wp-block-image size-full\"><img decoding=\"async\" src=\"https:\/\/www.grandepremio.com\/br\/wp-content\/uploads\/2023\/07\/FE-2023-Roma-Corrida-2-Mitch-Evans.jpeg\" alt=\"\" class=\"wp-image-708068\"\/><figcaption class=\"wp-element-caption\">O incidente entre Evans e Cassidy abriu caminho para t\u00edtulo de Dennis (Foto: Reprodu\u00e7\u00e3o)<\/figcaption><\/figure>\n\n\n\n<p class=\"wp-block-paragraph\"><strong>\u25b6\ufe0f\u00a0<a href=\"https:\/\/www.twitch.tv\/grandepremio\" target=\"_blank\" rel=\"noreferrer noopener\">Conhe\u00e7a o canal do GRANDE PR\u00caMIO na Twitch clicando aqui!<\/a><\/strong><br><strong>\u25b6\ufe0f\u00a0Inscreva-se nos dois canais do GRANDE PR\u00caMIO no YouTube:\u00a0<a href=\"https:\/\/www.youtube.com\/channel\/UC9OlHEgxoaY6QY6nWPoiqQg?sub_confirmation=1\" target=\"_blank\" rel=\"noreferrer noopener\">GP<\/a>\u00a0|\u00a0<a href=\"https:\/\/www.youtube.com\/channel\/UC9csiS6q_C3C0FYhyr1rnFA?sub_confirmation=1\" target=\"_blank\" rel=\"noreferrer noopener\">GP2<\/a><\/strong><\/p>\n\n\n\n<p class=\"wp-block-paragraph\">Em s\u00e9timo, est\u00e1 <strong>Ant\u00f3nio F\u00e9lix da Costa<\/strong> (93), da <strong>Porsche<\/strong>, que pontuaria em Roma mas foi penalizado pela dire\u00e7\u00e3o de prova com 5s. Na oitava posi\u00e7\u00e3o, uma boa atua\u00e7\u00e3o de <strong>Sebasti\u00e9n Buemi<\/strong> fez o su\u00ed\u00e7o saltar para 82 pontos. Completam os dez primeiros <strong>Sam Bird<\/strong> (77) e <strong>Norman Nato<\/strong> (47), que foi ao p\u00f3dio na <strong>It\u00e1lia<\/strong>.<\/p>\n\n\n\n<p class=\"wp-block-paragraph\">Entre os brasileiros, <strong>Lucas Di Grassi<\/strong> perdeu uma posi\u00e7\u00e3o para <strong>Edoardo Mortara<\/strong> e caiu para 16\u00ba, com 24 pontos. <strong>S\u00e9rgio Sette C\u00e2mara<\/strong>, por sua vez, manteve os 14 que come\u00e7ou a etapa em Roma e est\u00e1 em 19\u00ba.<\/p>\n\n\n\n<p class=\"wp-block-paragraph\">O\u00a0<strong>GRANDE PR\u00caMIO<\/strong>, emissora oficial da categoria no Brasil, mostra todas as atividades\u00a0<strong>AO VIVO e COM IMAGENS<\/strong>\u00a0no\u00a0<a href=\"https:\/\/www.youtube.com\/c\/GrandePremioTV\" target=\"_blank\" rel=\"noreferrer noopener\">YouTube<\/a>\u00a0e no\u00a0<a href=\"https:\/\/m.kwai.com\/user\/@grandepremio\" target=\"_blank\" rel=\"noreferrer noopener\">Kwai<\/a>. A F\u00f3rmula E volta nos dias 29 e 30 de julho, com a rodada dupla decisiva em\u00a0<a href=\"https:\/\/www.grandepremio.com\/br\/circuito\/londres\/\" target=\"_blank\" rel=\"noreferrer noopener\">Londres<\/a>.<\/p>\n\n\n\n<h2 class=\"wp-block-heading\" id=\"h-confira-a-classificacao-da-formula-e-apos-14-etapas\"><strong><em>Confira a classifica\u00e7\u00e3o da F\u00f3rmula E ap\u00f3s 14 etapas:<\/em><\/strong><\/h2>\n\n\n\n<figure class=\"wp-block-table\"><table><tbody><tr><td>Pos<\/td><td>Piloto<\/td><td>Equipe\u00a0<\/td><td>Poles<\/td><td>Vit\u00f3rias<\/td><td>Pontos<\/td><\/tr><tr><td>1<\/td><td>J DENNIS<\/td><td>Andretti<\/td><td>2<\/td><td>2<\/td><td>195<\/td><\/tr><tr><td>2<\/td><td>N CASSIDY<\/td><td>Envision<\/td><td>&#8211;<\/td><td>3<\/td><td>171<\/td><\/tr><tr><td>3<\/td><td>M EVANS<\/td><td>Jaguar<\/td><td>2<\/td><td>3<\/td><td>151<\/td><\/tr><tr><td>4<\/td><td>P WEHRLEIN<\/td><td>Porsche<\/td><td>&#8211;<\/td><td>3<\/td><td>146<\/td><\/tr><tr><td>5<\/td><td>J.E VERGNE<\/td><td>DS Penske<\/td><td>&#8211;<\/td><td>1<\/td><td>107<\/td><\/tr><tr><td>6<\/td><td>M G\u00dcNTHER<\/td><td>Maserati<\/td><td>2<\/td><td>1<\/td><td>101<\/td><\/tr><tr><td>7<\/td><td>A.F DA COSTA<\/td><td>Porsche<\/td><td>&#8211;<\/td><td>1<\/td><td>93<\/td><\/tr><tr><td>8<\/td><td>S BUEMI<\/td><td>Envision<\/td><td>2<\/td><td>&#8211;<\/td><td>82<\/td><\/tr><tr><td>9<\/td><td>S BIRD<\/td><td>Jaguar<\/td><td>&#8211;<\/td><td>&#8211;<\/td><td>77<\/td><\/tr><tr><td>10<\/td><td>N NATO<\/td><td>Nissan<\/td><td>&#8211;<\/td><td>&#8211;<\/td><td>47<\/td><\/tr><tr><td>11<\/td><td>S VANDOORNE<\/td><td>DS Penske<\/td><td>1<\/td><td>&#8211;<\/td><td>46<\/td><\/tr><tr><td>12<\/td><td>J HUGHES<\/td><td>McLaren<\/td><td>2<\/td><td>&#8211;<\/td><td>46<\/td><\/tr><tr><td>13<\/td><td>R RAST<\/td><td>McLaren<\/td><td>&#8211;<\/td><td>&#8211;<\/td><td>40<\/td><\/tr><tr><td>14<\/td><td>S FENESTRAZ<\/td><td>Nissan<\/td><td>1<\/td><td>&#8211;<\/td><td>32<\/td><\/tr><tr><td>15<\/td><td>E MORTARA<\/td><td>Maserati<\/td><td>&#8211;<\/td><td>&#8211;<\/td><td>29<\/td><\/tr><tr><td>16<\/td><td>L DI GRASSI<\/td><td>Mahindra<\/td><td>1<\/td><td>&#8211;<\/td><td>24<\/td><\/tr><tr><td>17<\/td><td>A LOTTERER<\/td><td>Andretti<\/td><td>&#8211;<\/td><td>&#8211;<\/td><td>23<\/td><\/tr><tr><td>18<\/td><td>D TICKTUM<\/td><td>NIO<\/td><td>&#8211;<\/td><td>&#8211;<\/td><td>20<\/td><\/tr><tr><td>19<\/td><td>S. SETTE C\u00c2MARA<\/td><td>NIO<\/td><td>&#8211;<\/td><td>&#8211;<\/td><td>14<\/td><\/tr><tr><td>20<\/td><td>N M\u00dcLLER<\/td><td>Abt Cupra<\/td><td>&#8211;<\/td><td>&#8211;<\/td><td>11<\/td><\/tr><tr><td>21<\/td><td>O ROWLAND<\/td><td>Mahindra<\/td><td>&#8211;<\/td><td>&#8211;<\/td><td>9<\/td><\/tr><tr><td>22<\/td><td>R FRIJNS<\/td><td>Abt Cupra<\/td><td>1<\/td><td>&#8211;<\/td><td>6<\/td><\/tr><tr><td>23<\/td><td>R MERH\u00cd<\/td><td>Mahindra<\/td><td>&#8211;<\/td><td>&#8211;<\/td><td>0<\/td><\/tr><tr><td>24<\/td><td>K VAN DER LINDE<\/td><td>Abt Cupra<\/td><td>&#8211;<\/td><td>&#8211;<\/td><td>0<\/td><\/tr><tr><td>25<\/td><td>D BECKMANN<\/td><td>Andretti<\/td><td>&#8211;<\/td><td>&#8211;<\/td><td>0<\/td><\/tr><\/tbody><\/table><\/figure>\n","protected":false},"excerpt":{"rendered":"<p>O brit\u00e2nico da Andretti colocou margem de 24 pontos no campeonato da F\u00f3rmula E para Cassidy e Evans, que bateram no eP de Roma e sa\u00edram zerados da prova<\/p>\n","protected":false},"author":0,"featured_media":1000708096,"comment_status":"closed","ping_status":"closed","sticky":false,"template":"","format":"standard","meta":{"42wp_featured_image_caption":"","42wp_featured_image_credits":"","42wp_featured_video":"","42wp_featured_image_hidden":false,"42wp_authors_list":[],"footnotes":""},"categories":[19],"tags":[417,10437,35698,5378,31435,34647,34649,34648,5572,24898,35697,1491,33855,34646,28285,910,8928,909,2128,34650],"42wp_author":[47128],"class_list":["post-101099","post","type-post","status-publish","format-standard","has-post-thumbnail","hentry","category-formula-e","tag-andretti","tag-envision","tag-ep-da-italia","tag-ep-de-roma","tag-formula-e-2023","tag-formula-e-ao-vivo","tag-formula-e-ao-vivo-e-com-imagens","tag-formula-e-com-imagens","tag-formula-e-roma","tag-gp-da-italia","tag-gp-de-roma","tag-grande-premio","tag-grande-premio-fe","tag-grande-premio-transmite-formula-e","tag-grandepremio","tag-jaguar","tag-jake-dennis","tag-mitch-evans","tag-nick-cassidy","tag-transmissao-formula-e","42wp_author-guilherme-bloisi"],"_links":{"self":[{"href":"https:\/\/grandepremio.com\/br\/wp-json\/wp\/v2\/posts\/101099","targetHints":{"allow":["GET"]}}],"collection":[{"href":"https:\/\/grandepremio.com\/br\/wp-json\/wp\/v2\/posts"}],"about":[{"href":"https:\/\/grandepremio.com\/br\/wp-json\/wp\/v2\/types\/post"}],"replies":[{"embeddable":true,"href":"https:\/\/grandepremio.com\/br\/wp-json\/wp\/v2\/comments?post=101099"}],"version-history":[{"count":0,"href":"https:\/\/grandepremio.com\/br\/wp-json\/wp\/v2\/posts\/101099\/revisions"}],"wp:featuredmedia":[{"embeddable":true,"href":"https:\/\/grandepremio.com\/br\/wp-json\/wp\/v2\/media\/1000708096"}],"wp:attachment":[{"href":"https:\/\/grandepremio.com\/br\/wp-json\/wp\/v2\/media?parent=101099"}],"wp:term":[{"taxonomy":"category","embeddable":true,"href":"https:\/\/grandepremio.com\/br\/wp-json\/wp\/v2\/categories?post=101099"},{"taxonomy":"post_tag","embeddable":true,"href":"https:\/\/grandepremio.com\/br\/wp-json\/wp\/v2\/tags?post=101099"},{"taxonomy":"42wp_author","embeddable":true,"href":"https:\/\/grandepremio.com\/br\/wp-json\/wp\/v2\/42wp_author?post=101099"}],"curies":[{"name":"wp","href":"https:\/\/api.w.org\/{rel}","templated":true}]}}