{"id":101107,"date":"2023-07-16T04:15:50","date_gmt":"2023-07-16T07:15:50","guid":{"rendered":"https:\/\/grandepremio.com\/br\/noticias\/mitch-evans-estende-dominio-vitoria-lidera-tl3-ep-de-roma-formula-e\/"},"modified":"2023-07-16T04:27:43","modified_gmt":"2023-07-16T07:27:43","slug":"mitch-evans-estende-dominio-vitoria-lidera-tl3-ep-de-roma-formula-e","status":"publish","type":"post","link":"https:\/\/grandepremio.com\/br\/formula-e\/mitch-evans-estende-dominio-vitoria-lidera-tl3-ep-de-roma-formula-e\/","title":{"rendered":"Evans estende dom\u00ednio ap\u00f3s vit\u00f3ria e lidera TL3 do eP de Roma na F\u00f3rmula E"},"content":{"rendered":"\n<p class=\"wp-block-paragraph\"><a href=\"https:\/\/www.grandepremio.com\/br\/formula-e\/noticias\/rei-de-roma-mitch-evans-favoritismo-vitoria-prova-manda-cidade-eterna\/?fbclid=IwAR1FxtA1Vl6P8Px2FGYOjtKGLRkvbz0uRQTZjYU-JtQMhPCe0h8quDC-9WQ\" target=\"_blank\" aria-label=\"Depois de vencer a corrida 1 (opens in a new tab)\" rel=\"noreferrer noopener\" class=\"ek-link\">Depois de vencer a corrida 1<\/a> do <strong>eP de Roma<\/strong>, <a href=\"https:\/\/www.youtube.com\/watch?v=X2WcpgkC-3Y\" target=\"_blank\" aria-label=\"disputada no \u00faltimo s\u00e1bado (15) (opens in a new tab)\" rel=\"noreferrer noopener\" class=\"ek-link\">disputada no \u00faltimo s\u00e1bado (15)<\/a>, <strong>Mitch Evans <\/strong>demonstrou que ser\u00e1 novamente um dos protagonistas da segunda prova do fim de semana ao liderar o <strong>TL3 <\/strong>na manh\u00e3 deste domingo, com <strong>1min37s561 <\/strong>\u2014 a volta mais r\u00e1pida da etapa italiana at\u00e9 aqui. Assim como na v\u00e9spera, o top-3 foi completado por uma <strong>Envision <\/strong>\u2014 desta vez, a de <strong>S\u00e9bastien Buemi <\/strong>\u2014 e a <strong>Maserati <\/strong>de <strong>Maximilian G\u00fcnther<\/strong>.<\/p>\n\n\n\n<p class=\"wp-block-paragraph\">Apesar de algumas escapadas, o TL3 certamente reservou menos problemas nas curvas 4 e 7 do que as sess\u00f5es anteriores. Mais uma vez, a <strong>Mahindra <\/strong>terminou como nota negativa: <strong>Roberto Merhi <\/strong>perdeu o controle do carro algumas vezes e chegou a acertar o muro, enquanto <strong>Lucas Di Grassi <\/strong>parou na pista e precisou recolher aos boxes.<\/p>\n\n\n\n<p class=\"wp-block-paragraph\"><strong>\u25b6\ufe0f&nbsp;<a href=\"https:\/\/www.twitch.tv\/grandepremio\" target=\"_blank\" rel=\"noreferrer noopener\">Conhe\u00e7a o canal do GRANDE PR\u00caMIO na Twitch clicando aqui!<\/a><\/strong><\/p>\n\n\n\n<figure class=\"wp-block-image aligncenter size-large\"><img decoding=\"async\" src=\"https:\/\/www.grandepremio.com\/br\/wp-content\/uploads\/2023\/07\/EPS913_062138_V6A3327-2048x2048-1-1024x683.jpg\" alt=\"\" class=\"wp-image-707928\"\/><figcaption class=\"wp-element-caption\">Envolvido em forte acidente na v\u00e9spera, Buemi s\u00f3 ficou atr\u00e1s de Evans no TL3 (Foto: F\u00f3rmula E)<\/figcaption><\/figure>\n\n\n\n<p class=\"wp-block-paragraph\"><strong>\u25b6\ufe0f&nbsp;Inscreva-se nos dois canais do GRANDE PR\u00caMIO no YouTube:&nbsp;<a href=\"https:\/\/www.youtube.com\/channel\/UC9OlHEgxoaY6QY6nWPoiqQg?sub_confirmation=1\" target=\"_blank\" rel=\"noreferrer noopener\">GP<\/a>&nbsp;|&nbsp;<a href=\"https:\/\/www.youtube.com\/channel\/UC9csiS6q_C3C0FYhyr1rnFA?sub_confirmation=1\" target=\"_blank\" rel=\"noreferrer noopener\">GP2<\/a><\/strong><\/p>\n\n\n\n<p class=\"wp-block-paragraph\">No fim, entre os brasileiros, o campe\u00e3o da temporada 2016\/17 terminou com um modesto <strong>21\u00ba <\/strong>lugar, \u00faltimo entre os que participaram da atividade, e <strong>S\u00e9rgio Sette C\u00e2mara <\/strong>fechou em <strong>d\u00e9cimo <\/strong>com a <strong>NIO<\/strong>. O \u00fanico a n\u00e3o ter ido \u00e0 pista foi o franc\u00eas <strong>Sacha Fenestraz<\/strong>, que sofreu com problemas \u2014 n\u00e3o divulgados \u2014 em sua <strong>Nissan <\/strong>e permaneceu o tempo todo nos boxes.<\/p>\n\n\n\n<p class=\"wp-block-paragraph\">Falando sobre os postulantes ao t\u00edtulo, o \u00faltimo teste antes da classifica\u00e7\u00e3o final de Roma deixou algumas indica\u00e7\u00f5es do que o restante do fim de semana pode trazer. Al\u00e9m da \u2014 esperada \u2014 lideran\u00e7a de Evans, <strong>Nick Cassidy<\/strong> terminou em <strong>quinto<\/strong>, uma posi\u00e7\u00e3o \u00e0 frente de <strong>Jake Dennis<\/strong>. <strong>Pascal Wehrlein<\/strong>, que sofreu um forte baque na batalha pelo t\u00edtulo no s\u00e1bado, fechou em <strong>oitavo<\/strong>.<\/p>\n\n\n\n<p class=\"wp-block-paragraph\">O fim de semana da <strong>F\u00f3rmula E<\/strong> em <strong>Roma <\/strong>ainda tem mais duas sess\u00f5es pela frente: a segunda <strong>classifica\u00e7\u00e3o <\/strong>est\u00e1 marcada para as <strong>5h20 <\/strong>(hor\u00e1rio de Bras\u00edlia), enquanto a transmiss\u00e3o da <strong>corrida 2<\/strong> se inicia \u00e0s <strong>9h30<\/strong>. O <strong>GRANDE PR\u00caMIO<\/strong>, emissora oficial da categoria no Brasil, mostra todas as atividades <strong><span style=\"text-decoration: underline;\" class=\"ek-underline\">AO VIVO e COM IMAGENS<\/span><\/strong> no <a href=\"https:\/\/www.youtube.com\/c\/GrandePremioTV\" target=\"_blank\" aria-label=\"YouTube (opens in a new tab)\" rel=\"noreferrer noopener\" class=\"ek-link\">YouTube<\/a> e no <a href=\"https:\/\/m.kwai.com\/user\/@grandepremio\" target=\"_blank\" aria-label=\"Kwai (opens in a new tab)\" rel=\"noreferrer noopener\" class=\"ek-link\">Kwai<\/a>.<\/p>\n\n\n\n<h2 class=\"wp-block-heading\" id=\"h-formula-e-2022-23-ep-de-roma-tl3\">F\u00f3rmula E 2022\/23, eP de Roma, TL3:<\/h2>\n\n\n\n<figure class=\"wp-block-table\"><table><tbody><tr><td>1<\/td><td>M EVANS<\/td><td>Jaguar<\/td><td>1:37.561<\/td><td>&nbsp;<\/td><\/tr><tr><td>2<\/td><td>S BUEMI<\/td><td>Envision<\/td><td>1:37.663<\/td><td>+0.102<\/td><\/tr><tr><td>3<\/td><td>M G\u00dcNTHER<\/td><td>Maserati<\/td><td>1:37.663<\/td><td>+0.102<\/td><\/tr><tr><td>4<\/td><td>A.F DA COSTA<\/td><td>Porsche<\/td><td>1:37.709<\/td><td>+0.148<\/td><\/tr><tr><td>5<\/td><td>N CASSIDY<\/td><td>Envision<\/td><td>1:37.899<\/td><td>+0.338<\/td><\/tr><tr><td>6<\/td><td>J DENNIS<\/td><td>Andretti<\/td><td>1:37.942<\/td><td>+0.381<\/td><\/tr><tr><td>7<\/td><td>D TICKTUM<\/td><td>NIO<\/td><td>1:38.047<\/td><td>+0.486<\/td><\/tr><tr><td>8<\/td><td>P WEHRLEIN<\/td><td>Porsche<\/td><td>1:38.075<\/td><td>+0.514<\/td><\/tr><tr><td>9<\/td><td>S BIRD<\/td><td>Jaguar<\/td><td>1:38.130<\/td><td>+0.569<\/td><\/tr><tr><td>10<\/td><td>S. SETTE C\u00c2MARA<\/td><td>NIO<\/td><td>1:38.196<\/td><td>+0.635<\/td><\/tr><tr><td>11<\/td><td>S VANDOORNE<\/td><td>DS Penske<\/td><td>1:38.267<\/td><td>+0.706<\/td><\/tr><tr><td>12<\/td><td>A LOTTERER<\/td><td>Andretti<\/td><td>1:38.368<\/td><td>+0.807<\/td><\/tr><tr><td>13<\/td><td>N NATO<\/td><td>Nissan<\/td><td>1:38.490<\/td><td>+0.929<\/td><\/tr><tr><td>14<\/td><td>N M\u00dcLLER<\/td><td>Abt Cupra<\/td><td>1:38.498<\/td><td>+0.937<\/td><\/tr><tr><td>15<\/td><td>R RAST<\/td><td>McLaren<\/td><td>1:38.500<\/td><td>+0.939<\/td><\/tr><tr><td>16<\/td><td>J.E VERGNE<\/td><td>DS Penske<\/td><td>1:38.690<\/td><td>+1.129<\/td><\/tr><tr><td>17<\/td><td>R FRIJNS<\/td><td>Abt Cupra<\/td><td>1:39.123<\/td><td>+1.562<\/td><\/tr><tr><td>18<\/td><td>J HUGHES<\/td><td>McLaren<\/td><td>1:39.162<\/td><td>+1.601<\/td><\/tr><tr><td>19<\/td><td>E MORTARA<\/td><td>Maserati<\/td><td>1:39.449<\/td><td>+1.888<\/td><\/tr><tr><td>20<\/td><td>R MERHI<\/td><td>Mahindra<\/td><td>1:40.251<\/td><td>+2.690<\/td><\/tr><tr><td>21<\/td><td>L DI GRASSI<\/td><td>Mahindra<\/td><td>1:40.283<\/td><td>+2.722<\/td><\/tr><tr><td>22<\/td><td>S FENESTRAZ<\/td><td>Nissan<\/td><td>\u2014<\/td><td>\u2014<\/td><\/tr><\/tbody><\/table><\/figure>\n\n\n\n<figure class=\"wp-block-embed is-type-video is-provider-youtube wp-block-embed-youtube wp-embed-aspect-16-9 wp-has-aspect-ratio\"><div class=\"wp-block-embed__wrapper\">\n<iframe loading=\"lazy\" title=\"F\u00d3RMULA E 2023 - eP DE ROMA | 13\u00aa etapa | Corrida\" width=\"500\" height=\"281\" src=\"https:\/\/www.youtube.com\/embed\/X2WcpgkC-3Y?feature=oembed\" frameborder=\"0\" allow=\"accelerometer; autoplay; clipboard-write; encrypted-media; gyroscope; picture-in-picture; web-share\" referrerpolicy=\"strict-origin-when-cross-origin\" allowfullscreen><\/iframe>\n<\/div><\/figure>\n","protected":false},"excerpt":{"rendered":"<p>Assim como na corrida do dia anterior, Mitch Evans n\u00e3o deu descanso aos rivais e liderou mais uma atividade da F\u00f3rmula E em Roma \u2014 de quebra, com o melhor tempo do fim de semana<\/p>\n","protected":false},"author":0,"featured_media":1000707926,"comment_status":"closed","ping_status":"closed","sticky":false,"template":"","format":"standard","meta":{"42wp_featured_image_caption":"","42wp_featured_image_credits":"","42wp_featured_video":"","42wp_featured_image_hidden":false,"42wp_authors_list":[],"footnotes":""},"categories":[19],"tags":[28679,6853,5378,379,30779,840,31435,1601,1491,30103,28285,910,909],"42wp_author":[47142],"class_list":["post-101107","post","type-post","status-publish","format-standard","has-post-thumbnail","hentry","category-formula-e","tag-calendario-formula-e","tag-classificacao-formula-e","tag-ep-de-roma","tag-fe","tag-fe-2023","tag-formula-e","tag-formula-e-2023","tag-gen3","tag-grande-premio","tag-grande-premio-f1","tag-grandepremio","tag-jaguar","tag-mitch-evans","42wp_author-jp-nascimento"],"_links":{"self":[{"href":"https:\/\/grandepremio.com\/br\/wp-json\/wp\/v2\/posts\/101107","targetHints":{"allow":["GET"]}}],"collection":[{"href":"https:\/\/grandepremio.com\/br\/wp-json\/wp\/v2\/posts"}],"about":[{"href":"https:\/\/grandepremio.com\/br\/wp-json\/wp\/v2\/types\/post"}],"replies":[{"embeddable":true,"href":"https:\/\/grandepremio.com\/br\/wp-json\/wp\/v2\/comments?post=101107"}],"version-history":[{"count":0,"href":"https:\/\/grandepremio.com\/br\/wp-json\/wp\/v2\/posts\/101107\/revisions"}],"wp:featuredmedia":[{"embeddable":true,"href":"https:\/\/grandepremio.com\/br\/wp-json\/wp\/v2\/media\/1000707926"}],"wp:attachment":[{"href":"https:\/\/grandepremio.com\/br\/wp-json\/wp\/v2\/media?parent=101107"}],"wp:term":[{"taxonomy":"category","embeddable":true,"href":"https:\/\/grandepremio.com\/br\/wp-json\/wp\/v2\/categories?post=101107"},{"taxonomy":"post_tag","embeddable":true,"href":"https:\/\/grandepremio.com\/br\/wp-json\/wp\/v2\/tags?post=101107"},{"taxonomy":"42wp_author","embeddable":true,"href":"https:\/\/grandepremio.com\/br\/wp-json\/wp\/v2\/42wp_author?post=101107"}],"curies":[{"name":"wp","href":"https:\/\/api.w.org\/{rel}","templated":true}]}}