{"id":101121,"date":"2023-07-15T13:34:05","date_gmt":"2023-07-15T16:34:05","guid":{"rendered":"https:\/\/grandepremio.com\/br\/noticias\/rei-de-roma-mitch-evans-favoritismo-vitoria-prova-manda-cidade-eterna\/"},"modified":"2023-07-15T14:12:45","modified_gmt":"2023-07-15T17:12:45","slug":"rei-de-roma-mitch-evans-favoritismo-vitoria-prova-manda-cidade-eterna","status":"publish","type":"post","link":"https:\/\/grandepremio.com\/br\/formula-e\/rei-de-roma-mitch-evans-favoritismo-vitoria-prova-manda-cidade-eterna\/","title":{"rendered":"&#8216;Rei de Roma&#8217;, Evans faz favoritismo virar vit\u00f3ria e prova que manda na &#8216;Cidade Eterna&#8217;"},"content":{"rendered":"\n<p class=\"wp-block-paragraph\">N\u00e3o teve jeito: todo o favoritismo de <strong>Mitch<\/strong> <strong>Evans<\/strong>, o maior vencedor da hist\u00f3ria do <strong>eP de Roma<\/strong>, foi comprovado na pista neste s\u00e1bado (15). Na primeira corrida da rodada dupla programada pela <strong>F\u00f3rmula E<\/strong> para a capital italiana, conhecida como &#8220;Cidade Eterna&#8221;, o neozeland\u00eas deu um verdadeiro recital: <a href=\"https:\/\/www.youtube.com\/watch?v=X2WcpgkC-3Y\" target=\"_blank\" aria-label=\"pole, vit\u00f3ria dominante e volta mais r\u00e1pida (opens in a new tab)\" rel=\"noreferrer noopener\" class=\"ek-link\"><strong>pole<\/strong>, <strong>vit\u00f3ria<\/strong> <strong>dominante<\/strong> e <strong>volta mais r\u00e1pida<\/strong><\/a>, conquistando simplesmente todos os pontos poss\u00edveis neste primeiro dia de corrida.<\/p>\n\n\n\n<p class=\"wp-block-paragraph\">O dia j\u00e1 come\u00e7ou promissor para Evans, que demonstrou ter claramente o melhor ritmo do grid na classifica\u00e7\u00e3o disputada na parte da manh\u00e3. Mesmo apenas entre os que foram ao mata-mata, o tempo do neozeland\u00eas \u2014 na casa de <strong>1min38s400<\/strong> \u2014 ficou muito abaixo de seus concorrentes diretos \u2014 o que j\u00e1 indicava o desenrolar da corrida.<\/p>\n\n\n\n<p class=\"wp-block-paragraph\">Na disputa, Mitch aproveitou o segundo lugar conquistado por <strong>Sam<\/strong> <strong>Bird<\/strong> no grid e logo cedeu a primeira posi\u00e7\u00e3o ao companheiro de equipe, em plano at\u00e9 previs\u00edvel que visava evitar um gasto de energia desnecess\u00e1rio ao liderar a prova. A quest\u00e3o \u00e9 que, na primeira vez em que foi exigido, o brit\u00e2nico mais uma vez deixou a desejar e come\u00e7ou a perder posi\u00e7\u00f5es. Logo em seguida, um acidente sofrido por ele mudou completamente a hist\u00f3ria da prova.<\/p>\n\n\n\n<p class=\"wp-block-paragraph\"><strong>\u25b6\ufe0f\u00a0<a href=\"https:\/\/www.twitch.tv\/grandepremio\" target=\"_blank\" rel=\"noreferrer noopener\">Conhe\u00e7a o canal do GRANDE PR\u00caMIO na Twitch clicando aqui!<\/a><\/strong><br><strong>\u25b6\ufe0f\u00a0Inscreva-se nos dois canais do GRANDE PR\u00caMIO no YouTube:\u00a0<a href=\"https:\/\/www.youtube.com\/channel\/UC9OlHEgxoaY6QY6nWPoiqQg?sub_confirmation=1\" target=\"_blank\" rel=\"noreferrer noopener\">GP<\/a>\u00a0|\u00a0<a href=\"https:\/\/www.youtube.com\/channel\/UC9csiS6q_C3C0FYhyr1rnFA?sub_confirmation=1\" target=\"_blank\" rel=\"noreferrer noopener\">GP2<\/a><\/strong><\/p>\n\n\n\n<figure class=\"wp-block-image aligncenter size-full\"><img decoding=\"async\" src=\"https:\/\/www.grandepremio.com\/br\/wp-content\/uploads\/2023\/07\/F1Eo1A8WwAAGKXO.jpg\" alt=\"\" class=\"wp-image-707758\"\/><figcaption class=\"wp-element-caption\">Pole, vit\u00f3ria e volta mais r\u00e1pida: Mitch Evans foi perfeito no s\u00e1bado de Roma (Foto: F\u00f3rmula E)<\/figcaption><\/figure>\n\n\n\n<p class=\"wp-block-paragraph\">Depois de Bird rodar na reta que leva \u00e0 curva 7, um dos setores mais ondulados do asfalto, o caos tomou conta da corrida em Roma. Praticamente todos os pilotos que vinham atr\u00e1s tiveram muitas dificuldades para desviar do carro #10, algo que <strong>S\u00e9bastien<\/strong> <strong>Buemi<\/strong> e <strong>Edoardo<\/strong> <strong>Mortara<\/strong> n\u00e3o conseguiram fazer. Em cena assustadora, a grande sorte do dia foi que a batida em &#8216;T&#8217; entre o su\u00ed\u00e7o e o ingl\u00eas n\u00e3o deixou consequ\u00eancias mais graves.<\/p>\n\n\n\n<p class=\"wp-block-paragraph\">Al\u00e9m de Bird, Buemi e Mortara, <strong>Lucas Di Grassi<\/strong>, <strong>Robin<\/strong> <strong>Frijns<\/strong> e <strong>Ant\u00f3nio F\u00e9lix da Costa<\/strong> foram envolvidos no incidente, tamb\u00e9m n\u00e3o conseguiram evitar os danos e abandonaram a prova. Depois de longa paralisa\u00e7\u00e3o, os carros retornaram \u00e0 pista com Evans ainda em segundo, logo atr\u00e1s de <strong>Sacha<\/strong> <strong>Fenestraz<\/strong>, mas com um <strong>Jake<\/strong> <strong>Dennis<\/strong> sedento por sangue em quarto.<\/p>\n\n\n\n<p class=\"wp-block-paragraph\">Por\u00e9m, a estrat\u00e9gia do brit\u00e2nico, que enfileirou rapidamente <strong>Ren\u00e9<\/strong> <strong>Rast<\/strong>, Evans e Fenestraz para tomar a primeira posi\u00e7\u00e3o, logo se provaria errada. Dennis gastou um verdadeiro caminh\u00e3o de energia, o que o prejudicou na reta final e o fez perder diversas posi\u00e7\u00f5e<strong>s. <\/strong>No fim, ainda conseguiu salvar um important\u00edssimo quarto lugar, milagroso para as condi\u00e7\u00f5es em que se encontrava.<\/p>\n\n\n\n<p class=\"wp-block-paragraph\">Assim, sem chamar tanta aten\u00e7\u00e3o, mas com o controle da corrida completamente em m\u00e3os, Evans <a href=\"https:\/\/www.grandepremio.com\/br\/formula-e\/noticias\/mitch-evans-vence-caotico-ep-de-roma-1-formula-e-marcado-big-one-sergio-sette-camara-9o\/\" target=\"_blank\" aria-label=\"venceu mais uma (opens in a new tab)\" rel=\"noreferrer noopener\" class=\"ek-link\">venceu mais uma<\/a> \u2014 a quarta em Roma. Do mesmo jeito que fez em 2022, o piloto da Jaguar soube o momento exato de acelerar, segurar o ritmo, economizar energia e pisar fundo. O conhecimento completo sobre o que fazer na pista italiana salta aos olhos, e a domin\u00e2ncia n\u00e3o se comprova apenas ao liderar o pelot\u00e3o \u2014 mas tamb\u00e9m no entendimento de quando se deve largar a ponta para economizar bateria.<\/p>\n\n\n\n<figure class=\"wp-block-image aligncenter size-large\"><img decoding=\"async\" src=\"https:\/\/www.grandepremio.com\/br\/wp-content\/uploads\/2023\/06\/EPS910_144709_ALS1892-2048x2048-1-1024x683.jpg\" alt=\"\" class=\"wp-image-690841\"\/><figcaption class=\"wp-element-caption\">Wehrlein teve um dia para esquecer, mas conseguiu limitar os danos e somar pontos (Foto: F\u00f3rmula E)<\/figcaption><\/figure>\n\n\n\n<p class=\"wp-block-paragraph\">Sobrou tempo at\u00e9 para um erro inaceit\u00e1vel por parte do neozeland\u00eas, que <strong>errou<\/strong> a ativa\u00e7\u00e3o do modo de ataque j\u00e1 no fim da corrida e precisou passar novamente pelo tra\u00e7ado externo. Acabou n\u00e3o custando no fim, j\u00e1 que Dennis n\u00e3o tinha energia para se segurar na lideran\u00e7a, mas serve de <strong>alerta<\/strong> em uma batalha t\u00e3o apertada pelo t\u00edtulo.<\/p>\n\n\n\n<p class=\"wp-block-paragraph\">Falando na disputa pela ta\u00e7a, Mitch conseguiu ganhar a posi\u00e7\u00e3o de <strong>Pascal<\/strong> <strong>Wehrlein<\/strong> no Mundial, assumiu o terceiro lugar e se encontra <strong>20<\/strong> pontos atr\u00e1s do l\u00edder, novamente <strong>Nick<\/strong> <strong>Cassidy<\/strong>. Com mais uma corrida pela frente neste fim de semana \u2014 e em seu local favorito \u2014, o neozeland\u00eas tem tudo para chegar em <strong>Londres<\/strong>, parada final do campeonato, em condi\u00e7\u00f5es de buscar a conquista.<\/p>\n\n\n\n<p class=\"wp-block-paragraph\"><strong>Cassidy<\/strong> manteve a incr\u00edvel regularidade de 2023 e fechou em segundo, o que o devolveu \u00e0 ponta do Mundial de Pilotos, com cinco pontos de vantagem para <strong>Dennis<\/strong> [<strong>171<\/strong> a <strong>166<\/strong>]. Por sua vez, o ingl\u00eas foi o grande perdedor da tarde italiana e, al\u00e9m de deixar a ponta para o rival da <strong>Envision<\/strong>, ainda viu a vantagem diminuir significativamente para Evans.<\/p>\n\n\n\n<figure class=\"wp-block-image aligncenter size-large\"><img decoding=\"async\" src=\"https:\/\/www.grandepremio.com\/br\/wp-content\/uploads\/2023\/01\/EPS902_140035_FC_0748-2048x2048-1-1024x683.jpg\" alt=\"\" class=\"wp-image-647732\"\/><figcaption class=\"wp-element-caption\">Dennis precisou se defender desesperadamente nos instantes finais de corrida (Foto: F\u00f3rmula E)<\/figcaption><\/figure>\n\n\n\n<p class=\"wp-block-paragraph\">Por fim, <strong>Pascal<\/strong> <strong>Wehrlein<\/strong>. L\u00edder com sobras do campeonato nas primeiras rodadas, o alem\u00e3o simplesmente n\u00e3o se encontra em ritmo de classifica\u00e7\u00e3o \u2014 assim, invariavelmente, precisa buscar posi\u00e7\u00f5es na pista. Em um tra\u00e7ado t\u00e3o apertado e ondulado como Roma, as chances de um acidente aumentam significativamente \u2014 e foi exatamente o que aconteceu.<\/p>\n\n\n\n<p class=\"wp-block-paragraph\">Ainda na primeira volta, o alem\u00e3o da <strong>Porsche<\/strong> precisou ir aos boxes ap\u00f3s ter seu bico quebrado em entrevero ocorrido entre <strong>Edoardo<\/strong> <strong>Mortara<\/strong> e <strong>S\u00e9bastien<\/strong> <strong>Buemi<\/strong>. No fundo do pelot\u00e3o, Pascal aproveitou o caos proporcionado pelo acidente de Bird e ainda escalou o grid para chegar em s\u00e9timo. Longe do necess\u00e1rio para buscar o t\u00edtulo, mas, ainda assim, uma limita\u00e7\u00e3o de danos fundamental para seguir na briga.<\/p>\n\n\n\n<p class=\"wp-block-paragraph\">A<strong> F\u00f3rmula E<\/strong> retorna j\u00e1 neste domingo, com o <strong>TL3<\/strong> de <strong>Roma<\/strong> previsto para as <strong>2h55<\/strong> (hor\u00e1rio de Bras\u00edlia), classifica\u00e7\u00e3o \u00e0s <strong>5h20<\/strong> e corrida 2 a partir das <strong>9h30<\/strong>. O <strong>GRANDE<\/strong> <strong>PR\u00caMIO<\/strong>, emissora oficial da categoria no Brasil, transmite todas as atividades <strong><span style=\"text-decoration: underline;\" class=\"ek-underline\">AO VIVO e COM IMAGENS<\/span><\/strong> no <strong><a href=\"https:\/\/www.youtube.com\/c\/GrandePremioTV\" class=\"ek-link\">YouTube<\/a><\/strong> e no <strong><a href=\"https:\/\/m.kwai.com\/user\/@grandepremio\" target=\"_blank\" aria-label=\"Kwai (opens in a new tab)\" rel=\"noreferrer noopener\" class=\"ek-link\">Kwai<\/a><\/strong>.<\/p>\n\n\n\n<figure class=\"wp-block-embed is-type-video is-provider-youtube wp-block-embed-youtube wp-embed-aspect-16-9 wp-has-aspect-ratio\"><div class=\"wp-block-embed__wrapper\">\n<iframe loading=\"lazy\" title=\"F\u00d3RMULA E 2023 - eP DE ROMA | 13\u00aa etapa | Corrida\" width=\"500\" height=\"281\" src=\"https:\/\/www.youtube.com\/embed\/X2WcpgkC-3Y?feature=oembed\" frameborder=\"0\" allow=\"accelerometer; autoplay; clipboard-write; encrypted-media; gyroscope; picture-in-picture; web-share\" referrerpolicy=\"strict-origin-when-cross-origin\" allowfullscreen><\/iframe>\n<\/div><\/figure>\n","protected":false},"excerpt":{"rendered":"<p>Toda a conversa em torno do favoritismo de Mitch Evans em Roma n\u00e3o foi \u00e0 toa: em mais uma exibi\u00e7\u00e3o absurda, o neozeland\u00eas aliou velocidade e intelig\u00eancia para completar outra jornada incr\u00edvel com vit\u00f3ria. Decididamente, \u00e9 o homem a ser batido na capital italiana<\/p>\n","protected":false},"author":0,"featured_media":1000707848,"comment_status":"closed","ping_status":"closed","sticky":false,"template":"","format":"standard","meta":{"42wp_featured_image_caption":"","42wp_featured_image_credits":"","42wp_featured_video":"","42wp_featured_image_hidden":false,"42wp_authors_list":[],"footnotes":""},"categories":[19],"tags":[28679,6853,5378,379,30779,840,31435,1601,1491,30103,28285,910,909],"42wp_author":[47142],"class_list":["post-101121","post","type-post","status-publish","format-standard","has-post-thumbnail","hentry","category-formula-e","tag-calendario-formula-e","tag-classificacao-formula-e","tag-ep-de-roma","tag-fe","tag-fe-2023","tag-formula-e","tag-formula-e-2023","tag-gen3","tag-grande-premio","tag-grande-premio-f1","tag-grandepremio","tag-jaguar","tag-mitch-evans","42wp_author-jp-nascimento"],"_links":{"self":[{"href":"https:\/\/grandepremio.com\/br\/wp-json\/wp\/v2\/posts\/101121","targetHints":{"allow":["GET"]}}],"collection":[{"href":"https:\/\/grandepremio.com\/br\/wp-json\/wp\/v2\/posts"}],"about":[{"href":"https:\/\/grandepremio.com\/br\/wp-json\/wp\/v2\/types\/post"}],"replies":[{"embeddable":true,"href":"https:\/\/grandepremio.com\/br\/wp-json\/wp\/v2\/comments?post=101121"}],"version-history":[{"count":0,"href":"https:\/\/grandepremio.com\/br\/wp-json\/wp\/v2\/posts\/101121\/revisions"}],"wp:featuredmedia":[{"embeddable":true,"href":"https:\/\/grandepremio.com\/br\/wp-json\/wp\/v2\/media\/1000707848"}],"wp:attachment":[{"href":"https:\/\/grandepremio.com\/br\/wp-json\/wp\/v2\/media?parent=101121"}],"wp:term":[{"taxonomy":"category","embeddable":true,"href":"https:\/\/grandepremio.com\/br\/wp-json\/wp\/v2\/categories?post=101121"},{"taxonomy":"post_tag","embeddable":true,"href":"https:\/\/grandepremio.com\/br\/wp-json\/wp\/v2\/tags?post=101121"},{"taxonomy":"42wp_author","embeddable":true,"href":"https:\/\/grandepremio.com\/br\/wp-json\/wp\/v2\/42wp_author?post=101121"}],"curies":[{"name":"wp","href":"https:\/\/api.w.org\/{rel}","templated":true}]}}