{"id":101139,"date":"2023-07-15T04:16:40","date_gmt":"2023-07-15T07:16:40","guid":{"rendered":"https:\/\/grandepremio.com\/br\/noticias\/mitch-evans-volta-voadora-superar-jake-dennis-tl2-ep-de-roma-formula-e\/"},"modified":"2023-07-15T04:46:57","modified_gmt":"2023-07-15T07:46:57","slug":"mitch-evans-volta-voadora-superar-jake-dennis-tl2-ep-de-roma-formula-e","status":"publish","type":"post","link":"https:\/\/grandepremio.com\/br\/formula-e\/mitch-evans-volta-voadora-superar-jake-dennis-tl2-ep-de-roma-formula-e\/","title":{"rendered":"Evans faz volta voadora para superar Dennis e lidera TL2 do eP de Roma na F\u00f3rmula E"},"content":{"rendered":"\n<p class=\"wp-block-paragraph\">Questionado ao longo do fim de semana sobre o hist\u00f3rico vencedor no <strong>eP de Roma<\/strong>, <strong>Mitch Evans <\/strong>fez jus ao nome neste s\u00e1bado (15) e liderou o <strong>TL2 <\/strong>da 13\u00aa etapa da <strong>F\u00f3rmula E<\/strong> com uma volta voadora de <strong>1min37s881<\/strong>, o suficiente para deix\u00e1-lo <strong>0s613 <\/strong>\u00e0 frente do segundo colocado <strong>Jake Dennis<\/strong>, da <strong>Andretti<\/strong>. <strong>Ant\u00f3nio<\/strong> <strong>F\u00e9lix da Costa<\/strong>, com a <strong>Porsche<\/strong>, completou os tr\u00eas primeiros colocados em mais um dia de muitas escapadas na curva 4.<\/p>\n\n\n\n<p class=\"wp-block-paragraph\"><a href=\"https:\/\/www.youtube.com\/watch?v=Rj8TJpu-TdQ\" target=\"_blank\" aria-label=\"Assim como no TL1 (opens in a new tab)\" rel=\"noreferrer noopener\" class=\"ek-link\">Assim como no <strong>TL1<\/strong><\/a>, os pilotos tiveram problemas com uma das curvas de 90\u00ba do circuito \u2014 e v\u00e1rios deles foram parar fora da pista. <strong>S\u00e9rgio Sette C\u00e2mara<\/strong>, <strong>Dan Ticktum<\/strong>, <strong>Jake<\/strong> <strong>Hughes <\/strong>e <strong>Da Costa<\/strong>, entre outros, sofreram com o setor, mas conseguiram passar sem maiores incidentes.<\/p>\n\n\n\n<p class=\"wp-block-paragraph\">Por falar no brasileiro, Sette C\u00e2mara finalizou o TL2 na <strong>14\u00aa <\/strong>posi\u00e7\u00e3o, um posto atr\u00e1s do companheiro Ticktum, com <strong>1min39s007 <\/strong>em sua volta mais r\u00e1pida. <strong>Lucas Di Grassi<\/strong>, por outro lado, viveu uma sess\u00e3o um pouco melhor do que a abertura do fim de semana, em que praticamente n\u00e3o foi \u00e0 pista, mas terminou apenas em <strong>19\u00ba<\/strong>, com <strong>1min39s560<\/strong>.<\/p>\n\n\n\n<p class=\"wp-block-paragraph\"><strong>\u25b6\ufe0f&nbsp;<a href=\"https:\/\/www.twitch.tv\/grandepremio\" target=\"_blank\" rel=\"noreferrer noopener\">Conhe\u00e7a o canal do GRANDE PR\u00caMIO na Twitch clicando aqui!<\/a><\/strong><\/p>\n\n\n\n<figure class=\"wp-block-image size-large\"><img decoding=\"async\" src=\"https:\/\/www.grandepremio.com\/br\/wp-content\/uploads\/2023\/06\/EPS912_122539SMG_7390-2048x2048-1-1024x683.jpg\" alt=\"\" class=\"wp-image-700538\"\/><figcaption class=\"wp-element-caption\">Dennis precisou se contentar com o segundo lugar no TL2 de Roma (Foto: F\u00f3rmula E)<\/figcaption><\/figure>\n\n\n\n<p class=\"wp-block-paragraph\"><strong>\u25b6\ufe0f&nbsp;Inscreva-se nos dois canais do GRANDE PR\u00caMIO no YouTube:&nbsp;<a href=\"https:\/\/www.youtube.com\/channel\/UC9OlHEgxoaY6QY6nWPoiqQg?sub_confirmation=1\" target=\"_blank\" rel=\"noreferrer noopener\">GP<\/a>&nbsp;|&nbsp;<a href=\"https:\/\/www.youtube.com\/channel\/UC9csiS6q_C3C0FYhyr1rnFA?sub_confirmation=1\" target=\"_blank\" rel=\"noreferrer noopener\">GP2<\/a><\/strong><\/p>\n\n\n\n<p class=\"wp-block-paragraph\">Entre os postulantes ao t\u00edtulo mundial, apenas <strong>Nick<\/strong> <strong>Cassidy <\/strong>n\u00e3o conseguiu uma posi\u00e7\u00e3o de destaque no treino livre, seguindo quase que uma tradi\u00e7\u00e3o da <strong>Envision <\/strong>nas \u00faltimas etapas. Enquanto Evans e Dennis lideraram nas duas primeiras posi\u00e7\u00f5es, <strong>Pascal<\/strong> <strong>Wehrlein <\/strong>foi o <strong>quarto <\/strong>e o neozeland\u00eas terminou em <strong>15\u00ba<\/strong>.<\/p>\n\n\n\n<p class=\"wp-block-paragraph\">No fim, o top-10 ficou da seguinte forma: <strong>Evans<\/strong>, <strong>Dennis<\/strong>, <strong>Da Costa<\/strong>, <strong>Wehrlein<\/strong>, <strong>Edoardo Mortara<\/strong>, <strong>Andr\u00e9 Lotterer<\/strong>, <strong>S\u00e9bastien<\/strong> <strong>Buemi<\/strong>, <strong>Stoffel Vandoorne<\/strong>, <strong>Maximilian G\u00fcnther <\/strong>e<strong> Jean-\u00c8ric Vergne<\/strong>.<\/p>\n\n\n\n<p class=\"wp-block-paragraph\">As atividades do\u00a0<strong>eP de\u00a0<a href=\"https:\/\/www.grandepremio.com\/br\/circuito\/roma\/\" target=\"_blank\" rel=\"noreferrer noopener\">Roma<\/a><\/strong>\u00a0continuam na madrugada deste s\u00e1bado, com a <strong>classifica\u00e7\u00e3o\u00a0<\/strong>prevista para come\u00e7ar \u00e0s\u00a0<strong>5h40<\/strong> (hor\u00e1rio de Bras\u00edlia), enquanto a\u00a0<strong>corrida 1<\/strong>\u00a0est\u00e1 marcada para as\u00a0<strong>10h<\/strong>. O\u00a0<strong>GRANDE PR\u00caMIO<\/strong>, emissora oficial da\u00a0<strong>F\u00f3rmula E<\/strong>\u00a0no Brasil, transmite todas as atividades de pista\u00a0<strong>AO VIVO e COM IMAGENS<\/strong>\u00a0no\u00a0<strong><a href=\"https:\/\/www.youtube.com\/c\/GrandePremioTV\" target=\"_blank\" rel=\"noreferrer noopener\">YouTube<\/a><\/strong>\u00a0e no\u00a0<strong><a href=\"https:\/\/m.kwai.com\/user\/@grandepremio\" target=\"_blank\" rel=\"noreferrer noopener\">Kwai<\/a><\/strong>.<\/p>\n\n\n\n<h2 class=\"wp-block-heading\" id=\"h-formula-e-2022-23-ep-de-roma-tl2\">F\u00f3rmula E 2022\/23, eP de Roma, TL2:<\/h2>\n\n\n\n<figure class=\"wp-block-table\"><table><tbody><tr><td>1<\/td><td>M EVANS<\/td><td>Jaguar<\/td><td>1:37.881<\/td><td>&nbsp;<\/td><\/tr><tr><td>2<\/td><td>J DENNIS<\/td><td>Andretti<\/td><td>1:38.494<\/td><td>+0.613<\/td><\/tr><tr><td>3<\/td><td>A.F DA COSTA<\/td><td>Porsche<\/td><td>1:38.638<\/td><td>+0.757<\/td><\/tr><tr><td>4<\/td><td>P WEHRLEIN<\/td><td>Porsche<\/td><td>1:38.639<\/td><td>+0.758<\/td><\/tr><tr><td>5<\/td><td>E MORTARA<\/td><td>Maserati<\/td><td>1:38.681<\/td><td>+0.800<\/td><\/tr><tr><td>6<\/td><td>A LOTTERER<\/td><td>Andretti<\/td><td>1:38.692<\/td><td>+0.811<\/td><\/tr><tr><td>7<\/td><td>S BUEMI<\/td><td>Envision<\/td><td>1:38.695<\/td><td>+0.814<\/td><\/tr><tr><td>8<\/td><td>S VANDOORNE<\/td><td>DS Penske<\/td><td>1:38.753<\/td><td>+0.872<\/td><\/tr><tr><td>9<\/td><td>M G\u00dcNTHER<\/td><td>Maserati<\/td><td>1:38.772<\/td><td>+0.891<\/td><\/tr><tr><td>10<\/td><td>J.E VERGNE<\/td><td>DS Penske<\/td><td>1:38.870<\/td><td>+0.989<\/td><\/tr><tr><td>11<\/td><td>S FENESTRAZ<\/td><td>Nissan<\/td><td>1:38.905<\/td><td>+1.024<\/td><\/tr><tr><td>12<\/td><td>R RAST<\/td><td>McLaren<\/td><td>1:38.944<\/td><td>+1.063<\/td><\/tr><tr><td>13<\/td><td>D TICKTUM<\/td><td>NIO<\/td><td>1:38.964<\/td><td>+1.083<\/td><\/tr><tr><td>14<\/td><td>S. SETTE C\u00c2MARA<\/td><td>NIO<\/td><td>1:39.007<\/td><td>+1.126<\/td><\/tr><tr><td>15<\/td><td>N CASSIDY<\/td><td>Envision<\/td><td>1:39.218<\/td><td>+1.337<\/td><\/tr><tr><td>16<\/td><td>N NATO<\/td><td>Nissan<\/td><td>1:39.224<\/td><td>+1.343<\/td><\/tr><tr><td>17<\/td><td>S BIRD<\/td><td>Jaguar<\/td><td>1:39.479<\/td><td>+1.598<\/td><\/tr><tr><td>18<\/td><td>N M\u00dcLLER<\/td><td>Abt Cupra<\/td><td>1:39.515<\/td><td>+1.634<\/td><\/tr><tr><td>19<\/td><td>L DI GRASSI<\/td><td>Mahindra<\/td><td>1:39.560<\/td><td>+1.679<\/td><\/tr><tr><td>20<\/td><td>J HUGHES<\/td><td>McLaren<\/td><td>1:39.700<\/td><td>+1.819<\/td><\/tr><tr><td>21<\/td><td>R FRIJNS<\/td><td>Abt Cupra<\/td><td>1:40.669<\/td><td>+2.788<\/td><\/tr><tr><td>22<\/td><td>R MERHI<\/td><td>Mahindra<\/td><td>1:41.705<\/td><td>+3.824<\/td><\/tr><\/tbody><\/table><\/figure>\n\n\n\n<figure class=\"wp-block-embed is-type-video is-provider-youtube wp-block-embed-youtube wp-embed-aspect-16-9 wp-has-aspect-ratio\"><div class=\"wp-block-embed__wrapper\">\n<iframe loading=\"lazy\" title=\"F\u00d3RMULA E 2023 - eP DE ROMA | 13\u00aa etapa | Treino Livre 2\" width=\"500\" height=\"281\" src=\"https:\/\/www.youtube.com\/embed\/AXDmUnLQru8?feature=oembed\" frameborder=\"0\" allow=\"accelerometer; autoplay; clipboard-write; encrypted-media; gyroscope; picture-in-picture; web-share\" referrerpolicy=\"strict-origin-when-cross-origin\" allowfullscreen><\/iframe>\n<\/div><\/figure>\n","protected":false},"excerpt":{"rendered":"<p>Mitch Evans j\u00e1 liderava o TL2 do eP de Roma nos \u00faltimos instantes, mas surgiu com uma volta voadora para alargar a diferen\u00e7a para Jake Dennis e deixar \u00f3tima impress\u00e3o antes da classifica\u00e7\u00e3o<\/p>\n","protected":false},"author":0,"featured_media":1000679846,"comment_status":"closed","ping_status":"closed","sticky":false,"template":"","format":"standard","meta":{"42wp_featured_image_caption":"","42wp_featured_image_credits":"","42wp_featured_video":"","42wp_featured_image_hidden":false,"42wp_authors_list":[],"footnotes":""},"categories":[19],"tags":[417,28679,6853,5378,379,30779,840,31435,1601,1491,30103,28285,910,8928,909,1708],"42wp_author":[47142],"class_list":["post-101139","post","type-post","status-publish","format-standard","has-post-thumbnail","hentry","category-formula-e","tag-andretti","tag-calendario-formula-e","tag-classificacao-formula-e","tag-ep-de-roma","tag-fe","tag-fe-2023","tag-formula-e","tag-formula-e-2023","tag-gen3","tag-grande-premio","tag-grande-premio-f1","tag-grandepremio","tag-jaguar","tag-jake-dennis","tag-mitch-evans","tag-tl2","42wp_author-jp-nascimento"],"_links":{"self":[{"href":"https:\/\/grandepremio.com\/br\/wp-json\/wp\/v2\/posts\/101139","targetHints":{"allow":["GET"]}}],"collection":[{"href":"https:\/\/grandepremio.com\/br\/wp-json\/wp\/v2\/posts"}],"about":[{"href":"https:\/\/grandepremio.com\/br\/wp-json\/wp\/v2\/types\/post"}],"replies":[{"embeddable":true,"href":"https:\/\/grandepremio.com\/br\/wp-json\/wp\/v2\/comments?post=101139"}],"version-history":[{"count":0,"href":"https:\/\/grandepremio.com\/br\/wp-json\/wp\/v2\/posts\/101139\/revisions"}],"wp:featuredmedia":[{"embeddable":true,"href":"https:\/\/grandepremio.com\/br\/wp-json\/wp\/v2\/media\/1000679846"}],"wp:attachment":[{"href":"https:\/\/grandepremio.com\/br\/wp-json\/wp\/v2\/media?parent=101139"}],"wp:term":[{"taxonomy":"category","embeddable":true,"href":"https:\/\/grandepremio.com\/br\/wp-json\/wp\/v2\/categories?post=101139"},{"taxonomy":"post_tag","embeddable":true,"href":"https:\/\/grandepremio.com\/br\/wp-json\/wp\/v2\/tags?post=101139"},{"taxonomy":"42wp_author","embeddable":true,"href":"https:\/\/grandepremio.com\/br\/wp-json\/wp\/v2\/42wp_author?post=101139"}],"curies":[{"name":"wp","href":"https:\/\/api.w.org\/{rel}","templated":true}]}}