{"id":101145,"date":"2023-07-14T21:10:00","date_gmt":"2023-07-15T00:10:00","guid":{"rendered":"https:\/\/grandepremio.com\/br\/noticias\/formula-e-vai-passar-na-tv-hoje-onde-assistir-classificacao-ep-de-roma\/"},"modified":"2023-07-14T16:13:10","modified_gmt":"2023-07-14T19:13:10","slug":"formula-e-vai-passar-na-tv-hoje-onde-assistir-classificacao-ep-de-roma","status":"publish","type":"post","link":"https:\/\/grandepremio.com\/br\/formula-e\/formula-e-vai-passar-na-tv-hoje-onde-assistir-classificacao-ep-de-roma\/","title":{"rendered":"F\u00f3rmula E vai passar na TV hoje? Saiba onde assistir \u00e0 classifica\u00e7\u00e3o do eP de Roma"},"content":{"rendered":"\n<p class=\"wp-block-paragraph\">Enquanto <a href=\"https:\/\/www.grandepremio.com\/br\/formula-e\/noticias\/portland-afunila-formula-e-vez-mitch-evans-xeque-mate-ep-de-roma\/\" target=\"_blank\" aria-label=\"a batalha pelo t\u00edtulo mundial pega fogo (opens in a new tab)\" rel=\"noreferrer noopener\" class=\"ek-link\">a batalha pelo t\u00edtulo mundial pega fogo<\/a>, a <strong>F\u00f3rmula E<\/strong> desembarca em <strong>Roma <\/strong>neste fim de semana para disputar sua pen\u00faltima rodada dupla na temporada 2022\/23. Emissora oficial da categoria no Brasil, o <strong>GRANDE PR\u00caMIO <\/strong>vai transmitir todas as sess\u00f5es <strong><span style=\"text-decoration: underline;\" class=\"ek-underline\">AO VIVO e COM IMAGENS<\/span><\/strong> no <a href=\"https:\/\/www.youtube.com\/c\/GrandePremioTV\" target=\"_blank\" aria-label=\"YouTube (opens in a new tab)\" rel=\"noreferrer noopener\" class=\"ek-link\">YouTube<\/a>.<\/p>\n\n\n\n<p class=\"wp-block-paragraph\">O fim de semana de Roma reserva n\u00e3o apenas uma, mas <strong>duas <\/strong>classifica\u00e7\u00f5es para o p\u00fablico. A primeira, referente ao grid de largada da corrida 1, acontece \u00e0s <strong>5h40 <\/strong>(hor\u00e1rio de Bras\u00edlia) de s\u00e1bado (15). Antes disso, o dia ainda conta com o <strong>TL2<\/strong> a partir de <strong>3h10<\/strong>.<\/p>\n\n\n\n<p class=\"wp-block-paragraph\">Para definir a ordem da segunda prova, os pilotos voltam \u00e0 pista no <strong>domingo<\/strong>, tamb\u00e9m \u00e0s <strong>5h40<\/strong>. Assim como no dia anterior, o <strong>TL3<\/strong> acontece \u00e0s <strong>3h10<\/strong>.<\/p>\n\n\n\n<p class=\"wp-block-paragraph\"><strong>\u25b6\ufe0f&nbsp;<a href=\"https:\/\/www.twitch.tv\/grandepremio\" target=\"_blank\" rel=\"noreferrer noopener\">Conhe\u00e7a o canal do GRANDE PR\u00caMIO na Twitch clicando aqui!<\/a><\/strong><\/p>\n\n\n\n<figure class=\"wp-block-image size-full\"><img decoding=\"async\" src=\"https:\/\/www.grandepremio.com\/br\/wp-content\/uploads\/2023\/06\/Fzb0c_vXwAAzVgO.jpg\" alt=\"\" class=\"wp-image-699913\"\/><figcaption class=\"wp-element-caption\">Nick Cassidy venceu em Portland e est\u00e1 em posi\u00e7\u00e3o excelente para brigar pelo t\u00edtulo (Foto: Envision)<\/figcaption><\/figure>\n\n\n\n<p class=\"wp-block-paragraph\"><strong>\u25b6\ufe0f&nbsp;Inscreva-se nos dois canais do GRANDE PR\u00caMIO no YouTube:&nbsp;<a href=\"https:\/\/www.youtube.com\/channel\/UC9OlHEgxoaY6QY6nWPoiqQg?sub_confirmation=1\" target=\"_blank\" rel=\"noreferrer noopener\">GP<\/a>&nbsp;|&nbsp;<a href=\"https:\/\/www.youtube.com\/channel\/UC9csiS6q_C3C0FYhyr1rnFA?sub_confirmation=1\" target=\"_blank\" rel=\"noreferrer noopener\">GP2<\/a><\/strong><\/p>\n\n\n\n<p class=\"wp-block-paragraph\"><strong>Jake Dennis <\/strong>possui um ponto de vantagem para <strong>Nick Cassidy <\/strong>na lideran\u00e7a do campeonato [<strong>154 <\/strong>a <strong>153<\/strong>], enquanto <strong>Pascal Wehrlein <\/strong>[<strong>138<\/strong>] e <strong>Mitch Evans<\/strong> [<strong>122<\/strong>] ainda nutrem chances reais de alcan\u00e7ar o t\u00edtulo.<\/p>\n\n\n\n<p class=\"wp-block-paragraph\">O <strong>eP de Roma<\/strong> reserva a pen\u00faltima rodada dupla da temporada 2022\/23, a primeira dos carros <strong>Gen3<\/strong>, que ser\u00e1 conclu\u00edda no fim do m\u00eas. Entre <strong>29 <\/strong>e <strong>30 <\/strong>de julho, a F\u00f3rmula E encerra o campeonato deste ano com mais duas corridas em <strong>Londres<\/strong>.<\/p>\n\n\n\n<h3 class=\"wp-block-heading\" id=\"h-classificacao-do-ep-de-roma-1\">Classifica\u00e7\u00e3o do eP de Roma 1<\/h3>\n\n\n\n<figure class=\"wp-block-embed is-type-video is-provider-youtube wp-block-embed-youtube wp-embed-aspect-16-9 wp-has-aspect-ratio\"><div class=\"wp-block-embed__wrapper\">\n<iframe loading=\"lazy\" title=\"F\u00d3RMULA E 2023 - eP DE ROMA | 13\u00aa etapa | Classifica\u00e7\u00e3o\" width=\"500\" height=\"281\" src=\"https:\/\/www.youtube.com\/embed\/0M0v4UOOmXY?feature=oembed\" frameborder=\"0\" allow=\"accelerometer; autoplay; clipboard-write; encrypted-media; gyroscope; picture-in-picture; web-share\" referrerpolicy=\"strict-origin-when-cross-origin\" allowfullscreen><\/iframe>\n<\/div><\/figure>\n\n\n\n<h3 class=\"wp-block-heading\">Classifica\u00e7\u00e3o do eP de Roma 2<\/h3>\n\n\n\n<figure class=\"wp-block-embed is-type-video is-provider-youtube wp-block-embed-youtube wp-embed-aspect-16-9 wp-has-aspect-ratio\"><div class=\"wp-block-embed__wrapper\">\n<iframe loading=\"lazy\" title=\"F\u00d3RMULA E 2023 - eP DE ROMA | 14\u00aa etapa | Classifica\u00e7\u00e3o\" width=\"500\" height=\"281\" src=\"https:\/\/www.youtube.com\/embed\/suTf0Lf-bK0?feature=oembed\" frameborder=\"0\" allow=\"accelerometer; autoplay; clipboard-write; encrypted-media; gyroscope; picture-in-picture; web-share\" referrerpolicy=\"strict-origin-when-cross-origin\" allowfullscreen><\/iframe>\n<\/div><\/figure>\n","protected":false},"excerpt":{"rendered":"<p>A F\u00f3rmula E realiza sua pen\u00faltima rodada dupla da temporada no eP de Roma, neste fim de semana, e o GRANDE PR\u00caMIO \u2014 emissora oficial da categoria no Brasil \u2014 separou todos os hor\u00e1rios para voc\u00ea n\u00e3o perder um minuto sequer das atividades de pista<\/p>\n","protected":false},"author":0,"featured_media":1000700546,"comment_status":"closed","ping_status":"closed","sticky":false,"template":"","format":"standard","meta":{"42wp_featured_image_caption":"","42wp_featured_image_credits":"","42wp_featured_video":"","42wp_featured_image_hidden":false,"42wp_authors_list":[],"footnotes":""},"categories":[19],"tags":[28679,6853,5378,379,30779,840,31435,1601,1491,30103,28285],"42wp_author":[47142],"class_list":["post-101145","post","type-post","status-publish","format-standard","has-post-thumbnail","hentry","category-formula-e","tag-calendario-formula-e","tag-classificacao-formula-e","tag-ep-de-roma","tag-fe","tag-fe-2023","tag-formula-e","tag-formula-e-2023","tag-gen3","tag-grande-premio","tag-grande-premio-f1","tag-grandepremio","42wp_author-jp-nascimento"],"_links":{"self":[{"href":"https:\/\/grandepremio.com\/br\/wp-json\/wp\/v2\/posts\/101145","targetHints":{"allow":["GET"]}}],"collection":[{"href":"https:\/\/grandepremio.com\/br\/wp-json\/wp\/v2\/posts"}],"about":[{"href":"https:\/\/grandepremio.com\/br\/wp-json\/wp\/v2\/types\/post"}],"replies":[{"embeddable":true,"href":"https:\/\/grandepremio.com\/br\/wp-json\/wp\/v2\/comments?post=101145"}],"version-history":[{"count":0,"href":"https:\/\/grandepremio.com\/br\/wp-json\/wp\/v2\/posts\/101145\/revisions"}],"wp:featuredmedia":[{"embeddable":true,"href":"https:\/\/grandepremio.com\/br\/wp-json\/wp\/v2\/media\/1000700546"}],"wp:attachment":[{"href":"https:\/\/grandepremio.com\/br\/wp-json\/wp\/v2\/media?parent=101145"}],"wp:term":[{"taxonomy":"category","embeddable":true,"href":"https:\/\/grandepremio.com\/br\/wp-json\/wp\/v2\/categories?post=101145"},{"taxonomy":"post_tag","embeddable":true,"href":"https:\/\/grandepremio.com\/br\/wp-json\/wp\/v2\/tags?post=101145"},{"taxonomy":"42wp_author","embeddable":true,"href":"https:\/\/grandepremio.com\/br\/wp-json\/wp\/v2\/42wp_author?post=101145"}],"curies":[{"name":"wp","href":"https:\/\/api.w.org\/{rel}","templated":true}]}}