{"id":101160,"date":"2023-07-14T08:42:14","date_gmt":"2023-07-14T11:42:14","guid":{"rendered":"https:\/\/grandepremio.com\/br\/noticias\/formula-1-estuda-premiacao-grand-slam-corridas-sprint-temporada-2024\/"},"modified":"2023-07-14T08:55:44","modified_gmt":"2023-07-14T11:55:44","slug":"formula-1-estuda-premiacao-grand-slam-corridas-sprint-temporada-2024","status":"publish","type":"post","link":"https:\/\/grandepremio.com\/br\/f1\/formula-1-estuda-premiacao-grand-slam-corridas-sprint-temporada-2024\/","title":{"rendered":"F\u00f3rmula 1 estuda premia\u00e7\u00e3o &#8216;Grand Slam&#8217; para corridas sprint na temporada 2024"},"content":{"rendered":"\n<p class=\"wp-block-paragraph\">A <strong>F\u00f3rmula 1 <\/strong>planeja para a <strong>temporada 2024<\/strong> aprimorar o conceito de que as corridas sprint sejam um evento \u00e0 parte no calend\u00e1rio, com direito a premia\u00e7\u00e3o especial. De acordo com o chef\u00e3o da categoria, <strong>Stefano Domenicali<\/strong>, a ideia \u00e9 transformar o fim de semana que conta com a prova curta numa esp\u00e9cie de &#8216;Grand Slam&#8217;.<\/p>\n\n\n\n<p class=\"wp-block-paragraph\">Domenicali falou \u00e0 revista inglesa <em>Autosport <\/em>sobre os planos para o pr\u00f3ximo ano e revelou que, assim como nesta temporada, ser\u00e3o seis sprint, por\u00e9m as pra\u00e7as ser\u00e3o conhecidas apenas em setembro. Antes, a categoria far\u00e1 uma reuni\u00e3o durante o fim de semana do<strong> GP da B\u00e9lgica<\/strong>, de 28 a 30 de julho, e o futuro da sprint ser\u00e1 uma das pautas em quest\u00e3o.<\/p>\n\n\n\n<p class=\"wp-block-paragraph\"><strong>\u25b6\ufe0f\u00a0Inscreva-se nos dois canais do GRANDE PR\u00caMIO no YouTube:\u00a0<a href=\"https:\/\/www.youtube.com\/channel\/UC9OlHEgxoaY6QY6nWPoiqQg?sub_confirmation=1\" target=\"_blank\" rel=\"noreferrer noopener\">GP<\/a>\u00a0|\u00a0<a href=\"https:\/\/www.youtube.com\/channel\/UC9csiS6q_C3C0FYhyr1rnFA?sub_confirmation=1\" target=\"_blank\" rel=\"noreferrer noopener\">GP2<\/a><\/strong><br><strong>\u25b6\ufe0f\u00a0<a href=\"https:\/\/www.twitch.tv\/grandepremio\" target=\"_blank\" rel=\"noreferrer noopener\">Conhe\u00e7a o canal do GRANDE PR\u00caMIO na Twitch clicando aqui!<\/a><\/strong><\/p>\n\n\n\n<figure class=\"wp-block-image size-full\"><img decoding=\"async\" src=\"https:\/\/www.grandepremio.com\/br\/wp-content\/uploads\/2023\/03\/domenicali.png\" alt=\"DOMENICALI\" class=\"wp-image-665900\"\/><figcaption class=\"wp-element-caption\">Stefano Domenicali quer transformar os fins de semana de sprint em um evento \u00fanico na F1 (Foto: F\u00f3rmula 1)<\/figcaption><\/figure>\n\n\n\n<p class=\"wp-block-paragraph\">&#8220;Ser\u00e3o seis sprint, e vamos anunci\u00e1-las em setembro, creio, porque teremos uma reuni\u00e3o da comiss\u00e3o de F\u00f3rmula 1 marcada para o fim de semana do <strong>GP da B\u00e9lgica<\/strong>&#8220;, come\u00e7ou o italiano &#8220;H\u00e1 uma proposta que gostaria de fazer, alinhada com o conceito de &#8216;Grand Slam&#8217;: os pilotos que conquistam as duas poles e as duas vit\u00f3rias nas corridas do final de semana s\u00e3o reconhecidos com algo extra que represente bem o empreendimento esportivo que alcan\u00e7aram.&#8221;<\/p>\n\n\n\n<p class=\"wp-block-paragraph\">Em tradu\u00e7\u00e3o literal, Grand Slam significa &#8216;sensacional&#8217;, &#8216;espetacular&#8217;, mas o termo \u00e9 mais conhecido em competi\u00e7\u00f5es de t\u00eanis, pois representa os quatro principais torneios internacionais do esporte: Austr\u00e1lia Open, US Open , Roland Garros e Wimbledon. Vencer uma dessas competi\u00e7\u00f5es representa, sobretudo, um status diferenciado na carreira.<\/p>\n\n\n\n<p class=\"wp-block-paragraph\">Esse \u00e9 o valor que Domenicali quer conferir ao piloto que domine um final de semana de F1 com a corrida sprint. O chef\u00e3o, no entanto, descartou que o pr\u00eamio especial seja uma pontua\u00e7\u00e3o extra no campeonato al\u00e9m dos tentos que j\u00e1 s\u00e3o distribu\u00eddos na prova curta.<\/p>\n\n\n\n<p class=\"wp-block-paragraph\">A ideia da premia\u00e7\u00e3o ainda n\u00e3o foi discutida com as equipes. A categoria tamb\u00e9m avalia poss\u00edveis mudan\u00e7as no formato do final de semana em si relacionadas aos pneus ou mesmo regras do parque fechado, por\u00e9m tudo s\u00f3 ser\u00e1 decidido ap\u00f3s a reuni\u00e3o que acontecer\u00e1 ao final de julho.<\/p>\n\n\n\n<p class=\"wp-block-paragraph\">Este ano, no Azerbaij\u00e3o, a F\u00f3rmula 1 <a href=\"https:\/\/www.grandepremio.com\/br\/f1\/noticias\/f1-com-sprint-e-duas-sessoes-de-classificacao-e-um-desastre-diz-evelyn-guimaraes\/\" class=\"ek-link\">estreou uma nova configura\u00e7\u00e3o para os eventos com a sprint<\/a>, com classifica\u00e7\u00e3o pr\u00f3pria e deixando-a totalmente independente do GP principal. Antes, o resultado final da corrida curta determinava o grid de largada para domingo. Agora, a classifica\u00e7\u00e3o do GP acontece na sexta, com o s\u00e1bado sendo inteiramente dedicado \u00e0 sprint.<\/p>\n\n\n\n<p class=\"wp-block-paragraph\">Esse pr\u00f3prio esquema, contudo, n\u00e3o \u00e9 unanimidade. A Autosport informou que alguns chefes de equipes sugeriram deixar a classifica\u00e7\u00e3o da sprint para sexta, com a corrida mais curta acontecendo na s\u00e1bado pela manh\u00e3. A sess\u00e3o para definir o grid de largada para o domingo, nesse caso, seria realizada \u00e0 tarde. <\/p>\n\n\n\n<p class=\"wp-block-paragraph\">Sugest\u00f5es e altera\u00e7\u00f5es \u00e0 parte, Domenicali garantiu que ajuste no formato n\u00e3o seria problema. &#8220;Analisamos esse ponto. Acho que o risco est\u00e1 mais relacionado aos telespectadores fi\u00e9is, que j\u00e1 possuem h\u00e1bitos pr\u00f3prios, do que aos novos f\u00e3s, que s\u00e3o muito mais abertos a mudan\u00e7as.&#8221;<\/p>\n\n\n\n<p class=\"wp-block-paragraph\">\u201cNo entanto, n\u00e3o h\u00e1 grandes novidades quanto ao formato. Queremos estabilizar os seis fins de semana com a sprint e respeitar os h\u00e1bitos dos f\u00e3s de longa data&#8221;, concluiu Stefano.<\/p>\n\n\n\n<p class=\"wp-block-paragraph\">A\u00a0<a href=\"https:\/\/www.grandepremio.com\/formula-1\/\" target=\"_blank\" rel=\"noreferrer noopener\"><\/a><a href=\"https:\/\/www.grandepremio.com\/formula-1\/\" target=\"_blank\" rel=\"noreferrer noopener\">F\u00f3rmula 1<\/a>\u00a0retorna entre os dias 21 e 23 de julho, com o\u00a0<strong>GP da Hungria<\/strong>, em\u00a0<strong><a href=\"https:\/\/www.grandepremio.com\/br\/circuito\/hungaroring\/\" target=\"_blank\" rel=\"noreferrer noopener\">Hungaroring<\/a><\/strong>, 11\u00aa etapa da temporada 2023. E o\u00a0<strong>GRANDE PR\u00caMIO<\/strong>\u00a0acompanha tudo.<\/p>\n\n\n\n<figure class=\"wp-block-embed is-type-video is-provider-youtube wp-block-embed-youtube wp-embed-aspect-16-9 wp-has-aspect-ratio\"><div class=\"wp-block-embed__wrapper\">\n<iframe loading=\"lazy\" title=\"BOMBA! ALBON na FERRARI? Silly season da F1 em chamas + not\u00edcias da F\u00f3rmula 1 | WGP\" width=\"500\" height=\"281\" src=\"https:\/\/www.youtube.com\/embed\/fLdf4b0hc3c?feature=oembed\" frameborder=\"0\" allow=\"accelerometer; autoplay; clipboard-write; encrypted-media; gyroscope; picture-in-picture; web-share\" referrerpolicy=\"strict-origin-when-cross-origin\" allowfullscreen><\/iframe>\n<\/div><\/figure>\n","protected":false},"excerpt":{"rendered":"<p>Stefano Domenicali revelou que ser\u00e3o seis corridas sprint tamb\u00e9m em 2024, mas a ideia \u00e9 aprimorar ainda mais o fim de semana com as provas curtas, criando uma premia\u00e7\u00e3o extra que eleve o status do evento<\/p>\n","protected":false},"author":0,"featured_media":1000677544,"comment_status":"closed","ping_status":"closed","sticky":false,"template":"","format":"standard","meta":{"42wp_featured_image_caption":"","42wp_featured_image_credits":"","42wp_featured_video":"","42wp_featured_image_hidden":false,"42wp_authors_list":[],"footnotes":""},"categories":[2],"tags":[26271,5273,27467,147,6533,180,30722,1491,28285,30840,907,31447],"42wp_author":[47147],"class_list":["post-101160","post","type-post","status-publish","format-standard","has-post-thumbnail","hentry","category-f1","tag-calendario-f1","tag-classificacao-f1","tag-corridas-sprint","tag-f1","tag-f1-2023","tag-formula-1","tag-formula-1-2023","tag-grande-premio","tag-grandepremio","tag-horarios-f1","tag-stefano-domenicali","tag-temporada-2023-f1","42wp_author-luana-marino"],"_links":{"self":[{"href":"https:\/\/grandepremio.com\/br\/wp-json\/wp\/v2\/posts\/101160","targetHints":{"allow":["GET"]}}],"collection":[{"href":"https:\/\/grandepremio.com\/br\/wp-json\/wp\/v2\/posts"}],"about":[{"href":"https:\/\/grandepremio.com\/br\/wp-json\/wp\/v2\/types\/post"}],"replies":[{"embeddable":true,"href":"https:\/\/grandepremio.com\/br\/wp-json\/wp\/v2\/comments?post=101160"}],"version-history":[{"count":0,"href":"https:\/\/grandepremio.com\/br\/wp-json\/wp\/v2\/posts\/101160\/revisions"}],"wp:featuredmedia":[{"embeddable":true,"href":"https:\/\/grandepremio.com\/br\/wp-json\/wp\/v2\/media\/1000677544"}],"wp:attachment":[{"href":"https:\/\/grandepremio.com\/br\/wp-json\/wp\/v2\/media?parent=101160"}],"wp:term":[{"taxonomy":"category","embeddable":true,"href":"https:\/\/grandepremio.com\/br\/wp-json\/wp\/v2\/categories?post=101160"},{"taxonomy":"post_tag","embeddable":true,"href":"https:\/\/grandepremio.com\/br\/wp-json\/wp\/v2\/tags?post=101160"},{"taxonomy":"42wp_author","embeddable":true,"href":"https:\/\/grandepremio.com\/br\/wp-json\/wp\/v2\/42wp_author?post=101160"}],"curies":[{"name":"wp","href":"https:\/\/api.w.org\/{rel}","templated":true}]}}