{"id":101163,"date":"2023-07-14T04:15:00","date_gmt":"2023-07-14T07:15:00","guid":{"rendered":"https:\/\/grandepremio.com\/br\/noticias\/martins-victor-destaca-apoio-alpine-melhora-f2-1a-vitoria-abriu-caixa\/"},"modified":"2023-07-13T15:41:01","modified_gmt":"2023-07-13T18:41:01","slug":"martins-victor-destaca-apoio-alpine-melhora-f2-1a-vitoria-abriu-caixa","status":"publish","type":"post","link":"https:\/\/grandepremio.com\/br\/f2\/martins-victor-destaca-apoio-alpine-melhora-f2-1a-vitoria-abriu-caixa\/","title":{"rendered":"Martins destaca apoio da Alpine em melhora na F2 e diz que &#8220;1\u00aa vit\u00f3ria abriu a caixa&#8221;"},"content":{"rendered":"\n<p class=\"wp-block-paragraph\">Demorou, mas enfim <strong>Victor Martins<\/strong> conseguiu corrigir os erros do in\u00edcio da temporada da<strong> F\u00f3rmula 2 <\/strong>e venceu pela primeira vez na categoria, no \u00faltimo final de semana, na <strong>Inglaterra<\/strong>. Um resultado que veio gra\u00e7as n\u00e3o s\u00f3 ao trabalho da <strong>ART <\/strong>como tamb\u00e9m ao apoio da <strong>Alpine<\/strong>, academia a qual pertence o jovem franc\u00eas, e ele garantiu que, agora, &#8220;a caixa foi aberta&#8221;.<\/p>\n\n\n\n<p class=\"wp-block-paragraph\">Martins deu sinais ainda no <strong>Bahrein <\/strong>de que poderia ser um advers\u00e1rio a incomodar bastante os veteranos e ent\u00e3o favoritos, entre eles <strong>Th\u00e9o Pourchaire<\/strong>, seu companheiro de equipe na ART. Mas os sucessivos incidentes <a href=\"https:\/\/www.grandepremio.com\/br\/f2\/noticias\/martins-victor-enfim-acerta-tom-dia-prema-fora-compasso-formula-2\/\" class=\"ek-link\">obrigaram o jovem de 22 anos a reavaliar a pr\u00f3pria performance<\/a>, e Victor entendeu que precisava dosar \u00edmpeto.<\/p>\n\n\n\n<p class=\"wp-block-paragraph\"><strong>\u25b6\ufe0f\u00a0Inscreva-se nos dois canais do GRANDE PR\u00caMIO no YouTube:\u00a0<a href=\"https:\/\/www.youtube.com\/channel\/UC9OlHEgxoaY6QY6nWPoiqQg?sub_confirmation=1\" target=\"_blank\" rel=\"noreferrer noopener\">GP<\/a>\u00a0|\u00a0<a href=\"https:\/\/www.youtube.com\/channel\/UC9csiS6q_C3C0FYhyr1rnFA?sub_confirmation=1\" target=\"_blank\" rel=\"noreferrer noopener\">GP2<\/a><\/strong><br><strong>\u25b6\ufe0f\u00a0<a href=\"https:\/\/www.twitch.tv\/grandepremio\" target=\"_blank\" rel=\"noreferrer noopener\">Conhe\u00e7a o canal do GRANDE PR\u00caMIO na Twitch clicando aqui!<\/a><\/strong><\/p>\n\n\n\n<figure class=\"wp-block-image size-full\"><img decoding=\"async\" src=\"https:\/\/www.grandepremio.com\/br\/wp-content\/uploads\/2023\/07\/F0mB9B0XsAANV02.jpg\" alt=\"Maloney, Martins e Pourchaire, F2 2023, Inglaterra, Silverstone, corrida 2\" class=\"wp-image-706697\"\/><figcaption class=\"wp-element-caption\">O p\u00f3dio da corrida principal da F2 na Inglaterra, com Maloney, Martins e Pourchaire (Foto: Dutch Photo Agency)<\/figcaption><\/figure>\n\n\n\n<p class=\"wp-block-paragraph\">Ap\u00f3s a vit\u00f3ria na corrida principal da etapa de <strong>Silverstone<\/strong>, Martins falou sobre a import\u00e2ncia da Alpine nesse processo. &#8220;Tenho a Alpine por tr\u00e1s de mim. Eles est\u00e3o me apoiando o m\u00e1ximo poss\u00edvel em tudo, mentalmente, a abordagem que preciso ter em termos de pilotagem&#8221;, destacou, citando tamb\u00e9m a participa\u00e7\u00e3o da ART. &#8220;Al\u00e9m disso, minha equipe me ajuda o tanto quanto pode. Estamos todos trabalhando muito para entender tudo&#8221;, salientou.<\/p>\n\n\n\n<p class=\"wp-block-paragraph\">\u201cAcho que depois de algumas rodadas, entendi o que preciso fazer para conquistar uma vit\u00f3ria, como preciso administrar meus pneus e como preciso me controlar mentalmente durante uma corrida longa como a de domingo. Sinceramente, era apenas uma quest\u00e3o de alcan\u00e7ar isso pela primeira vez&#8221;, completou o #6.<\/p>\n\n\n\n<p class=\"wp-block-paragraph\">De fato, foi um exerc\u00edcio muito mais de autocr\u00edtica do que melhorar qualquer acerto do carro. O progresso, na verdade, come\u00e7ou a ser visto de <strong>Barcelona <\/strong>em diante. Nas tr\u00eas \u00faltimas rodadas, ali\u00e1s, Martins conseguiu p\u00f3dios em tr\u00eas corridas.<\/p>\n\n\n\n<p class=\"wp-block-paragraph\">O camp\u00e3o vigente da <strong>F\u00f3rmula 3 <\/strong>admitiu que n\u00e3o pensou que fosse errar tanto no come\u00e7o. &#8220;Claro que n\u00e3o imaginei que fosse cometer sempre pequenos erros com grandes consequ\u00eancias no in\u00edcio da temporada. No entanto, voc\u00ea precisa aceit\u00e1-los. Precisa apenas trabalhar, aceitar e analisar com a equipe.&#8221;<\/p>\n\n\n\n<p class=\"wp-block-paragraph\">&#8220;N\u00e3o acho que [a vit\u00f3ria] tenha demorado mais do que eu esperava. Quando se alcan\u00e7a a primeira, sempre \u00e9 como abrir a caixa. Farei o meu melhor para conseguir muito mais\u201d, finalizou Martins.<\/p>\n\n\n\n<p class=\"wp-block-paragraph\">A F\u00f3rmula 2 retorna dos dias 21 a 23 de julho, para a rodada da <strong>Hungria<\/strong>. O <strong>GRANDE PR\u00caMIO<\/strong> acompanha todas as atividades da temporada 2023.<\/p>\n\n\n\n<figure class=\"wp-block-embed is-type-video is-provider-youtube wp-block-embed-youtube wp-embed-aspect-16-9 wp-has-aspect-ratio\"><div class=\"wp-block-embed__wrapper\">\n<iframe loading=\"lazy\" title=\"BOMBA! ALBON na FERRARI? Silly season da F1 em chamas + not\u00edcias da F\u00f3rmula 1 | WGP\" width=\"500\" height=\"281\" src=\"https:\/\/www.youtube.com\/embed\/fLdf4b0hc3c?feature=oembed\" frameborder=\"0\" allow=\"accelerometer; autoplay; clipboard-write; encrypted-media; gyroscope; picture-in-picture; web-share\" referrerpolicy=\"strict-origin-when-cross-origin\" allowfullscreen><\/iframe>\n<\/div><\/figure>\n","protected":false},"excerpt":{"rendered":"<p>Victor Martins explicou que a Alpine o ajudou a encontrar a abordagem certa em termos de pilotagem, al\u00e9m do trabalho mental. E uma vez que isso se encaixou, a vit\u00f3ria veio, na vis\u00e3o do jovem da ART<\/p>\n","protected":false},"author":0,"featured_media":1000707487,"comment_status":"closed","ping_status":"closed","sticky":false,"template":"","format":"standard","meta":{"42wp_featured_image_caption":"","42wp_featured_image_credits":"","42wp_featured_video":"","42wp_featured_image_hidden":false,"42wp_authors_list":[],"footnotes":""},"categories":[9],"tags":[6086,29654,30246,111,32048,2208,32407,1491,28285,35029,897,35632,3632,35630,35634,33171,25479,486],"42wp_author":[47147],"class_list":["post-101163","post","type-post","status-publish","format-standard","has-post-thumbnail","hentry","category-f2","tag-art","tag-calendario-f2","tag-classificacao-f2","tag-f2","tag-f2-2023","tag-formula-2","tag-formula-2-2023","tag-grande-premio","tag-grandepremio","tag-horarios-f2","tag-inglaterra","tag-rodada-da-inglaterra","tag-silverstone","tag-silverstone-2023","tag-silverstone-f2","tag-temporada-2023-f2","tag-theo-pourchaire","tag-victor-martins","42wp_author-luana-marino"],"_links":{"self":[{"href":"https:\/\/grandepremio.com\/br\/wp-json\/wp\/v2\/posts\/101163","targetHints":{"allow":["GET"]}}],"collection":[{"href":"https:\/\/grandepremio.com\/br\/wp-json\/wp\/v2\/posts"}],"about":[{"href":"https:\/\/grandepremio.com\/br\/wp-json\/wp\/v2\/types\/post"}],"replies":[{"embeddable":true,"href":"https:\/\/grandepremio.com\/br\/wp-json\/wp\/v2\/comments?post=101163"}],"version-history":[{"count":0,"href":"https:\/\/grandepremio.com\/br\/wp-json\/wp\/v2\/posts\/101163\/revisions"}],"wp:featuredmedia":[{"embeddable":true,"href":"https:\/\/grandepremio.com\/br\/wp-json\/wp\/v2\/media\/1000707487"}],"wp:attachment":[{"href":"https:\/\/grandepremio.com\/br\/wp-json\/wp\/v2\/media?parent=101163"}],"wp:term":[{"taxonomy":"category","embeddable":true,"href":"https:\/\/grandepremio.com\/br\/wp-json\/wp\/v2\/categories?post=101163"},{"taxonomy":"post_tag","embeddable":true,"href":"https:\/\/grandepremio.com\/br\/wp-json\/wp\/v2\/tags?post=101163"},{"taxonomy":"42wp_author","embeddable":true,"href":"https:\/\/grandepremio.com\/br\/wp-json\/wp\/v2\/42wp_author?post=101163"}],"curies":[{"name":"wp","href":"https:\/\/api.w.org\/{rel}","templated":true}]}}