{"id":101168,"date":"2023-07-13T16:28:10","date_gmt":"2023-07-13T19:28:10","guid":{"rendered":"https:\/\/grandepremio.com\/br\/noticias\/glickenhaus-busca-patrocinio-decisao-ultimas-etapas-do-wec\/"},"modified":"2023-07-13T16:28:19","modified_gmt":"2023-07-13T19:28:19","slug":"glickenhaus-busca-patrocinio-decisao-ultimas-etapas-do-wec","status":"publish","type":"post","link":"https:\/\/grandepremio.com\/br\/endurance\/glickenhaus-busca-patrocinio-decisao-ultimas-etapas-do-wec\/","title":{"rendered":"Glickenhaus busca patroc\u00ednio e &#8220;n\u00e3o tem decis\u00e3o&#8221; sobre se corre \u00faltimas etapas do WEC"},"content":{"rendered":"\n<p class=\"wp-block-paragraph\">A <strong>Glickenhaus<\/strong> ainda n\u00e3o confirmou a presen\u00e7a nas etapas do <strong>WEC<\/strong> no Jap\u00e3o e no Bahrein, e pode acabar desfalcando o grid do <strong>Mundial de Endurance<\/strong> na reta final do campeonato. De acordo com o time americano, a aus\u00eancia pode acontecer por problemas financeiros que s\u00f3 devem ser resolvidos quando encontrar o patrocinador certo.<\/p>\n\n\n\n<p class=\"wp-block-paragraph\"><strong>Jim Glickenhaus<\/strong>, fundador da equipe, ainda n\u00e3o deu o veredito sobre o caso, e revelou ser poss\u00edvel que o <strong>Glickenhaus 007 LMH<\/strong> esteja nas duas \u00faltimas etapas do ano. No entanto, ainda existe um trabalho a ser realizado antes de confirmar, de fato, a participa\u00e7\u00e3o nas corridas.<\/p>\n\n\n\n<p class=\"wp-block-paragraph\"><strong>\u25b6\ufe0f&nbsp;Inscreva-se nos dois canais do GRANDE PR\u00caMIO no YouTube:&nbsp;<a href=\"https:\/\/www.youtube.com\/channel\/UC9OlHEgxoaY6QY6nWPoiqQg?sub_confirmation=1\" target=\"_blank\" rel=\"noreferrer noopener\">GP<\/a>&nbsp;|&nbsp;<a href=\"https:\/\/www.youtube.com\/channel\/UC9csiS6q_C3C0FYhyr1rnFA?sub_confirmation=1\" target=\"_blank\" rel=\"noreferrer noopener\">GP2<\/a><\/strong><br><strong>\u25b6\ufe0f&nbsp;<a href=\"https:\/\/www.twitch.tv\/grandepremio\" target=\"_blank\" rel=\"noreferrer noopener\">Conhe\u00e7a o canal do GRANDE PR\u00caMIO na Twitch clicando aqui!<\/a><\/strong><\/p>\n\n\n\n<figure class=\"wp-block-image size-large\"><img decoding=\"async\" src=\"https:\/\/www.grandepremio.com\/br\/wp-content\/uploads\/2023\/07\/Glickenhaus-deve-ficar-de-fora-das-ultimas-corridas-do-WEC-em-2023-1024x683.jpg\" alt=\"Glickenhaus deve ficar de fora das \u00faltimas corridas do WEC em 2023\" class=\"wp-image-707496\"\/><figcaption class=\"wp-element-caption\">Glickenhaus ocupa a sexta coloca\u00e7\u00e3o entre as equipes no WEC (Foto: WEC)<\/figcaption><\/figure>\n\n\n\n<p class=\"wp-block-paragraph\">\u201cN\u00e3o tomamos nenhuma decis\u00e3o. O que precisa acontecer \u00e9 conseguirmos um patrocinador s\u00e9rio que nos permita fazer o resto deste ano e passar para 2024, bem como desenvolver uma vers\u00e3o do carro para que possamos continuar competitivos\u201d, seguiu. \u201cEstamos perto de fazer isso, mas ou teremos o apoio de que precisamos ou n\u00e3o. Acho que temos um enorme potencial que um patrocinador poderia explorar\u201d, disse Jim.<\/p>\n\n\n\n<p class=\"wp-block-paragraph\">Ainda segundo a empresa, o poss\u00edvel desfalque nas corridas do Jap\u00e3o e do Bahrein n\u00e3o v\u00e3o prejudicar em nada os planos da equipe de seguir no WEC na temporada do ano que vem, uma vez que a rela\u00e7\u00e3o com os organizadores da competi\u00e7\u00e3o continua boa, e eles \u201ct\u00eam apoiado muito os esfor\u00e7os\u201d da Glickenhaus.<\/p>\n\n\n\n<p class=\"wp-block-paragraph\">A corrida no Jap\u00e3o est\u00e1 prevista para acontecer no dia 10 de setembro, enquanto a conclus\u00e3o do campeonato acontece no Bahrein no dia 4 de novembro. Com cinco etapas conclu\u00eddas, a Glickenhaus ocupa a sexta posi\u00e7\u00e3o entre as equipes da categoria de hipercarros.<\/p>\n","protected":false},"excerpt":{"rendered":"<p>Glickenhaus enfrenta problemas financeiros em 2023, mas garante que aus\u00eancia na reta final do campeonato n\u00e3o compromete participa\u00e7\u00e3o no WEC no ano que vem<\/p>\n","protected":false},"author":0,"featured_media":1000694598,"comment_status":"closed","ping_status":"closed","sticky":false,"template":"","format":"standard","meta":{"42wp_featured_image_caption":"","42wp_featured_image_credits":"","42wp_featured_video":"","42wp_featured_image_hidden":false,"42wp_authors_list":[],"footnotes":""},"categories":[18],"tags":[219,28285,357,31921,356,27344],"42wp_author":[47149],"class_list":["post-101168","post","type-post","status-publish","format-standard","has-post-thumbnail","hentry","category-endurance","tag-grande-prmio","tag-grandepremio","tag-mundial-de-endurance","tag-mundial-de-endurance-2023","tag-wec","tag-wec-2023","42wp_author-bernardo-castro"],"_links":{"self":[{"href":"https:\/\/grandepremio.com\/br\/wp-json\/wp\/v2\/posts\/101168","targetHints":{"allow":["GET"]}}],"collection":[{"href":"https:\/\/grandepremio.com\/br\/wp-json\/wp\/v2\/posts"}],"about":[{"href":"https:\/\/grandepremio.com\/br\/wp-json\/wp\/v2\/types\/post"}],"replies":[{"embeddable":true,"href":"https:\/\/grandepremio.com\/br\/wp-json\/wp\/v2\/comments?post=101168"}],"version-history":[{"count":0,"href":"https:\/\/grandepremio.com\/br\/wp-json\/wp\/v2\/posts\/101168\/revisions"}],"wp:featuredmedia":[{"embeddable":true,"href":"https:\/\/grandepremio.com\/br\/wp-json\/wp\/v2\/media\/1000694598"}],"wp:attachment":[{"href":"https:\/\/grandepremio.com\/br\/wp-json\/wp\/v2\/media?parent=101168"}],"wp:term":[{"taxonomy":"category","embeddable":true,"href":"https:\/\/grandepremio.com\/br\/wp-json\/wp\/v2\/categories?post=101168"},{"taxonomy":"post_tag","embeddable":true,"href":"https:\/\/grandepremio.com\/br\/wp-json\/wp\/v2\/tags?post=101168"},{"taxonomy":"42wp_author","embeddable":true,"href":"https:\/\/grandepremio.com\/br\/wp-json\/wp\/v2\/42wp_author?post=101168"}],"curies":[{"name":"wp","href":"https:\/\/api.w.org\/{rel}","templated":true}]}}