{"id":101190,"date":"2023-07-12T15:11:10","date_gmt":"2023-07-12T18:11:10","guid":{"rendered":"https:\/\/grandepremio.com\/br\/noticias\/adam-fitzgerald-aparece-hospital-recuperacao-acidente-dilano-van-t-hoff\/"},"modified":"2023-07-12T15:11:17","modified_gmt":"2023-07-12T18:11:17","slug":"adam-fitzgerald-aparece-hospital-recuperacao-acidente-dilano-van-t-hoff","status":"publish","type":"post","link":"https:\/\/grandepremio.com\/br\/frec\/adam-fitzgerald-aparece-hospital-recuperacao-acidente-dilano-van-t-hoff\/","title":{"rendered":"Fitzgerald aparece ainda no hospital e em recupera\u00e7\u00e3o ap\u00f3s acidente com Van &#8216;t Hoff"},"content":{"rendered":"\n<p class=\"wp-block-paragraph\"><strong>Adam Fitzgerald<\/strong>, piloto da <strong>RPM<\/strong> que se envolveu no acidente que <a href=\"https:\/\/www.grandepremio.com\/br\/freca\/noticias\/dilano-van-t-hoff-morre-18-anos-acidente-corrida-2-freca-belgica\/#:~:text=Aos%2016%20anos%2C%20Dilano%20sagrou,equipe%20de%20seu%20pa%C3%ADs%20natal.\" class=\"ek-link\">matou o holand\u00eas <strong>Dilano Van \u2018t Hoff<\/strong><\/a> na corrida 2 da etapa de <strong>Spa-Francorchamps<\/strong> da <a href=\"https:\/\/www.grandepremio.com\/br\/freca\/noticias\/adam-fitzgerald-multiplas-fraturas-colisao-morte-dilano-vant-hoff\/\" class=\"ek-link\"><strong>FRECA<\/strong>, ainda est\u00e1 internado no hospital ap\u00f3s sofrer \u201cm\u00faltiplas fraturas\u201d<\/a> com o impacto da batida. O irland\u00eas, que est\u00e1 se recuperando bem, utilizou o pr\u00f3prio perfil nas redes sociais na tarde desta quarta-feira (12) para atualizar o p\u00fablico sobre seu estado de sa\u00fade.<\/p>\n\n\n\n<p class=\"wp-block-paragraph\">A segunda prova da FRECA na B\u00e9lgica foi realizada em condi\u00e7\u00f5es de chuva forte, com o incidente acontecendo na sa\u00edda da <strong>Radillon<\/strong>, no in\u00edcio na reta<strong> Kemmel<\/strong>. O lance foi bem similar ao que tirou a vida de <strong>Anthoine Hubert<\/strong>, na <strong>F\u00f3rmula 2<\/strong>, em 2019. Dessa vez, por\u00e9m, a visibilidade na pista era extremamente baixa. Assim como aconteceu com Hubert, Van \u2018t Hoff bateu no muro, deslizou de volta para a pista e foi atingido em alta velocidade pelo carro de Fitzgerald, em uma batida em \u2018T.<\/p>\n\n\n\n<p class=\"wp-block-paragraph\"><strong>\u25b6\ufe0f&nbsp;Inscreva-se nos dois canais do GRANDE PR\u00caMIO no YouTube:&nbsp;<a href=\"https:\/\/www.youtube.com\/channel\/UC9OlHEgxoaY6QY6nWPoiqQg?sub_confirmation=1\" target=\"_blank\" rel=\"noreferrer noopener\">GP<\/a>&nbsp;|&nbsp;<a href=\"https:\/\/www.youtube.com\/channel\/UC9csiS6q_C3C0FYhyr1rnFA?sub_confirmation=1\" target=\"_blank\" rel=\"noreferrer noopener\">GP2<\/a><\/strong><br><strong>\u25b6\ufe0f&nbsp;<a href=\"https:\/\/www.twitch.tv\/grandepremio\" target=\"_blank\" rel=\"noreferrer noopener\">Conhe\u00e7a o canal do GRANDE PR\u00caMIO na Twitch clicando aqui!<\/a><\/strong><\/p>\n\n\n\n<figure class=\"wp-block-image size-large\"><img decoding=\"async\" src=\"https:\/\/www.grandepremio.com\/br\/wp-content\/uploads\/2023\/07\/Dilano-2-1024x683.jpg\" alt=\"\" class=\"wp-image-702289\"\/><figcaption class=\"wp-element-caption\">Dilano van &#8216;t Hoff morreu no s\u00e1bado ap\u00f3s acidente na FRECA (Foto: Reprodu\u00e7\u00e3o)<\/figcaption><\/figure>\n\n\n\n<p class=\"wp-block-paragraph\">Atrav\u00e9s de seu perfil no Instagram e direto do hospital, Fitzgerald afirmou que ainda est\u00e1 se recuperando da les\u00e3o nas costas, e pode ter de passar por uma cirurgia no cotovelo quebrado.<\/p>\n\n\n\n<p class=\"wp-block-paragraph\">\u201cQuero fazer este post para atualizar a todos sobre minha recupera\u00e7\u00e3o. Ainda estou no hospital, permitindo que minhas costas se recuperem, e estou esperando para descobrir se preciso de cirurgia no cotovelo quebrado. Espero que isso seja feito logo, se necess\u00e1rio, e ent\u00e3o poder iniciar o processo de recupera\u00e7\u00e3o\u201d, disse o titular da RPM. &#8220;Vou tentar manter todos atualizados sobre a recupera\u00e7\u00e3o e quando acho que vou ser liberado para ir para casa. As corridas deram uma parada, \u00e9 claro, mas meu objetivo final \u00e9 voltar ao volante quando estiver em forma e pronto para isso\u201d, finalizou.<\/p>\n\n\n\n<p class=\"wp-block-paragraph\">Em sua temporada de estreia na FRECA, Fitzgerald ocupa a 34\u00aa posi\u00e7\u00e3o, sem nenhum ponto anotado. Um 19\u00ba lugar na Hungria \u00e9 o melhor resultado do irland\u00eas.<\/p>\n\n\n\n<figure class=\"wp-block-embed is-type-video is-provider-youtube wp-block-embed-youtube wp-embed-aspect-16-9 wp-has-aspect-ratio\"><div class=\"wp-block-embed__wrapper\">\n<iframe loading=\"lazy\" title=\"BOMBA: NORRIS ou LECLERC na Red Bull? P\u00c9REZ cada vez mais amea\u00e7ado | TT GP #104\" width=\"500\" height=\"281\" src=\"https:\/\/www.youtube.com\/embed\/A5mIIh-uEB8?feature=oembed\" frameborder=\"0\" allow=\"accelerometer; autoplay; clipboard-write; encrypted-media; gyroscope; picture-in-picture; web-share\" referrerpolicy=\"strict-origin-when-cross-origin\" allowfullscreen><\/iframe>\n<\/div><\/figure>\n","protected":false},"excerpt":{"rendered":"<p>Ap\u00f3s sofrer m\u00faltiplas fraturas, Adam Fitzgerald segue em recupera\u00e7\u00e3o no hospital, e pode ter de passar por uma cirurgia no cotovelo fraturado<\/p>\n","protected":false},"author":0,"featured_media":1000702738,"comment_status":"closed","ping_status":"closed","sticky":false,"template":"","format":"standard","meta":{"42wp_featured_image_caption":"","42wp_featured_image_credits":"","42wp_featured_video":"","42wp_featured_image_hidden":false,"42wp_authors_list":[],"footnotes":""},"categories":[49],"tags":[35550,28105,34064,219,28285,489,108],"42wp_author":[47149],"class_list":["post-101190","post","type-post","status-publish","format-standard","has-post-thumbnail","hentry","category-frec","tag-dilano-van-t-hoff","tag-freca","tag-freca-2023","tag-grande-prmio","tag-grandepremio","tag-spa","tag-spa-francorchamps","42wp_author-bernardo-castro"],"_links":{"self":[{"href":"https:\/\/grandepremio.com\/br\/wp-json\/wp\/v2\/posts\/101190","targetHints":{"allow":["GET"]}}],"collection":[{"href":"https:\/\/grandepremio.com\/br\/wp-json\/wp\/v2\/posts"}],"about":[{"href":"https:\/\/grandepremio.com\/br\/wp-json\/wp\/v2\/types\/post"}],"replies":[{"embeddable":true,"href":"https:\/\/grandepremio.com\/br\/wp-json\/wp\/v2\/comments?post=101190"}],"version-history":[{"count":0,"href":"https:\/\/grandepremio.com\/br\/wp-json\/wp\/v2\/posts\/101190\/revisions"}],"wp:featuredmedia":[{"embeddable":true,"href":"https:\/\/grandepremio.com\/br\/wp-json\/wp\/v2\/media\/1000702738"}],"wp:attachment":[{"href":"https:\/\/grandepremio.com\/br\/wp-json\/wp\/v2\/media?parent=101190"}],"wp:term":[{"taxonomy":"category","embeddable":true,"href":"https:\/\/grandepremio.com\/br\/wp-json\/wp\/v2\/categories?post=101190"},{"taxonomy":"post_tag","embeddable":true,"href":"https:\/\/grandepremio.com\/br\/wp-json\/wp\/v2\/tags?post=101190"},{"taxonomy":"42wp_author","embeddable":true,"href":"https:\/\/grandepremio.com\/br\/wp-json\/wp\/v2\/42wp_author?post=101190"}],"curies":[{"name":"wp","href":"https:\/\/api.w.org\/{rel}","templated":true}]}}