{"id":101192,"date":"2023-07-12T13:26:15","date_gmt":"2023-07-12T16:26:15","guid":{"rendered":"https:\/\/grandepremio.com\/br\/noticias\/red-bull-sonda-lando-norris-charles-leclerc-dream-team-max-verstappen\/"},"modified":"2023-07-12T13:26:25","modified_gmt":"2023-07-12T16:26:25","slug":"red-bull-sonda-lando-norris-charles-leclerc-dream-team-max-verstappen","status":"publish","type":"post","link":"https:\/\/grandepremio.com\/br\/f1\/red-bull-sonda-lando-norris-charles-leclerc-dream-team-max-verstappen\/","title":{"rendered":"Red Bull sonda Norris e Leclerc para formar &#8216;dream team&#8217; com Verstappen"},"content":{"rendered":"\n<p class=\"wp-block-paragraph\">A <strong>Red Bull<\/strong> deseja formar um \u2018dream team\u2019 na <strong><a href=\"https:\/\/www.grandepremio.com\/br\/f1\/\" class=\"ek-link\">F\u00f3rmula 1<\/a><\/strong>. E, para tanto, sonda os nomes de <strong>Lando Norris<\/strong> e <strong>Charles Leclerc<\/strong> para a dupla com <strong>Max Verstappen<\/strong> nos pr\u00f3ximos anos. A decis\u00e3o foi tomada depois de os austr\u00edacos enfrentarem problemas com seus segundos pilotos mais recentes, inclusive levando em conta as dificuldades de <strong>Sergio P\u00e9rez<\/strong> durante boa parte da atual temporada. <\/p>\n\n\n\n<p class=\"wp-block-paragraph\"><strong>\u25b6\ufe0f&nbsp;Inscreva-se nos dois canais do GRANDE PR\u00caMIO no YouTube:&nbsp;<a href=\"https:\/\/www.youtube.com\/channel\/UC9OlHEgxoaY6QY6nWPoiqQg?sub_confirmation=1\" target=\"_blank\" rel=\"noreferrer noopener\">GP<\/a>&nbsp;|&nbsp;<a href=\"https:\/\/www.youtube.com\/channel\/UC9csiS6q_C3C0FYhyr1rnFA?sub_confirmation=1\" target=\"_blank\" rel=\"noreferrer noopener\">GP2<\/a><\/strong><br><strong>\u25b6\ufe0f&nbsp;<a href=\"https:\/\/www.twitch.tv\/grandepremio\" target=\"_blank\" rel=\"noreferrer noopener\">Conhe\u00e7a o canal do GRANDE PR\u00caMIO na Twitch clicando aqui!<\/a><\/strong><\/p>\n\n\n\n<p class=\"wp-block-paragraph\">A informa\u00e7\u00e3o \u00e9 do site italiano Formu1a.uno. Que, al\u00e9m disso, informa que existe um desejo que seja assim por parte do<strong> Liberty Media<\/strong>, detentora dos direitos comerciais da <strong>F\u00f3rmula 1<\/strong>, de contar com os melhores pilotos nos grids nas principais vagas.<\/p>\n\n\n\n<p class=\"wp-block-paragraph\">Desde que <strong>Daniel Ricciardo<\/strong> saiu da Red Bull para se juntar \u00e0 <strong>Renault<\/strong>, em 2019, os taurinos t\u00eam enfrentado dificuldades para promover jovens talentos para a equipe principal. A alternativa, ap\u00f3s participa\u00e7\u00f5es abaixo das expectativas de <strong>Pierre Gasly e Alexander Albon<\/strong>, foi contratar P\u00e9rez, em 2021, para tentar fechar a lacuna. No entanto, o mexicano n\u00e3o faz um bom trabalho em 2023 e amarga a marca de <a href=\"https:\/\/www.grandepremio.com\/br\/f1\/noticias\/sergio-perez-faz-quina-silverstone-supera-pior-marca-red-bull-fora-top-10-f1\/\" class=\"ek-link\"><strong>cinco corridas consecutivas fora do Q3<\/strong><\/a> com o dominante <strong>RB19<\/strong>.<\/p>\n\n\n\n<figure class=\"wp-block-image size-large\"><img decoding=\"async\" src=\"https:\/\/www.grandepremio.com\/br\/wp-content\/uploads\/2023\/07\/SI202307090309_hires_jpeg_24bit_rgb-1024x616.jpg\" alt=\"\" class=\"wp-image-706688\"\/><figcaption class=\"wp-element-caption\">Sergio P\u00e9rez n\u00e3o tem feito um bom trabalho em 2023 (Foto: Dan Mullan\/Getty Images)<\/figcaption><\/figure>\n\n\n\n<p class=\"wp-block-paragraph\">Na <strong>AlphaTauri<\/strong>, o cen\u00e1rio \u00e9 parecido. Nenhum piloto da academia dos taurinos performou bem o suficiente na <strong>F\u00f3rmula 2<\/strong> no ano passado para ser promovido para a F\u00f3rmula 1, e o time de Faenza se viu obrigado a sustentar a decis\u00e3o da Red Bull por <strong>Nyck de Vries<\/strong>, veterano campe\u00e3o de F2 e <strong>F\u00f3rmula E<\/strong>. No entanto, o desempenho do holand\u00eas tamb\u00e9m n\u00e3o convenceu a chefia, que j\u00e1 o demitiu e definiu <a href=\"https:\/\/www.grandepremio.com\/br\/f1\/noticias\/red-bull-confirma-demissao-nyck-de-vries-alphatauri-resgata-daniel-ricciardo-f1-2023\/\" class=\"ek-link\"><strong>Ricciardo como novo titular a partir do GP da Hungria<\/strong>.<\/a><\/p>\n\n\n\n<p class=\"wp-block-paragraph\">Assim, de acordo com o Formu1a.uno, a Red Bull j\u00e1 mira em Norris e em Leclerc para uma eventual contrata\u00e7\u00e3o em 2025 ou 2026. A concretiza\u00e7\u00e3o dessa dupla tamb\u00e9m tem o apoio da Liberty Media, desejoso por disputas mais acirradas na mesma garagem.<\/p>\n\n\n\n<p class=\"wp-block-paragraph\">Recentemente, Norris foi descrito por <strong>Helmut Marko<\/strong> como \u201co melhor piloto jovem do grid\u201d. Mas o interesse em Leclerc parece um pouco maior, uma vez que, segundo o portal, a Red Bull procurou o monegasco em maio para entender se existia a possibilidade de um rompimento na rela\u00e7\u00e3o com a Ferrari \u2014 Charles s\u00f3 tem contrato at\u00e9 o fim do ano que vem.<\/p>\n\n\n\n<p class=\"wp-block-paragraph\">Com isso, a Academia de Pilotos tamb\u00e9m seria reformulada. A Red Bull se tornaria uma equipe independente e n\u00e3o precisaria contar, necessariamente, apenas com os pilotos formados pelos austr\u00edacos. A AlphaTauri, por sua vez, continuaria recebendo os jovens pilotos taurinos, mas o objetivo da escuderia tamb\u00e9m seria modificado: n\u00e3o mais serviria primordialmente para preparar os competidores para um futuro na equipe principal.<\/p>\n\n\n\n<p class=\"wp-block-paragraph\">A F\u00f3rmula 1 retorna em duas semanas, entre os dias 21 e 23 de julho, com o <strong>GP da Hungria<\/strong>, em <strong>Hungaroring<\/strong>, 11\u00aa etapa da temporada 2023. E o <strong>GRANDE PR\u00caMIO <\/strong>acompanha tudo.<\/p>\n\n\n\n<figure class=\"wp-block-embed is-type-video is-provider-youtube wp-block-embed-youtube wp-embed-aspect-16-9 wp-has-aspect-ratio\"><div class=\"wp-block-embed__wrapper\">\n<iframe loading=\"lazy\" title=\"BOMBA: NORRIS ou LECLERC na Red Bull? P\u00c9REZ cada vez mais amea\u00e7ado | TT GP #104\" width=\"500\" height=\"281\" src=\"https:\/\/www.youtube.com\/embed\/A5mIIh-uEB8?feature=oembed\" frameborder=\"0\" allow=\"accelerometer; autoplay; clipboard-write; encrypted-media; gyroscope; picture-in-picture; web-share\" referrerpolicy=\"strict-origin-when-cross-origin\" allowfullscreen><\/iframe>\n<\/div><figcaption class=\"wp-element-caption\">BOMBA: NORRIS ou LECLERC na Red Bull? P\u00c9REZ cada vez mais amea\u00e7ado | TT GP\u00a0<a href=\"https:\/\/www.youtube.com\/hashtag\/104\">#104<\/a><\/figcaption><\/figure>\n","protected":false},"excerpt":{"rendered":"<p>Medida, que tem aprova\u00e7\u00e3o do Liberty Media, \u00e9 vista como forma de resolver a falta de segundos pilotos que a equipe enfrenta desde a sa\u00edda de Daniel Ricciardo<\/p>\n","protected":false},"author":0,"featured_media":1000561097,"comment_status":"closed","ping_status":"closed","sticky":false,"template":"","format":"standard","meta":{"42wp_featured_image_caption":"","42wp_featured_image_credits":"","42wp_featured_video":"","42wp_featured_image_hidden":false,"42wp_authors_list":[],"footnotes":""},"categories":[2],"tags":[524,209,211,147,219,28285,547,2780,6285,27382,33169,204],"42wp_author":[47149],"class_list":["post-101192","post","type-post","status-publish","format-standard","has-post-thumbnail","hentry","category-f1","tag-alphatauri","tag-charles-leclerc","tag-daniel-ricciardo","tag-f1","tag-grande-prmio","tag-grandepremio","tag-lando-norris","tag-leclerc","tag-norris","tag-perez","tag-rb19","tag-red-bull","42wp_author-bernardo-castro"],"_links":{"self":[{"href":"https:\/\/grandepremio.com\/br\/wp-json\/wp\/v2\/posts\/101192","targetHints":{"allow":["GET"]}}],"collection":[{"href":"https:\/\/grandepremio.com\/br\/wp-json\/wp\/v2\/posts"}],"about":[{"href":"https:\/\/grandepremio.com\/br\/wp-json\/wp\/v2\/types\/post"}],"replies":[{"embeddable":true,"href":"https:\/\/grandepremio.com\/br\/wp-json\/wp\/v2\/comments?post=101192"}],"version-history":[{"count":0,"href":"https:\/\/grandepremio.com\/br\/wp-json\/wp\/v2\/posts\/101192\/revisions"}],"wp:featuredmedia":[{"embeddable":true,"href":"https:\/\/grandepremio.com\/br\/wp-json\/wp\/v2\/media\/1000561097"}],"wp:attachment":[{"href":"https:\/\/grandepremio.com\/br\/wp-json\/wp\/v2\/media?parent=101192"}],"wp:term":[{"taxonomy":"category","embeddable":true,"href":"https:\/\/grandepremio.com\/br\/wp-json\/wp\/v2\/categories?post=101192"},{"taxonomy":"post_tag","embeddable":true,"href":"https:\/\/grandepremio.com\/br\/wp-json\/wp\/v2\/tags?post=101192"},{"taxonomy":"42wp_author","embeddable":true,"href":"https:\/\/grandepremio.com\/br\/wp-json\/wp\/v2\/42wp_author?post=101192"}],"curies":[{"name":"wp","href":"https:\/\/api.w.org\/{rel}","templated":true}]}}