{"id":101193,"date":"2023-07-12T11:59:30","date_gmt":"2023-07-12T14:59:30","guid":{"rendered":"https:\/\/grandepremio.com\/br\/noticias\/audi-decide-abandonar-categorias-concentra-forcas-sucesso-formula-1\/"},"modified":"2023-07-12T12:02:40","modified_gmt":"2023-07-12T15:02:40","slug":"audi-decide-abandonar-categorias-concentra-forcas-sucesso-formula-1","status":"publish","type":"post","link":"https:\/\/grandepremio.com\/br\/f1\/audi-decide-abandonar-categorias-concentra-forcas-sucesso-formula-1\/","title":{"rendered":"Audi decide abandonar outras categorias e concentra for\u00e7as por sucesso na F\u00f3rmula 1"},"content":{"rendered":"\n<p class=\"wp-block-paragraph\">A <strong>Audi<\/strong> <a aria-label=\"j\u00e1 confirmou que vai fazer parte do grid (opens in a new tab)\" href=\"https:\/\/www.grandepremio.com\/br\/f1\/noticias\/audi-parceria-sauber-entrada-formula-1-2026\/\" target=\"_blank\" rel=\"noreferrer noopener\" class=\"ek-link\">j\u00e1 confirmou que vai fazer parte do grid<\/a> da <strong>F\u00f3rmula 1<\/strong> a partir de 2026, quando entram em vigor o novo regulamento de motores e tamb\u00e9m a parceria da marca com a <strong>Sauber<\/strong>. A decis\u00e3o da empresa alem\u00e3, no entanto, acabou refletindo de maneira negativa em outras categorias do esporte a motor, uma vez que outros projetos precisar\u00e3o ser abandonados em prol do objetivo de ter sucesso na F1.<\/p>\n\n\n\n<p class=\"wp-block-paragraph\">Com isso, a Audi vai encerrar o suporte de f\u00e1brica em outras modalidades, como <strong>DTM<\/strong>, <strong>Dakar<\/strong> e <strong>GT<\/strong>, para concentrar todos os esfor\u00e7os na F1. Ao <em>Motorsport-Magazin, <\/em><strong>Rolf Michl<\/strong>, diretor-administrativo da <strong>Audi Sport<\/strong>, confirmou que a decis\u00e3o foi tomada pelo Conselho da montadora. Equipes, pilotos e patrocinadores, inclusive, j\u00e1 foram informados sobre a nova diretriz da marca de quatro argolas.<\/p>\n\n\n\n<p class=\"wp-block-paragraph\"><strong>\u25b6\ufe0f&nbsp;Inscreva-se nos dois canais do GRANDE PR\u00caMIO no YouTube:&nbsp;<a href=\"https:\/\/www.youtube.com\/channel\/UC9OlHEgxoaY6QY6nWPoiqQg?sub_confirmation=1\" target=\"_blank\" rel=\"noreferrer noopener\">GP<\/a>&nbsp;|&nbsp;<a href=\"https:\/\/www.youtube.com\/channel\/UC9csiS6q_C3C0FYhyr1rnFA?sub_confirmation=1\" target=\"_blank\" rel=\"noreferrer noopener\">GP2<\/a><\/strong><br><strong>\u25b6\ufe0f&nbsp;<a href=\"https:\/\/www.twitch.tv\/grandepremio\" target=\"_blank\" rel=\"noreferrer noopener\">Conhe\u00e7a o canal do GRANDE PR\u00caMIO na Twitch clicando aqui!<\/a><\/strong><\/p>\n\n\n\n<figure class=\"wp-block-image size-large\"><img decoding=\"async\" src=\"https:\/\/www.grandepremio.com\/br\/wp-content\/uploads\/2023\/07\/audi-f1-sauber-2026-grid-motores-1024x683.jpg\" alt=\"Audi vai deixar de participar de outras categorias para focar apenas na F\u00f3rmula 1 (Foto: Audi)\" class=\"wp-image-707235\"\/><figcaption class=\"wp-element-caption\">Audi vai deixar de participar de outras categorias para focar apenas na F\u00f3rmula 1 (Foto: Audi)<\/figcaption><\/figure>\n\n\n\n<p class=\"wp-block-paragraph\">De acordo com Michl, a sa\u00edda das outras categorias est\u00e1 relacionada ao aspecto financeiro, uma vez que a empreitada na F\u00f3rmula 1 vai pesar no bolso dos alem\u00e3es.<\/p>\n\n\n\n<p class=\"wp-block-paragraph\">\u201cEsta \u00e9 uma decis\u00e3o muito clara de que, com foco na entrada da F\u00f3rmula 1 em 2026, infelizmente n\u00e3o haver\u00e1 mais suporte financeiro para nossas outras equipes&#8221;, admitiu. &#8220;Isso se refere especificamente ao suporte de pacotes de pe\u00e7as e aos pilotos da Audi&#8221;, destacou.<\/p>\n\n\n\n<p class=\"wp-block-paragraph\">&#8220;Vamos garantir que nossos ve\u00edculos atuais possam permanecer em opera\u00e7\u00e3o em todos os aspectos, mas a implanta\u00e7\u00e3o estrat\u00e9gica n\u00e3o foi mais aprovada para n\u00f3s a partir de 2024. Com o cora\u00e7\u00e3o pesado, tivemos de aceitar a decis\u00e3o do Conselho da Audi\u201d, finalizou Michl.<\/p>\n\n\n\n<p class=\"wp-block-paragraph\">Com isso, o projeto da Audi no Dakar ser\u00e1 conclu\u00eddo em 2024. A homologa\u00e7\u00e3o do <strong>Audi R8 LMS GT3<\/strong>, por sua vez, ser\u00e1 estendida para que equipes clientes possam continuar participando dos eventos.<\/p>\n\n\n\n<figure class=\"wp-block-embed is-type-rich is-provider-incorporar-manipulador wp-block-embed-incorporar-manipulador wp-embed-aspect-16-9 wp-has-aspect-ratio\"><div class=\"wp-block-embed__wrapper\">\n<iframe loading=\"lazy\" title=\"URGENTE! DE VRIES \u00e9 DEMITIDO e RICCIARDO entra na ALPHATAURI | Briefing\" width=\"500\" height=\"281\" src=\"https:\/\/www.youtube.com\/embed\/qGyjJs0kHdI?feature=oembed\" frameborder=\"0\" allow=\"accelerometer; autoplay; clipboard-write; encrypted-media; gyroscope; picture-in-picture; web-share\" referrerpolicy=\"strict-origin-when-cross-origin\" allowfullscreen><\/iframe>\n<\/div><\/figure>\n","protected":false},"excerpt":{"rendered":"<p>Para tornar o projeto de entrada na F\u00f3rmula 1 mais sustent\u00e1vel do ponto de vista financeiro, a Audi vai precisar abrir m\u00e3o da participa\u00e7\u00e3o em outras categorias do esporte a motor<\/p>\n","protected":false},"author":0,"featured_media":1000606902,"comment_status":"closed","ping_status":"closed","sticky":false,"template":"","format":"standard","meta":{"42wp_featured_image_caption":"","42wp_featured_image_credits":"","42wp_featured_video":"","42wp_featured_image_hidden":false,"42wp_authors_list":[],"footnotes":""},"categories":[2],"tags":[970,853,412,147,219,28285],"42wp_author":[47149],"class_list":["post-101193","post","type-post","status-publish","format-standard","has-post-thumbnail","hentry","category-f1","tag-audi","tag-dakar","tag-dtm","tag-f1","tag-grande-prmio","tag-grandepremio","42wp_author-bernardo-castro"],"_links":{"self":[{"href":"https:\/\/grandepremio.com\/br\/wp-json\/wp\/v2\/posts\/101193","targetHints":{"allow":["GET"]}}],"collection":[{"href":"https:\/\/grandepremio.com\/br\/wp-json\/wp\/v2\/posts"}],"about":[{"href":"https:\/\/grandepremio.com\/br\/wp-json\/wp\/v2\/types\/post"}],"replies":[{"embeddable":true,"href":"https:\/\/grandepremio.com\/br\/wp-json\/wp\/v2\/comments?post=101193"}],"version-history":[{"count":0,"href":"https:\/\/grandepremio.com\/br\/wp-json\/wp\/v2\/posts\/101193\/revisions"}],"wp:featuredmedia":[{"embeddable":true,"href":"https:\/\/grandepremio.com\/br\/wp-json\/wp\/v2\/media\/1000606902"}],"wp:attachment":[{"href":"https:\/\/grandepremio.com\/br\/wp-json\/wp\/v2\/media?parent=101193"}],"wp:term":[{"taxonomy":"category","embeddable":true,"href":"https:\/\/grandepremio.com\/br\/wp-json\/wp\/v2\/categories?post=101193"},{"taxonomy":"post_tag","embeddable":true,"href":"https:\/\/grandepremio.com\/br\/wp-json\/wp\/v2\/tags?post=101193"},{"taxonomy":"42wp_author","embeddable":true,"href":"https:\/\/grandepremio.com\/br\/wp-json\/wp\/v2\/42wp_author?post=101193"}],"curies":[{"name":"wp","href":"https:\/\/api.w.org\/{rel}","templated":true}]}}