{"id":101214,"date":"2023-07-11T12:02:08","date_gmt":"2023-07-11T15:02:08","guid":{"rendered":"https:\/\/grandepremio.com\/br\/noticias\/mitch-evans-sequencia-incrivel-jaguar-roma-prega-calma-desafio\/"},"modified":"2023-07-12T09:49:15","modified_gmt":"2023-07-12T12:49:15","slug":"mitch-evans-sequencia-incrivel-jaguar-roma-prega-calma-desafio","status":"publish","type":"post","link":"https:\/\/grandepremio.com\/br\/formula-e\/mitch-evans-sequencia-incrivel-jaguar-roma-prega-calma-desafio\/","title":{"rendered":"Evans admite &#8220;sequ\u00eancia incr\u00edvel&#8221; da Jaguar em Roma, mas prega calma: &#8220;Ser\u00e1 um desafio&#8221;"},"content":{"rendered":"\n<p class=\"wp-block-paragraph\">A <strong>F\u00f3rmula E<\/strong> se encaminha para o encerramento da temporada 2022\/23 neste m\u00eas de julho, e a rodada dupla do <strong>eP de Roma<\/strong> \u2014 programada para acontecer no pr\u00f3ximo fim de semana \u2014 reserva uma data especial para <strong>Mitch Evans<\/strong> e a <strong>Jaguar<\/strong>. Al\u00e9m das duas vit\u00f3rias do neozeland\u00eas no ano passado, a pista italiana ainda trouxe \u00e0 equipe um p\u00f3dio duplo em 2021 e o primeiro triunfo do time ingl\u00eas na categoria, em 2019.<\/p>\n\n\n\n<p class=\"wp-block-paragraph\">Desta vez, as duas corridas na capital da It\u00e1lia ser\u00e3o vitais no desfecho do campeonato, j\u00e1 que Evans ainda nutre esperan\u00e7as de conquistar o t\u00edtulo. Por\u00e9m, dos quatro postulantes, o neozeland\u00eas encara a maior dist\u00e2ncia, com <strong>32 <\/strong>pontos o separando do l\u00edder <strong>Jake Dennis<\/strong>. De acordo com ele, \u00e9 importante n\u00e3o permitir que a press\u00e3o atrapalhe o desempenho.<\/p>\n\n\n\n<p class=\"wp-block-paragraph\"><strong>\u25b6\ufe0f&nbsp;<a href=\"https:\/\/www.twitch.tv\/grandepremio\" target=\"_blank\" rel=\"noreferrer noopener\">Conhe\u00e7a o canal do GRANDE PR\u00caMIO na Twitch clicando aqui!<\/a><\/strong><\/p>\n\n\n\n<figure class=\"wp-block-image size-large\"><img decoding=\"async\" src=\"https:\/\/www.grandepremio.com\/br\/wp-content\/uploads\/2021\/04\/jaguar-mitchevans-2-1024x663.jpg\" alt=\"\" class=\"wp-image-462369\"\/><figcaption class=\"wp-element-caption\">No ano passado, Evans dominou e venceu as duas na rodada dupla de Roma (Foto: FIA F\u00f3rmula E)<\/figcaption><\/figure>\n\n\n\n<p class=\"wp-block-paragraph\">&#8220;Tivemos uma sequ\u00eancia incr\u00edvel de resultados em Roma, mas, como sempre, \u00e9 muito importante permanecer focado e n\u00e3o deixar a press\u00e3o atrapalhar&#8221;, destacou Evans. &#8220;Roma \u00e9 uma das minhas pistas favoritas, um verdadeiro circuito de rua, e estou animado para voltar ao volante de nosso Jaguar I-Type 6&#8221;, disse.<\/p>\n\n\n\n<p class=\"wp-block-paragraph\">&#8220;Com o novo carro Gen3 e os novos pneus da Hankook, certamente ser\u00e1 um desafio&#8221;, admitiu Evans. &#8220;Vou dar tudo de mim neste fim de semana para permanecer na batalha pelo t\u00edtulo&#8221;, finalizou o neozeland\u00eas.<\/p>\n\n\n\n<p class=\"wp-block-paragraph\">Chefe da Jaguar, <strong>James<\/strong> <strong>Barclay <\/strong>ressaltou o passado de sucesso da equipe brit\u00e2nica na pista de Roma e elogiou o tra\u00e7ado, classificado por ele como um &#8220;verdadeiro circuito de rua&#8221;. Ainda sonhando tamb\u00e9m com o Mundial de Construtores, no qual est\u00e1 <strong>47 <\/strong>pontos atr\u00e1s da <strong>Porsche<\/strong>, na terceira coloca\u00e7\u00e3o, o sul-africano confia em mais um forte resultado nas ruas da capital italiana.<\/p>\n\n\n\n<figure class=\"wp-block-image size-full\"><img decoding=\"async\" src=\"https:\/\/www.grandepremio.com\/br\/wp-content\/uploads\/2019\/07\/20197101839217_Formula-E-Evans-Roma-19_DMa.jpg\" alt=\"\" class=\"wp-image-363511\"\/><figcaption class=\"wp-element-caption\">Em 2019, a Jaguar conquistou sua primeira vit\u00f3ria na F\u00f3rmula E justamente em Roma (Foto: Jaguar)<\/figcaption><\/figure>\n\n\n\n<p class=\"wp-block-paragraph\"><strong>\u25b6\ufe0f&nbsp;Inscreva-se nos dois canais do GRANDE PR\u00caMIO no YouTube:&nbsp;<a href=\"https:\/\/www.youtube.com\/channel\/UC9OlHEgxoaY6QY6nWPoiqQg?sub_confirmation=1\" target=\"_blank\" rel=\"noreferrer noopener\">GP<\/a>&nbsp;|&nbsp;<a href=\"https:\/\/www.youtube.com\/channel\/UC9csiS6q_C3C0FYhyr1rnFA?sub_confirmation=1\" target=\"_blank\" rel=\"noreferrer noopener\">GP2<\/a><\/strong><\/p>\n\n\n\n<p class=\"wp-block-paragraph\">&#8220;Roma n\u00e3o \u00e9 apenas uma de nossas paradas preferidas no calend\u00e1rio, mas tamb\u00e9m um circuito fenomenal, um verdadeiro teste para carro e piloto. Com muito sucesso no passado, este local tamb\u00e9m possui um lugar especial nas mem\u00f3rias da equipe. Conseguimos grandes resultados, os f\u00e3s s\u00e3o apaixonados e conhecedores, e o design de um verdadeiro circuito de rua fornece um incr\u00edvel espet\u00e1culo nas corridas&#8221;, ressaltou Barclay.<\/p>\n\n\n\n<p class=\"wp-block-paragraph\">&#8220;Agora, mais do que nunca, todos na Jaguar entendem a miss\u00e3o \u2014 e estamos focados em fazer nosso melhor, para executar um fim de semana de sucesso. Gra\u00e7as a todo o trabalho da equipe nesta temporada, os dois t\u00edtulos mundiais est\u00e3o ao nosso alcance. Ent\u00e3o, estamos muito motivados e vamos continuar focados no objetivo, que \u00e9 conquistar o m\u00e1ximo poss\u00edvel de pontos&#8221;, finalizou.<\/p>\n\n\n\n<p class=\"wp-block-paragraph\">A pr\u00f3xima etapa da categoria \u00e9 justamente o&nbsp;<strong>eP de&nbsp;<a href=\"https:\/\/www.grandepremio.com\/br\/circuito\/roma\/\" target=\"_blank\" rel=\"noreferrer noopener\">Roma<\/a><\/strong>, programado para acontecer entre os dias 15 e 16 de julho. O&nbsp;<strong>GRANDE PR\u00caMIO<\/strong>, emissora oficial da&nbsp;<a href=\"https:\/\/www.grandepremio.com\/br\/formula-e\/\" target=\"_blank\" rel=\"noreferrer noopener\">F\u00f3rmula E<\/a>&nbsp;no Brasil, transmite todas as atividades de pista do fim de semana&nbsp;<strong>AO VIVO e COM IMAGENS<\/strong>&nbsp;no&nbsp;<strong>YouTube&nbsp;<\/strong>e no&nbsp;<strong>Kwai<\/strong>.<\/p>\n\n\n\n<figure class=\"wp-block-embed is-type-video is-provider-youtube wp-block-embed-youtube wp-embed-aspect-16-9 wp-has-aspect-ratio\"><div class=\"wp-block-embed__wrapper\">\n<iframe loading=\"lazy\" title=\"J\u00e1 em forma\u00e7\u00e3o, futuro da F\u00f3rmula E passa por Felipe Drugovich | GP \u00e0s 10\" width=\"500\" height=\"281\" src=\"https:\/\/www.youtube.com\/embed\/MRPs8WqntpA?feature=oembed\" frameborder=\"0\" allow=\"accelerometer; autoplay; clipboard-write; encrypted-media; gyroscope; picture-in-picture; web-share\" referrerpolicy=\"strict-origin-when-cross-origin\" allowfullscreen><\/iframe>\n<\/div><\/figure>\n","protected":false},"excerpt":{"rendered":"<p>Maior vencedor do eP de Roma na hist\u00f3ria da F\u00f3rmula E, Mitch Evans destacou hist\u00f3rico positivo da Jaguar no local, mas admitiu que a estreia do carro Gen3 no circuito ainda traz alguns pontos de interroga\u00e7\u00e3o<\/p>\n","protected":false},"author":0,"featured_media":1000665155,"comment_status":"closed","ping_status":"closed","sticky":false,"template":"","format":"standard","meta":{"42wp_featured_image_caption":"","42wp_featured_image_credits":"","42wp_featured_video":"","42wp_featured_image_hidden":false,"42wp_authors_list":[],"footnotes":""},"categories":[19],"tags":[28679,6853,33229,5378,379,30779,840,31435,1601,1491,30103,28285,910,909],"42wp_author":[47142],"class_list":["post-101214","post","type-post","status-publish","format-standard","has-post-thumbnail","hentry","category-formula-e","tag-calendario-formula-e","tag-classificacao-formula-e","tag-ep-de-portland","tag-ep-de-roma","tag-fe","tag-fe-2023","tag-formula-e","tag-formula-e-2023","tag-gen3","tag-grande-premio","tag-grande-premio-f1","tag-grandepremio","tag-jaguar","tag-mitch-evans","42wp_author-jp-nascimento"],"_links":{"self":[{"href":"https:\/\/grandepremio.com\/br\/wp-json\/wp\/v2\/posts\/101214","targetHints":{"allow":["GET"]}}],"collection":[{"href":"https:\/\/grandepremio.com\/br\/wp-json\/wp\/v2\/posts"}],"about":[{"href":"https:\/\/grandepremio.com\/br\/wp-json\/wp\/v2\/types\/post"}],"replies":[{"embeddable":true,"href":"https:\/\/grandepremio.com\/br\/wp-json\/wp\/v2\/comments?post=101214"}],"version-history":[{"count":0,"href":"https:\/\/grandepremio.com\/br\/wp-json\/wp\/v2\/posts\/101214\/revisions"}],"wp:featuredmedia":[{"embeddable":true,"href":"https:\/\/grandepremio.com\/br\/wp-json\/wp\/v2\/media\/1000665155"}],"wp:attachment":[{"href":"https:\/\/grandepremio.com\/br\/wp-json\/wp\/v2\/media?parent=101214"}],"wp:term":[{"taxonomy":"category","embeddable":true,"href":"https:\/\/grandepremio.com\/br\/wp-json\/wp\/v2\/categories?post=101214"},{"taxonomy":"post_tag","embeddable":true,"href":"https:\/\/grandepremio.com\/br\/wp-json\/wp\/v2\/tags?post=101214"},{"taxonomy":"42wp_author","embeddable":true,"href":"https:\/\/grandepremio.com\/br\/wp-json\/wp\/v2\/42wp_author?post=101214"}],"curies":[{"name":"wp","href":"https:\/\/api.w.org\/{rel}","templated":true}]}}