{"id":101216,"date":"2023-07-11T10:31:29","date_gmt":"2023-07-11T13:31:29","guid":{"rendered":"https:\/\/grandepremio.com\/br\/noticias\/fernando-alonso-preocupacao-evolucao-aston-martin-jamais-sonhavamos-estar-aqui\/"},"modified":"2023-07-11T10:42:25","modified_gmt":"2023-07-11T13:42:25","slug":"fernando-alonso-preocupacao-evolucao-aston-martin-jamais-sonhavamos-estar-aqui","status":"publish","type":"post","link":"https:\/\/grandepremio.com\/br\/f1\/fernando-alonso-preocupacao-evolucao-aston-martin-jamais-sonhavamos-estar-aqui\/","title":{"rendered":"Alonso nega preocupa\u00e7\u00e3o com evolu\u00e7\u00e3o da Aston Martin: &#8220;Jamais sonh\u00e1vamos estar aqui&#8221;"},"content":{"rendered":"\n<p class=\"wp-block-paragraph\">Depois de seis p\u00f3dios nas oito primeiras corridas da <strong>temporada 2023 da F\u00f3rmula 1<\/strong>, ver <strong>Fernando Alonso<\/strong> fora do top-3 pelo segundo GP seguido j\u00e1 causa estranheza, tanto que o espanhol foi questionado ap\u00f3s ser apenas s\u00e9timo no <strong>GP da Inglaterra<\/strong> se o desenvolvimento da <strong>Aston Martin<\/strong> era um fator preocupante. Mas o bicampe\u00e3o tratou de lembrar que a equipe de <strong>Silverstone <\/strong>jamais imaginou no in\u00edcio do ano que brigaria pelo posto de segunda for\u00e7a do campeonato, portanto esse \u00e9 um tema que &#8220;n\u00e3o o estressa&#8221;.<\/p>\n\n\n\n<p class=\"wp-block-paragraph\">Alonso foi bastante consciente em sua an\u00e1lise, destacando que desde os treinos livres de sexta-feira, a Aston Martin n\u00e3o foi suficientemente r\u00e1pida em nenhuma sess\u00e3o, e isso se repetiu na corrida. Foi preciso compensar a falta de performance na estrat\u00e9gia para conseguir um resultado melhor, tanto que o #14 viu o s\u00e9timo lugar como &#8220;uma posi\u00e7\u00e3o talvez um pouco mais alta do que o ritmo que t\u00ednhamos&#8221;.<\/p>\n\n\n\n<p class=\"wp-block-paragraph\"><strong>\u25b6\ufe0f\u00a0Inscreva-se nos dois canais do GRANDE PR\u00caMIO no YouTube:\u00a0<a href=\"https:\/\/www.youtube.com\/channel\/UC9OlHEgxoaY6QY6nWPoiqQg?sub_confirmation=1\" target=\"_blank\" rel=\"noreferrer noopener\">GP<\/a>\u00a0|\u00a0<a href=\"https:\/\/www.youtube.com\/channel\/UC9csiS6q_C3C0FYhyr1rnFA?sub_confirmation=1\" target=\"_blank\" rel=\"noreferrer noopener\">GP2<\/a><\/strong><br><strong>\u25b6\ufe0f\u00a0<a href=\"https:\/\/www.twitch.tv\/grandepremio\" target=\"_blank\" rel=\"noreferrer noopener\">Conhe\u00e7a o canal do GRANDE PR\u00caMIO na Twitch clicando aqui!<\/a><\/strong><\/p>\n\n\n\n<figure class=\"wp-block-image size-large\"><img decoding=\"async\" src=\"https:\/\/www.grandepremio.com\/br\/wp-content\/uploads\/2023\/07\/f1-2023-austria-sprint-astonmartin-114-1024x683.jpg\" alt=\"\" class=\"wp-image-702699\"\/><figcaption class=\"wp-element-caption\">Alonso ficou em s\u00e9timo na Inglaterra, mas elogiou o trabalho da Aston Martin (Foto: Aston Martin)<\/figcaption><\/figure>\n\n\n\n<p class=\"wp-block-paragraph\">&#8220;Lutamos um pouco com o ritmo, mas maximizamos a estrat\u00e9gia. Tentamos esticar o stint com os m\u00e9dios no in\u00edcio, e depois do safety-car, escolhemos o macio porque era uma perna curta no fim. Acho que foi uma boa estrat\u00e9gia, e gra\u00e7as a todas essas chamadas, conquistamos o s\u00e9timo lugar, posto talvez um pouco mais alto do que o ritmo que t\u00ednhamos&#8221;, declarou Alonso, atribuindo a queda do <strong>AMR23 <\/strong>a pequenas circunst\u00e2ncias.<\/p>\n\n\n\n<p class=\"wp-block-paragraph\">&#8220;Provavelmente \u00e9 um pouco de tudo. Menos progresso no sentido de que algumas equipes trouxeram atualiza\u00e7\u00f5es significativas. Particularidade da pista, acho que aqui n\u00e3o foi a melhor configura\u00e7\u00e3o para o pacote que temos&#8221;, analisou. <\/p>\n\n\n\n<p class=\"wp-block-paragraph\">&#8220;Temos de ver tamb\u00e9m os pneus, foi certamente a primeira corrida com essa nova constru\u00e7\u00e3o. Coisas que talvez ter\u00e3o de ser analisadas mais detalhadamente, mas, no geral, acho que salvamos um fim de semana muito dif\u00edcil. Espero que sejamos novamente competitivos na Hungria&#8221;, completou o espanhol, garantindo que o desenvolvimento n\u00e3o \u00e9 uma preocupa\u00e7\u00e3o, pelo contr\u00e1rio.<\/p>\n\n\n\n<p class=\"wp-block-paragraph\">&#8220;Sinceramente, n\u00e3o estou t\u00e3o estressado com o desenvolvimento. O carro est\u00e1 melhor do que o esperado para este ano. Estamos lutando por coisas que provavelmente nunca sonh\u00e1vamos no in\u00edcio. Agora, se conseguirmos ficar no top-10 e lutar com os caras da frente, \u00f3timo. Mas acho que temos de nos concentrar tamb\u00e9m no desenho a longo prazo&#8221;, seguiu.<\/p>\n\n\n\n<p class=\"wp-block-paragraph\">&#8220;N\u00e3o podemos ficar estressados todo fim de semana se formos s\u00e9timo ou quarto, ou se estivermos no p\u00f3dio. Precisamos ser muito pragm\u00e1ticos e estar muito relaxados em rela\u00e7\u00e3o ao nosso desempenho. Se algu\u00e9m for mais r\u00e1pido do que n\u00f3s, n\u00e3o podemos fazer nada. S\u00f3 precisamos entender, precisamos aprender com o que estamos fazendo e, de certa forma, ficar felizes com a posi\u00e7\u00e3o que estamos, felizes com o s\u00e9timo lugar, pois est\u00e1vamos mortos aqui no ano passado&#8221;, concluiu Alonso.<\/p>\n\n\n\n<figure class=\"wp-block-embed is-type-video is-provider-youtube wp-block-embed-youtube wp-embed-aspect-16-9 wp-has-aspect-ratio\"><div class=\"wp-block-embed__wrapper\">\n<iframe loading=\"lazy\" title=\"Verstappen vence F\u00c1CIL na F1 em Silverstone. NORRIS rouba cena | Paddock GP #337\" width=\"500\" height=\"281\" src=\"https:\/\/www.youtube.com\/embed\/-aMmUH9LQeU?feature=oembed\" frameborder=\"0\" allow=\"accelerometer; autoplay; clipboard-write; encrypted-media; gyroscope; picture-in-picture; web-share\" referrerpolicy=\"strict-origin-when-cross-origin\" allowfullscreen><\/iframe>\n<\/div><\/figure>\n","protected":false},"excerpt":{"rendered":"<p>Fernando Alonso garantiu que a aparente queda de performance da Aston Martin nas duas \u00faltimas etapas da F1 2023 n\u00e3o \u00e9 algo que o preocupa, afinal, a equipe hoje luta por coisas que jamais sonhou no in\u00edcio da temporada<\/p>\n","protected":false},"author":0,"featured_media":1000706220,"comment_status":"closed","ping_status":"closed","sticky":false,"template":"","format":"standard","meta":{"42wp_featured_image_caption":"","42wp_featured_image_credits":"","42wp_featured_video":"","42wp_featured_image_hidden":false,"42wp_authors_list":[],"footnotes":""},"categories":[2],"tags":[309,26271,5273,147,6533,176,180,30722,1505,1491,28285,30840,897,4361,3632,35630,31927,31447],"42wp_author":[47147],"class_list":["post-101216","post","type-post","status-publish","format-standard","has-post-thumbnail","hentry","category-f1","tag-aston-martin","tag-calendario-f1","tag-classificacao-f1","tag-f1","tag-f1-2023","tag-fernando-alonso","tag-formula-1","tag-formula-1-2023","tag-gp-da-inglaterra","tag-grande-premio","tag-grandepremio","tag-horarios-f1","tag-inglaterra","tag-inglaterra-f1","tag-silverstone","tag-silverstone-2023","tag-silverstone-f1","tag-temporada-2023-f1","42wp_author-luana-marino"],"_links":{"self":[{"href":"https:\/\/grandepremio.com\/br\/wp-json\/wp\/v2\/posts\/101216","targetHints":{"allow":["GET"]}}],"collection":[{"href":"https:\/\/grandepremio.com\/br\/wp-json\/wp\/v2\/posts"}],"about":[{"href":"https:\/\/grandepremio.com\/br\/wp-json\/wp\/v2\/types\/post"}],"replies":[{"embeddable":true,"href":"https:\/\/grandepremio.com\/br\/wp-json\/wp\/v2\/comments?post=101216"}],"version-history":[{"count":0,"href":"https:\/\/grandepremio.com\/br\/wp-json\/wp\/v2\/posts\/101216\/revisions"}],"wp:featuredmedia":[{"embeddable":true,"href":"https:\/\/grandepremio.com\/br\/wp-json\/wp\/v2\/media\/1000706220"}],"wp:attachment":[{"href":"https:\/\/grandepremio.com\/br\/wp-json\/wp\/v2\/media?parent=101216"}],"wp:term":[{"taxonomy":"category","embeddable":true,"href":"https:\/\/grandepremio.com\/br\/wp-json\/wp\/v2\/categories?post=101216"},{"taxonomy":"post_tag","embeddable":true,"href":"https:\/\/grandepremio.com\/br\/wp-json\/wp\/v2\/tags?post=101216"},{"taxonomy":"42wp_author","embeddable":true,"href":"https:\/\/grandepremio.com\/br\/wp-json\/wp\/v2\/42wp_author?post=101216"}],"curies":[{"name":"wp","href":"https:\/\/api.w.org\/{rel}","templated":true}]}}